{"id":141170,"date":"2025-05-31T07:47:08","date_gmt":"2025-05-31T07:47:08","guid":{"rendered":"https:\/\/www.europesays.com\/fr\/141170\/"},"modified":"2025-05-31T07:47:08","modified_gmt":"2025-05-31T07:47:08","slug":"un-conducteur-positif-a-lalcool-et-aux-stupefiants-provoque-un-violent-accident-a-un-peage","status":"publish","type":"post","link":"https:\/\/www.europesays.com\/fr\/141170\/","title":{"rendered":"un conducteur positif \u00e0 l\u2019alcool et aux stup\u00e9fiants provoque un violent accident \u00e0 un p\u00e9age"},"content":{"rendered":"<p itemprop=\"description\"><strong>Un violent accident de la route a impliqu\u00e9 deux v\u00e9hicules \u00e0 hauteur du p\u00e9age de Voreppe, pr\u00e8s de Grenoble, ce mercredi.<\/strong><\/p>\n<p class=\"MsoNormal\" style=\"caret-color: #212121; color: #212121; font-size: 12pt; font-style: normal; font-variant-caps: normal; font-weight: 400; letter-spacing: normal; orphans: auto; text-align: start; text-indent: 0px; text-transform: none; white-space: normal; widows: auto; word-spacing: 0px; -webkit-text-stroke-width: 0px; text-decoration: none; margin: 0cm 0cm 8pt; line-height: 18.4px; font-family: Calibri, sans-serif;\">Mercredi soir, aux alentours de 21h30, un s\u00e9rieux accident de la route s\u2019est produit au niveau de la barri\u00e8re de p\u00e9age de Voreppe (Is\u00e8re), dans le sens Grenoble-Lyon de l\u2019autoroute A48.<\/p>\n<p class=\"MsoNormal\" style=\"caret-color: #212121; color: #212121; font-size: 12pt; font-style: normal; font-variant-caps: normal; font-weight: 400; letter-spacing: normal; orphans: auto; text-align: start; text-indent: 0px; text-transform: none; white-space: normal; widows: auto; word-spacing: 0px; -webkit-text-stroke-width: 0px; text-decoration: none; margin: 0cm 0cm 8pt; line-height: 18.4px; font-family: Calibri, sans-serif;\">D\u2019apr\u00e8s les informations du Dauphin\u00e9 Lib\u00e9r\u00e9, un v\u00e9hicule se serait encastr\u00e9 \u00e0 l\u2019arri\u00e8re d\u2019une autre voiture \u00e0 l\u2019arr\u00eat. Le conducteur de cette derni\u00e8re \u00e9tait en train de r\u00e9cup\u00e9rer son ticket d\u2019autoroute. \u00c2g\u00e9 de 26 ans et originaire de Lyon, il s\u2019en serait miraculeusement sorti avec de l\u00e9g\u00e8res blessures.<\/p>\n<p class=\"MsoNormal\" style=\"caret-color: #212121; color: #212121; font-size: 12pt; font-style: normal; font-variant-caps: normal; font-weight: 400; letter-spacing: normal; orphans: auto; text-align: start; text-indent: 0px; text-transform: none; white-space: normal; widows: auto; word-spacing: 0px; -webkit-text-stroke-width: 0px; text-decoration: none; margin: 0cm 0cm 8pt; line-height: 18.4px; font-family: Calibri, sans-serif;\">En revanche, le conducteur de la voiture qui a caus\u00e9 l\u2019accident, \u00e2g\u00e9 de 42 ans, a \u00e9t\u00e9 hospitalis\u00e9 en urgence absolue \u00e0 cause de blessures graves au bassin. Son passager a \u00e9galement \u00e9t\u00e9 hospitalis\u00e9 pour des l\u00e9g\u00e8res blessures.<\/p>\n<p class=\"MsoNormal\" style=\"caret-color: #212121; color: #212121; font-size: 12pt; font-style: normal; font-variant-caps: normal; font-weight: 400; letter-spacing: normal; orphans: auto; text-align: start; text-indent: 0px; text-transform: none; white-space: normal; widows: auto; word-spacing: 0px; -webkit-text-stroke-width: 0px; text-decoration: none; margin: 0cm 0cm 8pt; line-height: 18.4px; font-family: Calibri, sans-serif;\">Toujours selon le m\u00e9dia local, les deux conducteurs ont \u00e9t\u00e9 test\u00e9s positifs \u00e0 l\u2019alcool et aux stup\u00e9fiants. Une enqu\u00eate a \u00e9t\u00e9 ouverte par les gendarmes du peloton motoris\u00e9 de Rives.<\/p>\n","protected":false},"excerpt":{"rendered":"Un violent accident de la route a impliqu\u00e9 deux v\u00e9hicules \u00e0 hauteur du p\u00e9age de Voreppe, pr\u00e8s de&hellip;\n","protected":false},"author":2,"featured_media":141171,"comment_status":"","ping_status":"","sticky":false,"template":"","format":"standard","meta":{"footnotes":""},"categories":[9566],"tags":[1111,11,7733,8279,2430,7736,650,7734,2889,2263,1777,674,1011,27,2731,8280,6417,1114,108,4662,12,3725,1825,25,7737],"class_list":{"0":"post-141170","1":"post","2":"type-post","3":"status-publish","4":"format-standard","5":"has-post-thumbnail","7":"category-grenoble","8":"tag-actu","9":"tag-actualites","10":"tag-alpes","11":"tag-alpes1","12":"tag-auvergne-rhone-alpes","13":"tag-cds","14":"tag-cinema","15":"tag-ecoute","16":"tag-emission","17":"tag-equipe","18":"tag-eu","19":"tag-europe","20":"tag-fr","21":"tag-france","22":"tag-grenoble","23":"tag-haute","24":"tag-information","25":"tag-infos","26":"tag-isere","27":"tag-journal","28":"tag-news","29":"tag-podcast","30":"tag-radio","31":"tag-republique-francaise","32":"tag-winamp"},"share_on_mastodon":{"url":"https:\/\/pubeurope.com\/@fr\/114601344819031273","error":""},"_links":{"self":[{"href":"https:\/\/www.europesays.com\/fr\/wp-json\/wp\/v2\/posts\/141170","targetHints":{"allow":["GET"]}}],"collection":[{"href":"https:\/\/www.europesays.com\/fr\/wp-json\/wp\/v2\/posts"}],"about":[{"href":"https:\/\/www.europesays.com\/fr\/wp-json\/wp\/v2\/types\/post"}],"author":[{"embeddable":true,"href":"https:\/\/www.europesays.com\/fr\/wp-json\/wp\/v2\/users\/2"}],"replies":[{"embeddable":true,"href":"https:\/\/www.europesays.com\/fr\/wp-json\/wp\/v2\/comments?post=141170"}],"version-history":[{"count":0,"href":"https:\/\/www.europesays.com\/fr\/wp-json\/wp\/v2\/posts\/141170\/revisions"}],"wp:featuredmedia":[{"embeddable":true,"href":"https:\/\/www.europesays.com\/fr\/wp-json\/wp\/v2\/media\/141171"}],"wp:attachment":[{"href":"https:\/\/www.europesays.com\/fr\/wp-json\/wp\/v2\/media?parent=141170"}],"wp:term":[{"taxonomy":"category","embeddable":true,"href":"https:\/\/www.europesays.com\/fr\/wp-json\/wp\/v2\/categories?post=141170"},{"taxonomy":"post_tag","embeddable":true,"href":"https:\/\/www.europesays.com\/fr\/wp-json\/wp\/v2\/tags?post=141170"}],"curies":[{"name":"wp","href":"https:\/\/api.w.org\/{rel}","templated":true}]}}