{"id":141172,"date":"2025-05-31T07:48:14","date_gmt":"2025-05-31T07:48:14","guid":{"rendered":"https:\/\/www.europesays.com\/fr\/141172\/"},"modified":"2025-05-31T07:48:14","modified_gmt":"2025-05-31T07:48:14","slug":"est-ce-la-fin-de-la-zfe-a-grenoble","status":"publish","type":"post","link":"https:\/\/www.europesays.com\/fr\/141172\/","title":{"rendered":"EST-CE LA FIN DE LA ZFE \u00c0 GRENOBLE ?"},"content":{"rendered":"<p>Posted On 31 mai 2025 <\/p>\n<p style=\"text-align: justify;\">La ZFE \u00e0 Grenoble semble de plus en plus vou\u00e9e \u00e0 disparaitre, alors que les D\u00e9put\u00e9s ont vot\u00e9 sa suppression \u00e0 l&rsquo;Assembl\u00e9e Nationale et que le dispositif d&rsquo;accompagnement de la m\u00e9tropole a \u00e9t\u00e9 un flop total.<\/p>\n<p>LES D\u00c9PUT\u00c9S VOTENT LA FIN DES ZFE<\/p>\n<p style=\"text-align: justify;\">La fin des ZFE n&rsquo;a jamais paru aussi in\u00e9luctable. Apr\u00e8s un vote en commission en mars dernier qui le pr\u00e9figurait, les D\u00e9put\u00e9s <a target=\"_blank\" href=\"https:\/\/c.ledauphine.com\/transport\/2025\/05\/29\/fin-des-zones-a-faibles-emissions-une-application-tres-variable-selon-les-agglomerations\" rel=\"noopener\">ont vot\u00e9 cette semaine pour la suppression de ces dispositifs<\/a>, devenus outils de s\u00e9gr\u00e9gation sociale qui concernent encore une quarantaine d&rsquo;agglom\u00e9rations. Ce n&rsquo;est pas encore d\u00e9finitif puisqu&rsquo;il faut encore que les parlementaires adoptent le texte de loi d\u00e9finitif, mais on s&rsquo;en rapproche.<\/p>\n<p><a href=\"https:\/\/i0.wp.com\/grenoble-le-changement.fr\/wp-content\/uploads\/2025\/05\/marianne-zfe.png?ssl=1\" rel=\"lightbox[82300] noopener\" target=\"_blank\"><img loading=\"lazy\" decoding=\"async\" class=\" wp-image-82315 jetpack-lazy-image\" src=\"https:\/\/i0.wp.com\/grenoble-le-changement.fr\/wp-content\/uploads\/2025\/05\/marianne-zfe.png?resize=543%2C460&amp;ssl=1\" alt=\"\" width=\"543\" height=\"460\" data-recalc-dims=\"1\" data-lazy-src=\"https:\/\/www.europesays.com\/fr\/wp-content\/uploads\/2025\/05\/marianne-zfe.png\" \/><\/a>Capture d&rsquo;\u00e9cran <a target=\"_blank\" href=\"https:\/\/www.marianne.net\/societe\/ecologie\/separatisme-territorial-les-deputes-votent-la-suppression-des-zones-a-faibles-emissions-zfe\" rel=\"noopener\">Marianne<\/a><br \/>\nGRENOBLE AURAIT D\u00c9J\u00c0 PU ALL\u00c9GER SA ZFE&#8230;<\/p>\n<p style=\"text-align: justify;\">Ce serait une bonne nouvelle pour Grenoble, qui applique l&rsquo;une des ZFE les plus restrictives avec Paris et Lyon&#8230; alors que ces deux derni\u00e8res villes sont particuli\u00e8rement soumises \u00e0 la pollution de l&rsquo;air, d&rsquo;o\u00f9 une obligation de ZFE contraignante car elles d\u00e9passent les seuils. <a href=\"https:\/\/grenoble-le-changement.fr\/2023\/07\/15\/zfe-a-grenoble-lhypocrisie-des-verts\/\" target=\"_blank\" rel=\"noopener\">Ce n&rsquo;est plus le cas de Grenoble depuis pr\u00e8s de deux ans<\/a>. Mais malgr\u00e9 les demandes de l&rsquo;opposition en ce sens, les \u00e9lus des majorit\u00e9s d&rsquo;Eric Piolle et de Christophe Ferrari s&rsquo;y refusent.<\/p>\n<p>&#8230; MAIS LES PIOLLISTES ET LEURS ALLI\u00c9S PERSISTENT ET SIGNENT<\/p>\n<p style=\"text-align: justify;\">Ainsi d\u00e9but avril dernier, apr\u00e8s le vote en commission des D\u00e9put\u00e9s, <a href=\"https:\/\/grenoble-le-changement.fr\/2025\/04\/11\/zfe-linsupportable-hypocrisie-de-piolle-et-des-verts-lfi-a-grenoble\/\" target=\"_blank\" rel=\"noopener\">Piolle s&rsquo;invitait sur RMC pour faire la le\u00e7on<\/a> en expliquant que la ZFE serait \u00ab\u00a0un outil n\u00e9cessaire\u00a0\u00bb qui \u00ab\u00a0prot\u00e8ge les plus modestes\u00a0\u00bb. Des contresens complets, puisque le dispositif est plein de failles au niveau environnemental (classification Crit&rsquo;Air qui ne tient pas compte de la pollution r\u00e9elle du v\u00e9hicule, effet d&rsquo;externalisation de la pollution dans des pays pr\u00e9caires, acc\u00e9l\u00e9ration de l&rsquo;obsolescence du parc&#8230;)&#8230;<\/p>\n<p>UNE BOMBE ANTI SOCIALE&#8230;<\/p>\n<p style=\"text-align: justify;\">&#8230; et surtout, c&rsquo;est une v\u00e9ritable bombe sociale. <a href=\"https:\/\/grenoble-le-changement.fr\/2024\/11\/15\/zfe-75-000-voitures-sont-interdites-dentree-dans-la-metropole-le-1er-janvier\/\" target=\"_blank\" rel=\"noopener\">Les m\u00e9nages les plus modestes<\/a> sont les plus touch\u00e9s par la mesure puisqu&rsquo;ils ont les v\u00e9hicules les plus vieillissants et n&rsquo;ont pas forc\u00e9ment la capacit\u00e9 financi\u00e8re de racheter un nouveau v\u00e9hicule moins polluant. Les ZFE cr\u00e9ent de facto des zones auxquels les plus pr\u00e9caires n&rsquo;ont plus acc\u00e8s et c&rsquo;est pr\u00e9cis\u00e9ment l\u00e0 la motivation \u00e0 l&rsquo;origine du vote des parlementaires.<\/p>\n<p><a href=\"https:\/\/i1.wp.com\/grenoble-le-changement.fr\/wp-content\/uploads\/2025\/03\/montpellier-zfe.png?ssl=1\" rel=\"lightbox[82300] noopener\" target=\"_blank\"><img loading=\"lazy\" decoding=\"async\" class=\" wp-image-80608 jetpack-lazy-image\" src=\"https:\/\/i1.wp.com\/grenoble-le-changement.fr\/wp-content\/uploads\/2025\/03\/montpellier-zfe.png?resize=444%2C382&amp;ssl=1\" alt=\"\" width=\"444\" height=\"382\" data-recalc-dims=\"1\" data-lazy-src=\"https:\/\/www.europesays.com\/fr\/wp-content\/uploads\/2025\/05\/montpellier-zfe.png\" \/><\/a>D&rsquo;autres villes ont d\u00e9j\u00e0 fait le choix de r\u00e9trop\u00e9daler<br \/>\n&#8230; QUE LES VERTS VEULENT ENCORE PLUS RESTRICTIVES<\/p>\n<p style=\"text-align: justify;\">Le m\u00eame Eric Piolle reconnait pourtant que \u00ab\u00a0sans mesures sociales, \u00e9videmment que \u00e7a devient insupportable\u00a0\u00bb. Et en m\u00eame temps, \u00e0 Grenoble avec les \u00e9lus Verts\/LFI <a target=\"_blank\" href=\"https:\/\/www.ledauphine.com\/transport\/2022\/10\/20\/vincent-fristot-adjoint-a-la-ville-de-grenoble-nous-ne-voulons-pas-d-une-zfe-miniature\" rel=\"noopener\">il a tout fait pour rendre la ZFE encore plus contraignante<\/a> en d\u00e9fendant des mesures toujours plus restrictives, en s&rsquo;opposant \u00e0 tout report de calendrier et en fustigeant la moindre d\u00e9rogation. Tout pour plaire \u00e0 son \u00e9lectorat vert ais\u00e9 qui n&rsquo;a pas le souci de la fin du mois, et tant pis pour les plus pauvres.<\/p>\n<p>77% DE PROPRI\u00c9TAIRES DE V\u00c9HICULES \u00c9LIGIBLES AUX AIDES&#8230;<\/p>\n<p style=\"text-align: justify;\">Postures d&rsquo;autant plus anti sociales que le dispositif d&rsquo;accompagnement des m\u00e9nages au changement de v\u00e9hicule mis en place par la m\u00e9tropole a \u00e9t\u00e9 un \u00e9chec cuisant, comme le rel\u00e8ve <a target=\"_blank\" href=\"https:\/\/c.ledauphine.com\/transport\/2025\/05\/23\/isere-grenoble-zfe-pourquoi-le-dispositif-d-accompagnement-a-fait-flop\" rel=\"noopener\">le journaliste du Dauphin\u00e9 Jean-Benoit Vigny<\/a>. Il y a deux ans, la m\u00e9tro lan\u00e7ait en grande pompe ce dispositif en expliquant que la ZFE serait quasi indolore puisque 77% des propri\u00e9taires de v\u00e9hicules concern\u00e9s par l&rsquo;interdiction de rouler seraient \u00e9ligibles \u00e0 des aides.<\/p>\n<p>&#8230; MAIS \u00c0 PEINE 400 Y ONT EU RECOURS !<\/p>\n<p style=\"text-align: justify;\">Donc plusieurs dizaines de milliers de personnes qui y ont th\u00e9oriquement droit. Et au final, selon les derniers chiffres pr\u00e9sent\u00e9s en conseil syndical du SMMAG (syndicat des mobilit\u00e9s) : \u00ab\u00a0109 cartes pr\u00e9pay\u00e9es (pour les transports en commun) ont \u00e9t\u00e9 d\u00e9livr\u00e9es et un peu plus de 300 aides au renouvellement de v\u00e9hicule\u00a0\u00bb (<a target=\"_blank\" href=\"https:\/\/c.ledauphine.com\/transport\/2025\/05\/23\/isere-grenoble-zfe-pourquoi-le-dispositif-d-accompagnement-a-fait-flop\" rel=\"noopener\">DL 23\/05\/25<\/a>). Un peu plus de 400 personnes accompagn\u00e9e au total en deux ans. Quel succ\u00e8s.<\/p>\n<p>DE NOMBREUX CONCERN\u00c9S EXCLUS\u00a0<\/p>\n<p style=\"text-align: justify;\">L&rsquo;une des raisons avanc\u00e9es par Sylvain Laval, Pr\u00e9sident du SMMAG, tient au fait que le dispositif est mal calibr\u00e9 : il ne concerne que les habitants de la m\u00e9tropole, alors que nombre de propri\u00e9taires de v\u00e9hicules interdits dans les communes <a href=\"https:\/\/grenoble-le-changement.fr\/2025\/01\/27\/zfe-la-grogne-montre-contre-la-fausse-ecologie-vraiment-punitive\/\" target=\"_blank\" rel=\"noopener\">qui appliquent la ZFE habitent en dehors<\/a> (principalement dans le pays Voironnais et le Gr\u00e9sivaudan). Mais ce n&rsquo;est pas l&rsquo;unique explication puisque des milliers de m\u00e9tropolitains pourraient y avoir acc\u00e8s.<\/p>\n<p><a href=\"https:\/\/i2.wp.com\/grenoble-le-changement.fr\/wp-content\/uploads\/2025\/05\/entretien-zfe.png?ssl=1\" rel=\"lightbox[82300] noopener\" target=\"_blank\"><img loading=\"lazy\" decoding=\"async\" class=\" wp-image-82313 jetpack-lazy-image\" src=\"https:\/\/i2.wp.com\/grenoble-le-changement.fr\/wp-content\/uploads\/2025\/05\/entretien-zfe.png?resize=658%2C342&amp;ssl=1\" alt=\"\" width=\"658\" height=\"342\" data-recalc-dims=\"1\" data-lazy-src=\"https:\/\/www.europesays.com\/fr\/wp-content\/uploads\/2025\/05\/entretien-zfe.png\" \/><\/a>\u00ab\u00a0L&rsquo;entretien ZFE\u00a0\u00bb est obligatoire : de quoi d\u00e9courager pas mal de monde \u00e0 l&rsquo;heure du num\u00e9rique..<br \/>\nUNE USINE \u00c0 GAZ D\u00c9COURAGEANTE<\/p>\n<p style=\"text-align: justify;\">Le probl\u00e8me r\u00e9side surtout, comme avec la ZFE grenobloise en elle-m\u00eame qui est <a href=\"https:\/\/grenoble-le-changement.fr\/2023\/04\/08\/zfe-la-metropole-accouche-dune-usine-a-gaz\/\" target=\"_blank\" rel=\"noopener\">une usine \u00e0 gaz<\/a> de d\u00e9rogations et r\u00e8gles, <a target=\"_blank\" href=\"https:\/\/zfe.grenoblealpesmetropole.fr\/684-aides-et-parcours.htm\" rel=\"noopener\">en la complexit\u00e9 du dispositif<\/a> pour toucher des aides : il faut d&rsquo;abord un entretien obligatoire avec un conseiller, r\u00e9pondre \u00e0 des crit\u00e8res de revenus, poss\u00e9der le v\u00e9hicule depuis plus d&rsquo;un an, puis il faudra s&rsquo;engager \u00e0 l&rsquo;abandonner avec diff\u00e9rentes voies avec avec des aides pour le changer, ou pour prendre les transports en commun, modul\u00e9es sur plusieurs ann\u00e9es&#8230;\u00a0<\/p>\n<p>\u00c9VITER UNE CRISE SOCIALE<\/p>\n<p style=\"text-align: justify;\">Pourquoi faire simple quand on peut faire compliqu\u00e9. Le chemin d&rsquo;aides cr\u00e9\u00e9 par la m\u00e9tropole, mal connu et d\u00e9courageant, n&rsquo;aura pas du tout aid\u00e9 \u00e0 r\u00e9soudre la probl\u00e9matique sociale que cr\u00e9\u00e9 la ZFE. Si les parlementaires confirment leur vote dans les prochaines semaines, ce ne sera heureusement plus un sujet. Et dans le cas o\u00f9 l&rsquo;Assembl\u00e9e ferait marche arri\u00e8re, le leader de l&rsquo;opposition Alain Carignon s&rsquo;est engag\u00e9 \u00e0 mettre fin \u00e0 la ZFE qui interdit les Crit&rsquo;Air 3 d\u00e8s l&rsquo;an prochain en cas d&rsquo;\u00e9lection. Affaire \u00e0 suivre.<\/p>\n<p>\u00a0<\/p>\n","protected":false},"excerpt":{"rendered":"Posted On 31 mai 2025 La ZFE \u00e0 Grenoble semble de plus en plus vou\u00e9e \u00e0 disparaitre, alors&hellip;\n","protected":false},"author":2,"featured_media":141173,"comment_status":"","ping_status":"","sticky":false,"template":"","format":"standard","meta":{"footnotes":""},"categories":[9566],"tags":[1111,11,9601,2430,9604,9607,1777,674,1011,27,2731,10307,12,25,13026],"class_list":{"0":"post-141172","1":"post","2":"type-post","3":"status-publish","4":"format-standard","5":"has-post-thumbnail","7":"category-grenoble","8":"tag-actu","9":"tag-actualites","10":"tag-alain-carignon","11":"tag-auvergne-rhone-alpes","12":"tag-christophe-ferrari","13":"tag-eric-piolle","14":"tag-eu","15":"tag-europe","16":"tag-fr","17":"tag-france","18":"tag-grenoble","19":"tag-jean-benoit-vigny","20":"tag-news","21":"tag-republique-francaise","22":"tag-sylvain-laval"},"share_on_mastodon":{"url":"https:\/\/pubeurope.com\/@fr\/114601348591492472","error":""},"_links":{"self":[{"href":"https:\/\/www.europesays.com\/fr\/wp-json\/wp\/v2\/posts\/141172","targetHints":{"allow":["GET"]}}],"collection":[{"href":"https:\/\/www.europesays.com\/fr\/wp-json\/wp\/v2\/posts"}],"about":[{"href":"https:\/\/www.europesays.com\/fr\/wp-json\/wp\/v2\/types\/post"}],"author":[{"embeddable":true,"href":"https:\/\/www.europesays.com\/fr\/wp-json\/wp\/v2\/users\/2"}],"replies":[{"embeddable":true,"href":"https:\/\/www.europesays.com\/fr\/wp-json\/wp\/v2\/comments?post=141172"}],"version-history":[{"count":0,"href":"https:\/\/www.europesays.com\/fr\/wp-json\/wp\/v2\/posts\/141172\/revisions"}],"wp:featuredmedia":[{"embeddable":true,"href":"https:\/\/www.europesays.com\/fr\/wp-json\/wp\/v2\/media\/141173"}],"wp:attachment":[{"href":"https:\/\/www.europesays.com\/fr\/wp-json\/wp\/v2\/media?parent=141172"}],"wp:term":[{"taxonomy":"category","embeddable":true,"href":"https:\/\/www.europesays.com\/fr\/wp-json\/wp\/v2\/categories?post=141172"},{"taxonomy":"post_tag","embeddable":true,"href":"https:\/\/www.europesays.com\/fr\/wp-json\/wp\/v2\/tags?post=141172"}],"curies":[{"name":"wp","href":"https:\/\/api.w.org\/{rel}","templated":true}]}}