{"id":141174,"date":"2025-05-31T07:50:09","date_gmt":"2025-05-31T07:50:09","guid":{"rendered":"https:\/\/www.europesays.com\/fr\/141174\/"},"modified":"2025-05-31T07:50:09","modified_gmt":"2025-05-31T07:50:09","slug":"rennes-fight-night-fait-son-retour-avec-trois-disciplines-spectaculaires-et-des-combattants-renommes","status":"publish","type":"post","link":"https:\/\/www.europesays.com\/fr\/141174\/","title":{"rendered":"Rennes Fight Night fait son retour avec \u00ab\u00a0trois disciplines spectaculaires\u00a0\u00bb et des combattants renomm\u00e9s"},"content":{"rendered":"<p>            Par<br \/>\n        <strong><br \/>\n            <a href=\"https:\/\/actu.fr\/auteur\/lou-batteux\" title=\"Consulter tous les articles de Lou Batteux\" target=\"_blank\" rel=\"noopener\">Lou Batteux<\/a><br \/>\n        <\/strong><\/p>\n<p>        Publi\u00e9 le<\/p>\n<p>            31 mai 2025 \u00e0 9h23        <\/p>\n<p>Apre\u0300s <a href=\"https:\/\/actu.fr\/bretagne\/rennes_35238\/une-soiree-de-combats-explosifs-pour-la-1re-edition-de-rennes-fight-night-a-quoi-s-attendre_61753192.html\" target=\"_blank\" rel=\"noopener\">une premie\u0300re e\u0301dition\u00a0\u00ab\u00a0couronne\u0301e de succe\u0300s\u00a0\u00bb en novembre 2024<\/a>, l\u2019\u00e9v\u00e8nement qui a d\u00e9j\u00e0 r\u00e9uni <strong>plus de 1 200 spectateurs \u00e0 Rennes<\/strong> revient pour un second round le <strong>samedi 7 juin 2025<\/strong>, \u00e0 partir de 18h, aux <strong>Cadets de Bretagne<\/strong>, le complexe sportif situ\u00e9 au 139, rue d\u2019Antrain.<\/p>\n<p>24 combattantes et combattants pour trois sports de combat<\/p>\n<p class=\" wall-content\">Tout comme la premi\u00e8re fois, Rennes Fight Night (RFN) propose \u00ab\u00a0une soire\u0301e place\u0301e sous le signe de la performance\u00a0\u00bb avec un spectacle mettant en avant <strong>trois sports de combat diff\u00e9rents<\/strong> : boxe thai\u0308, K-1 (kick-boxing japonais) et MMA.<\/p>\n<p class=\" wall-content\">Cet \u00e9t\u00e9, l\u2019\u00e9v\u00e8nement allie \u00ab\u00a0affrontements amateurs et combats professionnels\u00a0\u00bb. Au total, <strong>24 combattantes et combattants<\/strong>, issus de ces trois disciplines, monteront sur le ring.<\/p>\n<blockquote class=\"ac-article-quote wall-content\">\n<p>Notre ambition est claire : mettre en lumie\u0300re les talents actuels et ceux de demain, tout en montrant la richesse et la technicite\u0301 de ces trois disciplines spectaculaires.<\/p>\n<p>    <strong>Organisateurs de Rennes Fight Night<\/strong>\n            <\/p><\/blockquote>\n<p>Des performeurs internationaux<\/p>\n<p class=\" wall-content\">En effet, en plus des <strong>t\u00eates d\u2019affiches locales<\/strong>, le ring accueillera des <strong>athle\u0300tes de haut niveau, reconnus \u00e0 l\u2019international<\/strong> dont :<\/p>\n<p>Vid\u00e9os : en ce moment sur Actu<\/p>\n<ul class=\" wall-content\">\n<li><strong>LAMATAKI Se\u0301galei\u0308<\/strong>, championne de Bretagne de boxe tha\u00ef ;<\/li>\n<li><strong>GABELIA Luka<\/strong>, champion de France de pancrace amateur ;<\/li>\n<li><strong>WILLEY Hamish<\/strong>, phe\u0301nome\u0300ne international de boxe tha\u00ef ;<\/li>\n<li><strong>MERCIER Lissandre<\/strong>, champion d\u2019Europe de kickboxing et champion intercontinental.<\/li>\n<\/ul>\n<p class=\" wall-content\">Sp\u00e9cialement pour cette \u00e9dition 2025, le<strong> Premier Queen Tournament<\/strong> va \u00eatre lanc\u00e9. \u00c0 cette occasion, <strong>quatre combattantes f\u00e9minines de boxe thai\u0308 s\u2019affronteront<\/strong> dans un tournoi exclusif pour de\u0301crocher un titre.<\/p>\n<p>Rennes Fight Night aura lieu samedi 7 juin 2025 aux Cadets de Bretagne, au 139, rue d\u2019Antrain \u00e0 Rennes. Les portes ouvriront \u00e0 18h et les combats d\u00e9buteront \u00e0 18h30. R\u00e9servez votre place sur <a href=\"https:\/\/my.weezevent.com\/rennes-fight-night-1\" target=\"_blank\" rel=\"noopener\">la billetterie en ligne<\/a>. Pour plus d\u2019informations, rendez-vous sur <a href=\"https:\/\/www.instagram.com\/rennesfightnight_\/\" target=\"_blank\" rel=\"noopener\">le compte Instagram @rennesfightnight_<\/a>.<\/p>\n<p class=\" wall-content\">Suivez toute l\u2019actualit\u00e9 de vos villes et m\u00e9dias favoris en vous inscrivant \u00e0 <a href=\"https:\/\/moncompte.actu.fr\" title=\"D\u00e9couvez Mon Actu\" rel=\"nofollow noopener\" data-trk=\"{&quot;cta&quot;:{&quot;action&quot;:&quot;https:\\\/\\\/moncompte.actu.fr&quot;,&quot;category&quot;:&quot;mon compte&quot;,&quot;from&quot;:&quot;article footer&quot;,&quot;name&quot;:&quot;Mon actu&quot;,&quot;type&quot;:&quot;cta&quot;}}\" target=\"_blank\">Mon Actu<\/a>.<\/p>\n<p>                    <script async src=\"\/\/www.instagram.com\/embed.js\"><\/script><\/p>\n","protected":false},"excerpt":{"rendered":"Par Lou Batteux Publi\u00e9 le 31 mai 2025 \u00e0 9h23 Apre\u0300s une premie\u0300re e\u0301dition\u00a0\u00ab\u00a0couronne\u0301e de succe\u0300s\u00a0\u00bb en novembre&hellip;\n","protected":false},"author":2,"featured_media":141175,"comment_status":"","ping_status":"","sticky":false,"template":"","format":"standard","meta":{"footnotes":""},"categories":[2821],"tags":[1111,11,829,1777,674,3696,1011,27,1847,12,584,25,853,517],"class_list":{"0":"post-141174","1":"post","2":"type-post","3":"status-publish","4":"format-standard","5":"has-post-thumbnail","7":"category-rennes","8":"tag-actu","9":"tag-actualites","10":"tag-bretagne","11":"tag-eu","12":"tag-europe","13":"tag-evenements","14":"tag-fr","15":"tag-france","16":"tag-mma","17":"tag-news","18":"tag-rennes","19":"tag-republique-francaise","20":"tag-spectacles","21":"tag-sport"},"share_on_mastodon":{"url":"https:\/\/pubeurope.com\/@fr\/114601356386033364","error":""},"_links":{"self":[{"href":"https:\/\/www.europesays.com\/fr\/wp-json\/wp\/v2\/posts\/141174","targetHints":{"allow":["GET"]}}],"collection":[{"href":"https:\/\/www.europesays.com\/fr\/wp-json\/wp\/v2\/posts"}],"about":[{"href":"https:\/\/www.europesays.com\/fr\/wp-json\/wp\/v2\/types\/post"}],"author":[{"embeddable":true,"href":"https:\/\/www.europesays.com\/fr\/wp-json\/wp\/v2\/users\/2"}],"replies":[{"embeddable":true,"href":"https:\/\/www.europesays.com\/fr\/wp-json\/wp\/v2\/comments?post=141174"}],"version-history":[{"count":0,"href":"https:\/\/www.europesays.com\/fr\/wp-json\/wp\/v2\/posts\/141174\/revisions"}],"wp:featuredmedia":[{"embeddable":true,"href":"https:\/\/www.europesays.com\/fr\/wp-json\/wp\/v2\/media\/141175"}],"wp:attachment":[{"href":"https:\/\/www.europesays.com\/fr\/wp-json\/wp\/v2\/media?parent=141174"}],"wp:term":[{"taxonomy":"category","embeddable":true,"href":"https:\/\/www.europesays.com\/fr\/wp-json\/wp\/v2\/categories?post=141174"},{"taxonomy":"post_tag","embeddable":true,"href":"https:\/\/www.europesays.com\/fr\/wp-json\/wp\/v2\/tags?post=141174"}],"curies":[{"name":"wp","href":"https:\/\/api.w.org\/{rel}","templated":true}]}}