{"id":141177,"date":"2025-05-31T07:53:09","date_gmt":"2025-05-31T07:53:09","guid":{"rendered":"https:\/\/www.europesays.com\/fr\/141177\/"},"modified":"2025-05-31T07:53:09","modified_gmt":"2025-05-31T07:53:09","slug":"cette-statue-est-destinee-a-rester-malgre-les-attaques-en-justice-christian-estrosi-compte-bien-garder-la-sculpture-de-jeanne-darc-a-nice","status":"publish","type":"post","link":"https:\/\/www.europesays.com\/fr\/141177\/","title":{"rendered":"\u00ab\u00a0Cette statue est destin\u00e9e \u00e0 rester\u00a0\u00bb : malgr\u00e9 les attaques en justice, Christian Estrosi compte bien garder la sculpture de Jeanne d\u2019Arc \u00e0 Nice"},"content":{"rendered":"<p>\u00ab\u00a0Cette statue est destin\u00e9e \u00e0 rester.\u00a0\u00bb Alors que le maire de Nice, Christian Estrosi, organisait ce vendredi 30 mai 2025 une c\u00e9r\u00e9monie sous la sculpture \u00e0 l\u2019effigie de Jeanne d\u2019Arc, devant l\u2019\u00e9glise du m\u00eame nom, il a prononc\u00e9 cette phrase, loin d\u2019\u00eatre anodine.<\/p>\n<p>L\u2019hommage &#8211; en ce jour de sainte Jeanne-d\u2019Arc &#8211; n\u2019avait en effet rien d\u2019anecdotique et r\u00e9sonnait comme une mise au point. Puisque, pour m\u00e9moire,<a href=\"https:\/\/www.nicematin.com\/vie-locale\/la-ville-de-nice-contrainte-de-demonter-la-statue-de-jeanne-d-arc-on-vous-resume-la-polemique-en-huit-actes-968306\" rel=\"nofollow noopener\" target=\"_blank\"> la commande publique<\/a> de fourniture de l\u2019\u0153uvre est attaqu\u00e9e devant la justice. Christian Estrosi a ainsi d\u00e9clam\u00e9 un discours clair et concis, martelant sa position tandis que la<a href=\"https:\/\/www.nicematin.com\/justice\/la-statue-de-jeanne-d-arc-deboulonnee-a-nice-son-sort-fait-debat-jusque-devant-la-cour-d-appel-986868\" rel=\"nofollow noopener\" target=\"_blank\"> cour d\u2019appel de Marseille<\/a> n\u2019a pas encore tranch\u00e9 sur le devenir de l\u2019\u0153uvre (1). D\u00e9boulonn\u00e9e ou pas?<\/p>\n<p>\u00ab\u00a0<a href=\"https:\/\/www.nicematin.com\/vie-locale\/la-ville-de-nice-contrainte-de-demonter-la-statue-de-jeanne-d-arc-les-aigris-visent-notre-mort-denonce-le-groupe-d-artistes-a-l-origine-de-l-oeuvre-968832\" rel=\"nofollow noopener\" target=\"_blank\">Quelle que soit l\u2019issue du contentieux<\/a>, je remercie cette mobilisation qui, derri\u00e8re<a href=\"https:\/\/www.nicematin.com\/justice\/un-prince-heritier-apparente-a-napoleon-et-un-ex-elu-proche-de-bayrou-qui-se-cache-derriere-la-cagnotte-pour-sauver-la-statue-de-jeanne-d-arc--969422\" rel=\"nofollow noopener\" target=\"_blank\"> Andr\u00e9 Barthe et Joachim Murat<\/a>, a amen\u00e9 <a href=\"https:\/\/www.nicematin.com\/justice\/une-souscription-lancee-pour-sauver-la-statue-de-jeanne-d-arc-a-nice-christian-estrosi-appelle-les-nicois-a-y-contribuer-968086\" rel=\"nofollow noopener\" target=\"_blank\">cette souscription<\/a> [qui vise 170.000 euros mais, pour l\u2019instant, en atteint le tiers (2)] \u00e0 pouvoir, le cas \u00e9ch\u00e9ant,<a href=\"https:\/\/www.leetchi.com\/fr\/c\/sauvons-jeanne-darc-1321074\" target=\"_blank\" rel=\"noopener nofollow\"> se substituer \u00e0 l\u2019engagement<\/a>\u00a0des\u00a0institutions de notre collectivit\u00e9 \u00e0 \u00e9riger cette statue, cette \u0153uvre d\u2019art.\u00a0\u00bb<\/p>\n<p>Le maire a ensuite convoqu\u00e9 l\u2019histoire: \u00ab\u00a0Il y a ceux qui disent que Jeanne d\u2019Arc n\u2019est pas ni\u00e7oise et qu\u2019en 1431, Nice n\u2019\u00e9tait pas la France. Comme si Nice n\u2019\u00e9tait pas profond\u00e9ment fran\u00e7aise. Comme si nous n\u2019avions pas embrass\u00e9 toute son histoire, toute sa mythologie en devenant fran\u00e7ais, il y a 150 ans. Je veux rappeler le premier acte des Ni\u00e7ois lorsqu\u2019ils ont choisi d\u2019adh\u00e9rer \u00e0 la France et de faire de Paris leur capitale: \u00e9riger l\u2019\u00e9glise Notre-Dame sur le mod\u00e8le de la cath\u00e9drale de Paris parce que Marie est la sainte protectrice de la France. Et donc, lorsque les Ni\u00e7ois ont choisi d\u2019embrasser la France, c\u2019est le premier geste symbolique qu\u2019ils ont accompli.\u00a0\u00bb<\/p>\n<blockquote>\n<p><strong>\u00ab\u00a0Je refuse qu\u2019elle soit le symbole de l\u2019extr\u00eame droite\u00a0\u00bb<\/strong><\/p>\n<\/blockquote>\n<p>Puis, r\u00e9pondant point par point aux autres critiques formul\u00e9es: \u00ab\u00a0Il y a ceux aussi qui consid\u00e8rent que regarder Jeanne d\u2019Arc, c\u2019est voir une sainte de l\u2019\u00c9glise catholique et qu\u2019au nom de la la\u00efcit\u00e9, il ne faudrait pas la c\u00e9l\u00e9brer. Comme si la la\u00efcit\u00e9, c\u2019\u00e9tait la haine des religions et de la foi. Comme si une sainte ne pouvait pas aussi \u00eatre une grande figure r\u00e9publicaine. Il y a ceux qui la trouvent trop guerri\u00e8re, ceux qui la trouvent trop femme. Comme si une France arm\u00e9e, puissante, fi\u00e8re d\u2019elle et de son histoire, \u00e9tait forc\u00e9ment une France belliqueuse. Et comme si une femme ne pouvait pas porter une certaine id\u00e9e de la r\u00e9sistance et de la France, les armes \u00e0 la main.\u00a0\u00bb<\/p>\n<p>Il poursuit, sur le m\u00eame ton: \u00ab\u00a0Il y a enfin ceux qui voient en Jeanne d\u2019Arc le porte-drapeau de l\u2019extr\u00eame droite. Comme si elle leur appartenait. Comme si l\u2019histoire de France leur appartenait. Je refuse qu\u2019elle soit le symbole de l\u2019extr\u00eame droite ce serait dire qu\u2019ils ont gagn\u00e9 la bataille des id\u00e9es et des valeurs. Selon moi, la grande le\u00e7on de Jeanne d\u2019Arc n\u2019est pas identitaire. Elle nous invite \u00e0 nous voir comme nous sommes, dans toutes nos diff\u00e9rences, \u00e0 faire l\u2019effort de d\u00e9passer ces diff\u00e9rences, ces oppositions, ces haines, pour nous reconna\u00eetre dans autre chose.\u00a0\u00bb<\/p>\n<p><strong>\u00ab\u00a0Le miroir des passions fran\u00e7aises\u00a0\u00bb<\/strong><\/p>\n<p>Apr\u00e8s la d\u00e9monstration, la conclusion: \u00ab\u00a0La v\u00e9rit\u00e9, c\u2019est que Jeanne d\u2019Arc, c\u2019est tout cela \u00e0 la fois. C\u2019est ce qui en fait un visage fid\u00e8le de notre pays. De ses fiert\u00e9s et de ses contradictions. De cette transcendance qui fait que, malgr\u00e9 tout, malgr\u00e9 toutes les diff\u00e9rences, la France est la France, unie et unique. Toutes ces r\u00e9actions ne disent rien de Jeanne d\u2019Arc mais beaucoup de notre \u00e9poque. (&#8230;) Au lieu de voir le symbole de rassemblement qui peut r\u00e9unir \u00e0 la fois les catholiques, les royalistes, les r\u00e9publicains, les Fran\u00e7ais d\u2019hier et ceux d\u2019aujourd\u2019hui, et au-del\u00e0 des catholiques toutes les religions, on se focalise sur ceux qui nous divisent. Eh bien, pas nous. Quand je pense \u00e0 Jeanne d\u2019Arc, c\u2019est Jacques Chirac que j\u2019entends dire \u00ab Jeanne d\u2019Arc appartient \u00e0 tous les Fran\u00e7ais\u00a0\u00bb. Je ne laisserai Jeanne d\u2019Arc ni aux uns, ni aux autres. J\u2019en fais un point d\u2019honneur et un symbole, car Jeanne d\u2019Arc a toujours \u00e9t\u00e9 le miroir des passions fran\u00e7aises. \u00bb Et c\u2019est peu dire: depuis la , les oppositions se cristallisent, le d\u00e9bat d\u00e9bordant tr\u00e8s largement de l\u2019aspect purement juridique pour d\u00e9raper all\u00e9grement sur la symbolique.<\/p>\n<p>1. En premi\u00e8re instance, le tribunal administratif, saisi par le pr\u00e9fet, avait annul\u00e9 la commande de 170.000 euros \u00e0 l\u2019atelier Missor, sans publicit\u00e9 ni mise en concurrence, de la monumentale (7 tonnes) sculpture. <strong>L\u2019affaire est d\u00e9sormais entre les mains de la cour d\u2019appel de Marseille<\/strong>, qui doit s\u2019y pencher d\u00e9but juillet. En parall\u00e8le, saisi par l\u2019\u00e9lu d\u2019opposition Jean-Christophe Picard, <strong>le parquet avait ouvert une enqu\u00eate p\u00e9nale.<\/strong><\/p>\n<p>2. L\u2019ex-\u00e9lu et l\u2019aristocrate avaient lanc\u00e9 une souscription pour substituer un financement priv\u00e9 \u00e0 l\u2019argent du contribuable.<\/p>\n","protected":false},"excerpt":{"rendered":"\u00ab\u00a0Cette statue est destin\u00e9e \u00e0 rester.\u00a0\u00bb Alors que le maire de Nice, Christian Estrosi, organisait ce vendredi 30&hellip;\n","protected":false},"author":2,"featured_media":141178,"comment_status":"","ping_status":"","sticky":false,"template":"","format":"standard","meta":{"footnotes":""},"categories":[2819],"tags":[1111,11,1777,674,1011,27,303,12,2401,316,882,25,3366],"class_list":{"0":"post-141177","1":"post","2":"type-post","3":"status-publish","4":"format-standard","5":"has-post-thumbnail","7":"category-nice","8":"tag-actu","9":"tag-actualites","10":"tag-eu","11":"tag-europe","12":"tag-fr","13":"tag-france","14":"tag-justice","15":"tag-news","16":"tag-nice","17":"tag-politique","18":"tag-provence-alpes-cote-dazur","19":"tag-republique-francaise","20":"tag-vie-locale"},"share_on_mastodon":{"url":"https:\/\/pubeurope.com\/@fr\/114601368166512322","error":""},"_links":{"self":[{"href":"https:\/\/www.europesays.com\/fr\/wp-json\/wp\/v2\/posts\/141177","targetHints":{"allow":["GET"]}}],"collection":[{"href":"https:\/\/www.europesays.com\/fr\/wp-json\/wp\/v2\/posts"}],"about":[{"href":"https:\/\/www.europesays.com\/fr\/wp-json\/wp\/v2\/types\/post"}],"author":[{"embeddable":true,"href":"https:\/\/www.europesays.com\/fr\/wp-json\/wp\/v2\/users\/2"}],"replies":[{"embeddable":true,"href":"https:\/\/www.europesays.com\/fr\/wp-json\/wp\/v2\/comments?post=141177"}],"version-history":[{"count":0,"href":"https:\/\/www.europesays.com\/fr\/wp-json\/wp\/v2\/posts\/141177\/revisions"}],"wp:featuredmedia":[{"embeddable":true,"href":"https:\/\/www.europesays.com\/fr\/wp-json\/wp\/v2\/media\/141178"}],"wp:attachment":[{"href":"https:\/\/www.europesays.com\/fr\/wp-json\/wp\/v2\/media?parent=141177"}],"wp:term":[{"taxonomy":"category","embeddable":true,"href":"https:\/\/www.europesays.com\/fr\/wp-json\/wp\/v2\/categories?post=141177"},{"taxonomy":"post_tag","embeddable":true,"href":"https:\/\/www.europesays.com\/fr\/wp-json\/wp\/v2\/tags?post=141177"}],"curies":[{"name":"wp","href":"https:\/\/api.w.org\/{rel}","templated":true}]}}