{"id":141179,"date":"2025-05-31T07:54:09","date_gmt":"2025-05-31T07:54:09","guid":{"rendered":"https:\/\/www.europesays.com\/fr\/141179\/"},"modified":"2025-05-31T07:54:09","modified_gmt":"2025-05-31T07:54:09","slug":"80-ans-de-nice-matin-michel-bavastro-le-cobra-et-la-politique","status":"publish","type":"post","link":"https:\/\/www.europesays.com\/fr\/141179\/","title":{"rendered":"80 ans de \u00ab\u00a0Nice-Matin\u00a0\u00bb : Michel Bavastro, le \u00ab\u00a0Cobra\u00a0\u00bb et la politique"},"content":{"rendered":"<p>Il serait tentant de r\u00e9duire les rapports de Michel Bavastro \u00e0 la politique \u00e0 quelques caricatures. Mais ce faisant, on travestirait une r\u00e9alit\u00e9 prot\u00e9iforme qui ne se r\u00e9duit pas \u2013 loin s\u2019en faut\u2005! \u2013 \u00e0 un clivage gauche-droite.<\/p>\n<p>\u00ab\u00a0Homme de droite, Michel Bavastro n\u2019a jamais \u00e9t\u00e9 gaulliste, rappelle Charles Guerrin, ancien journaliste et dirigeant syndical \u00e0 Nice-Matin de 1963 \u00e0 2004. Il \u00e9tait plut\u00f4t port\u00e9 vers l\u2019Alg\u00e9rie fran\u00e7aise, en phase avec les dizaines de milliers de pieds-noirs qui ont afflu\u00e9 \u00e0 cette \u00e9poque dans les Alpes-Maritimes et le Var, modifiant en profondeur la d\u00e9mographie azur\u00e9enne et notre lectorat. Mais dans le m\u00eame temps, soucieux de se concilier les faveurs du pouvoir, Bavastro a soutenu presque ouvertement le candidat gaulliste Louis Delfino contre le maire Jean M\u00e9decin aux municipales de 1965. Sans succ\u00e8s&#8230;\u00a0\u00bb<\/p>\n<p>Vue depuis la capitale azur\u00e9enne, la donne est encore plus complexe. Si Nice-Matin devient clairement \u00ab\u00a0m\u00e9deciniste\u00a0\u00bb dans les ann\u00e9es cinquante, ce n\u2019est pas par id\u00e9ologie, encore moins par soumission vis-\u00e0-vis du baron ni\u00e7ois\u2005: plut\u00f4t par \u00ab\u00a0convergence d\u2019int\u00e9r\u00eat entre le quotidien dominant et l\u2019homme fort de la politique locale\u00a0\u00bb, souligne Jean-R\u00e9my Bezias, docteur en histoire contemporaine, dans une passionnante \u00e9tude publi\u00e9e en 2016 (1).<\/p>\n<p>\u00ab\u00a0La consigne\u2005: plus une photo de M\u00e9decin dans nos colonnes\u2005!\u00a0\u00bb<\/p>\n<p>\u00ab\u00a0En tant que patron de presse, Bavastro se classe dans un mod\u00e8le d\u2019homme d\u2019affaires cherchant avant tout \u00e0 d\u00e9velopper son entreprise, pr\u00e9cise-t-il. [Il pr\u00e9f\u00e8re] l\u2019influence discr\u00e8te \u00e0 l\u2019expression ouverte de ses pr\u00e9f\u00e9rences politiques, n\u00e9anmoins sans ambigu\u00eft\u00e9. Ce faisant, l\u2019homme fort de Nice-Matin favorise au moins indirectement la tendance dominante. [Le journal] semble en effet s\u2019abstenir de toute fonction d\u2019investigation ou de prise de position critique face au pouvoir local, tout au moins \u00e0 l\u2019\u00e9poque de Jean M\u00e9decin.\u00a0\u00bb<\/p>\n<p>Lorsque Jacques M\u00e9decin succ\u00e8de \u00e0 son p\u00e8re, en 1966, tout change. Celui que l\u2019on surnomme d\u00e9j\u00e0 le \u00ab\u00a0Cobra\u00a0\u00bb toise avec un brin de condescendance ce jeune homme qui fut journaliste \u00e0 Nice-Matin avant de se lancer dans la vie publique.<\/p>\n<p>\u00ab\u00a0Il ne dig\u00e9rait pas que l\u2019un de ses anciens employ\u00e9s ose lui tenir la drag\u00e9e haute, d\u00e9crypte Maurice Huleu, grand reporter, charg\u00e9 du traitement de la politique. La consigne a \u00e9t\u00e9 rapidement pass\u00e9e\u2005: plus un mot, plus une photo de Jacques M\u00e9decin dans nos colonnes\u2005! Ce qui n\u2019allait pas sans poser, au quotidien, des probl\u00e8mes insolubles\u2026\u00a0\u00bb<\/p>\n<p>La guerre froide entre Bavastro et M\u00e9decin dure jusqu\u2019au cr\u00e9puscule des ann\u00e9es soixante-dix. En 1979, alors que Nice-Matin conna\u00eet le conflit social le plus long de son histoire \u2013 avec dix-neuf jours de non-parution \u2013, le maire tend la main \u00e0 son vieil adversaire en mettant \u00e0 sa disposition les moyens de la Ville pour imprimer un journal \u00ab\u00a0pirate\u00a0\u00bb. Michel Bavastro s\u2019en plaindra am\u00e8rement, quelque temps apr\u00e8s, devant les repr\u00e9sentants syndicaux de son entreprise\u2005: \u00ab\u00a0\u00c0 cause de vous, j\u2019ai d\u00fb pactiser avec ce voyou\u2005!\u00a0\u00bb<\/p>\n<p>\u00ab\u00a0Les amis du patron\u00a0\u00bb<\/p>\n<p>Jusqu\u2019au terme de ses 47 ans de r\u00e8gne \u00e0 la t\u00eate du journal, Michel Bavastro impose des choix davantage dict\u00e9s par ses affinit\u00e9s personnelles que par de v\u00e9ritables accointances id\u00e9ologiques.<\/p>\n<p>Tous les journalistes de Nice-Matin savent alors que telle ou telle personnalit\u00e9 n\u2019a pas droit de cit\u00e9 dans les pages. \u00ab\u00a0Les int\u00e9ress\u00e9s \u00e9taient \u00e9galement au courant, sourit un ancien photographe. Certains avaient l\u2019obligeance de se d\u00e9placer hors du cadre lorsque nous sortions nos objectifs, afin de ne pas \u2018\u2018g\u00e2cher\u2019\u2019 la prise de vue.\u00a0\u00bb<\/p>\n<p>\u00c0 l\u2019inverse, les \u00ab\u00a0amis du patron\u00a0\u00bb avaient droit \u00e0 tous les \u00e9gards. Malheur \u00e0 celui qui n\u00e9gligeait de relayer la parole de ces personnalit\u00e9s bien en cour\u2005!<\/p>\n<p>\u00ab\u00a0Ce qu\u2019il faut comprendre, c\u2019est qu\u2019\u00e0 ce petit jeu, Michel Bavastro ne subissait rien\u2005; il imposait, insiste Maurice Huleu. Il n\u2019\u00e9tait pas soumis aux \u00e9diles. C\u2019est lui, et lui seul, qui tranchait \u2013 et ses sentences \u00e9taient sans appel.\u00a0\u00bb<\/p>\n<p>Fran\u00e7ois Rosso, qui fut notamment chef d\u2019agence \u00e0 Antibes, Grasse et Cannes, souligne que \u00ab\u00a0l\u2019arbitraire du patron s\u2019exer\u00e7ait surtout vis-\u00e0-vis des \u00e9lus ni\u00e7ois. \u00c0 l\u2019ouest des Alpes-Maritimes, la pression n\u2019\u00e9tait pas la m\u00eame. Tout comme \u00e0 l\u2019est du Var.\u00a0\u00bb<\/p>\n<p>Ce syst\u00e8me s\u2019est fissur\u00e9 \u00e0 la fin des ann\u00e9es quatre-vingt-dix. L\u2019arriv\u00e9e \u00e0 la pr\u00e9sidence de Michel Comboul, apr\u00e8s la prise de contr\u00f4le du Groupe Lagard\u00e8re, a profond\u00e9ment modifi\u00e9 les relations entre Nice-Matin et le microcosme politique. \u00ab\u00a0Pour la premi\u00e8re fois, on a lu un compte rendu d\u2019une r\u00e9union du PS dans le journal, se souvient un ancien ouvrier rotativiste. \u00c0 ce moment-l\u00e0, on a compris que les temps avaient chang\u00e9.\u2005\u00bb<\/p>\n<p>1. \u00ab\u2005Pouvoir dans la presse et influence politique\u2005: les dirigeants de la presse ni\u00e7oise\u2005\u00bb, Cahiers de la M\u00e9diterran\u00e9e (juin 2016).<\/p>\n<p>              <img ci-src=\"https:\/\/www.nicematin.com\/histoire\/Image+Michel+Bavastro+et+le+g%C3%A9n%C3%A9ral+Charles+de+Gaulle-OD86mtC1.jpg?ci_seal=8165f89e45\" alt=\"\"\/><br \/>\n        Bien que conservateur, Michel Bavastro \u2013 au centre \u2013 ne fut jamais gaulliste. En cela, il a toujours \u00e9t\u00e9 en phase avec une partie de l\u2019\u00e9lectorat ni\u00e7ois. <strong>Photo DR \/ Collection Alain Bavastro.<\/strong> <\/p>\n","protected":false},"excerpt":{"rendered":"Il serait tentant de r\u00e9duire les rapports de Michel Bavastro \u00e0 la politique \u00e0 quelques caricatures. Mais ce&hellip;\n","protected":false},"author":2,"featured_media":141180,"comment_status":"","ping_status":"","sticky":false,"template":"","format":"standard","meta":{"footnotes":""},"categories":[2819],"tags":[1111,11,1777,674,1011,27,937,500,12,2401,316,882,25],"class_list":{"0":"post-141179","1":"post","2":"type-post","3":"status-publish","4":"format-standard","5":"has-post-thumbnail","7":"category-nice","8":"tag-actu","9":"tag-actualites","10":"tag-eu","11":"tag-europe","12":"tag-fr","13":"tag-france","14":"tag-histoire","15":"tag-medias","16":"tag-news","17":"tag-nice","18":"tag-politique","19":"tag-provence-alpes-cote-dazur","20":"tag-republique-francaise"},"share_on_mastodon":{"url":"https:\/\/pubeurope.com\/@fr\/114601372053115688","error":""},"_links":{"self":[{"href":"https:\/\/www.europesays.com\/fr\/wp-json\/wp\/v2\/posts\/141179","targetHints":{"allow":["GET"]}}],"collection":[{"href":"https:\/\/www.europesays.com\/fr\/wp-json\/wp\/v2\/posts"}],"about":[{"href":"https:\/\/www.europesays.com\/fr\/wp-json\/wp\/v2\/types\/post"}],"author":[{"embeddable":true,"href":"https:\/\/www.europesays.com\/fr\/wp-json\/wp\/v2\/users\/2"}],"replies":[{"embeddable":true,"href":"https:\/\/www.europesays.com\/fr\/wp-json\/wp\/v2\/comments?post=141179"}],"version-history":[{"count":0,"href":"https:\/\/www.europesays.com\/fr\/wp-json\/wp\/v2\/posts\/141179\/revisions"}],"wp:featuredmedia":[{"embeddable":true,"href":"https:\/\/www.europesays.com\/fr\/wp-json\/wp\/v2\/media\/141180"}],"wp:attachment":[{"href":"https:\/\/www.europesays.com\/fr\/wp-json\/wp\/v2\/media?parent=141179"}],"wp:term":[{"taxonomy":"category","embeddable":true,"href":"https:\/\/www.europesays.com\/fr\/wp-json\/wp\/v2\/categories?post=141179"},{"taxonomy":"post_tag","embeddable":true,"href":"https:\/\/www.europesays.com\/fr\/wp-json\/wp\/v2\/tags?post=141179"}],"curies":[{"name":"wp","href":"https:\/\/api.w.org\/{rel}","templated":true}]}}