{"id":141190,"date":"2025-05-31T08:01:12","date_gmt":"2025-05-31T08:01:12","guid":{"rendered":"https:\/\/www.europesays.com\/fr\/141190\/"},"modified":"2025-05-31T08:01:12","modified_gmt":"2025-05-31T08:01:12","slug":"wambrechies-16-ans-apres-un-acte-de-vandalisme-une-statue-de-bernadette-fait-son-retour-a-la-grotte","status":"publish","type":"post","link":"https:\/\/www.europesays.com\/fr\/141190\/","title":{"rendered":"Wambrechies. 16 ans apr\u00e8s un acte de vandalisme, une statue de Bernadette fait son retour \u00e0 la grotte\u00a0!"},"content":{"rendered":"<p>            Par<br \/>\n        <strong><br \/>\n            <a href=\"https:\/\/actu.fr\/auteur\/annesophie-2\" title=\"Consulter tous les articles de Anne-Sophie Hourdeaux\" rel=\"nofollow noopener\" target=\"_blank\">Anne-Sophie Hourdeaux<\/a><br \/>\n        <\/strong><\/p>\n<p>        Publi\u00e9 le<\/p>\n<p>            31 mai 2025 \u00e0 9h46        <\/p>\n<p><b>Rue de Bondues \u00e0 <a href=\"https:\/\/actu.fr\/hauts-de-france\/wambrechies_59636\" rel=\"nofollow noopener\" target=\"_blank\">Wambrechies<\/a> (Nord)<\/b>, une belle <b>r\u00e9plique de la grotte de Lourdes<\/b>, anciennement situ\u00e9e dans les champs, s\u2019est fait rattraper par les constructions urbaines. On peut s\u2019y recueillir sur des bancs. Elle a connu une actualit\u00e9\u2009: <b>une statue y a \u00e9t\u00e9 b\u00e9nie, et cela faisait 16 ans qu\u2019on l\u2019attendait<\/b>\u2009 ! La derni\u00e8re avait en effet \u00e9t\u00e9 vandalis\u00e9e en 2009.<\/p>\n<p>En 1959<\/p>\n<p class=\" wall-content\">Construite en 1959, la grotte de Lourdes de Wambrechies est bien pr\u00e9serv\u00e9e et entretenue. Propri\u00e9t\u00e9 de la mairie, elle est g\u00e9r\u00e9e par un groupe, les Amis de la grotte. Dans la grotte, comme \u00e0 Lourdes, une <b>statue de la Vierge Marie<\/b> en blanc et bleu est install\u00e9e en hauteur.<\/p>\n<p>    <img   decoding=\"async\" loading=\"lazy\" class=\"size-large\" src=\"https:\/\/www.europesays.com\/fr\/wp-content\/uploads\/2025\/05\/c37b772b27386977b772b27383c7b7v-960x640.jpg\" alt=\"statue grotte wambrechies\" width=\"960\" height=\"640\"\/><br \/>\n    Le p\u00e8re Lemahieu a proc\u00e9d\u00e9 \u00e0 la b\u00e9n\u00e9diction de la statue, g\u00e9n\u00e9reusement arros\u00e9e d\u2019eau b\u00e9nite comme l\u2019assembl\u00e9e\u2009! \u00a9ASH\/Croix du NordChapelet le mercredi<\/p>\n<p class=\" wall-content\">Devant la grotte, un bel espace avec des bancs peut accueillir plusieurs dizaines de personnes. \u00ab\u2009Nous avons install\u00e9 un nouveau panneau en bois devant pour signaler que chaque mercredi \u00e0 17\u2009h entre mai et octobre est r\u00e9cit\u00e9 le chapelet\u2009\u00bb, explique Viviane Vanmarck.<\/p>\n<p>Vid\u00e9os : en ce moment sur Actu<\/p>\n<p class=\" wall-content\">Comme le site n\u2019est pas cl\u00f4tur\u00e9, l\u2019acc\u00e8s est libre toute l\u2019ann\u00e9e.<\/p>\n<blockquote class=\"ac-article-quote wall-content\">\n<p>Les gens passent, laissent une intention de pri\u00e8re dans un cahier laiss\u00e9 sur l\u2019autel, des fleurs, ou m\u00eame des objets comme cet ange qu\u2019une dame a laiss\u00e9 en m\u00e9moire de son fils.<\/p>\n<p>Viviane Vanmarck des Amis de la grotte<\/p><\/blockquote>\n<p class=\" wall-content\">Sa construction est due \u00e0 un paroissien qui, de retour de Lourdes gu\u00e9ri apr\u00e8s son passage \u00ab\u2009aux piscines\u2009\u00bb, d\u00e9cide de construire une r\u00e9plique de la grotte pr\u00e8s de son habitation\u2009! Depuis 1959, le lieu continue \u00e0 vivre.<\/p>\n<p>    <img   decoding=\"async\" loading=\"lazy\" class=\"size-large\" src=\"https:\/\/www.europesays.com\/fr\/wp-content\/uploads\/2025\/05\/2f037b86de28633137b86de2827137v-960x640.jpg\" alt=\"grotte lourdes Wambrechies\" width=\"960\" height=\"640\"\/><br \/>\n    La statue de Bernadette, en pierre claire, vient de Dordogne\u2009! \u00a9ASH\/Croix du NordUne statue vandalis\u00e9e en 2009<\/p>\n<p class=\" wall-content\">La grotte a v\u00e9cu une nouvelle \u00e9tape r\u00e9cemment\u2009: elle a rassembl\u00e9 les fid\u00e8les mercredi 21 mai pour un bel \u00e9v\u00e9nement\u2009: la b\u00e9n\u00e9diction d\u2019une statue. Il ne s\u2019agissait pas d\u2019une nouvelle statue de la Vierge, mais de Bernadette Soubirous \u00e0 genou en pri\u00e8re, celle qui a connu les apparitions \u00e0 Lourdes alors qu\u2019elle n\u2019avait que 14 ans. \u00ab\u2009Cela faisait presque 20 ans qu\u2019on attendait une statue de Bernadette, car la pr\u00e9c\u00e9dente a \u00e9t\u00e9 vandalis\u00e9e en 2009 et n\u2019avait pas \u00e9t\u00e9 remplac\u00e9e\u2009\u00bb, signale Olivier Camelot.<\/p>\n<p>Une nouvelle statue ramen\u00e9e de Dordogne<\/p>\n<p class=\" wall-content\">Il a cherch\u00e9 une nouvelle statue et ce ne fut pas facile. \u00ab\u2009Il en fallait une assez solide pour rester en ext\u00e9rieur, qui supporte les intemp\u00e9ries, qui ait de bonnes proportions par rapport \u00e0 la grotte et qui soit dans un style compatible avec\u00a0celui de la Vierge Marie\u2009\u00bb.<\/p>\n<p class=\" wall-content\">C\u2019est en Dordogne qu\u2019il en trouve une apr\u00e8s des recherches sur internet. \u00ab\u2009Elle est en pierre claire, on a r\u00e9alis\u00e9 une collecte dans la paroisse pour la financer, et un paroissien est all\u00e9 la chercher\u2009!\u2009\u00bb<\/p>\n<p class=\" wall-content\">La nouvelle Bernadette a \u00e9t\u00e9 install\u00e9e sur un socle par des membres des Amis de la grotte. C\u2019est le p\u00e8re Dominique Lemahieu qui a proc\u00e9d\u00e9 \u00e0 la b\u00e9n\u00e9diction, en aspergeant g\u00e9n\u00e9reusement d\u2019eau b\u00e9nite la statue et l\u2019assembl\u00e9e apr\u00e8s un temps de pri\u00e8re.<\/p>\n<p class=\" wall-content\">Suivez toute l\u2019actualit\u00e9 de vos villes et m\u00e9dias favoris en vous inscrivant \u00e0 <a href=\"https:\/\/moncompte.actu.fr\" title=\"D\u00e9couvez Mon Actu\" rel=\"nofollow noopener\" data-trk=\"{&quot;cta&quot;:{&quot;action&quot;:&quot;https:\\\/\\\/moncompte.actu.fr&quot;,&quot;category&quot;:&quot;mon compte&quot;,&quot;from&quot;:&quot;article footer&quot;,&quot;name&quot;:&quot;Mon actu&quot;,&quot;type&quot;:&quot;cta&quot;}}\" target=\"_blank\">Mon Actu<\/a>.<\/p>\n","protected":false},"excerpt":{"rendered":"Par Anne-Sophie Hourdeaux Publi\u00e9 le 31 mai 2025 \u00e0 9h46 Rue de Bondues \u00e0 Wambrechies (Nord), une belle&hellip;\n","protected":false},"author":2,"featured_media":141191,"comment_status":"","ping_status":"","sticky":false,"template":"","format":"standard","meta":{"footnotes":""},"categories":[2815],"tags":[1111,11,1777,674,1011,27,811,1307,12,4020,25,104],"class_list":{"0":"post-141190","1":"post","2":"type-post","3":"status-publish","4":"format-standard","5":"has-post-thumbnail","7":"category-lille","8":"tag-actu","9":"tag-actualites","10":"tag-eu","11":"tag-europe","12":"tag-fr","13":"tag-france","14":"tag-hauts-de-france","15":"tag-lille","16":"tag-news","17":"tag-religion","18":"tag-republique-francaise","19":"tag-societe"},"share_on_mastodon":{"url":"https:\/\/pubeurope.com\/@fr\/114601399831051336","error":""},"_links":{"self":[{"href":"https:\/\/www.europesays.com\/fr\/wp-json\/wp\/v2\/posts\/141190","targetHints":{"allow":["GET"]}}],"collection":[{"href":"https:\/\/www.europesays.com\/fr\/wp-json\/wp\/v2\/posts"}],"about":[{"href":"https:\/\/www.europesays.com\/fr\/wp-json\/wp\/v2\/types\/post"}],"author":[{"embeddable":true,"href":"https:\/\/www.europesays.com\/fr\/wp-json\/wp\/v2\/users\/2"}],"replies":[{"embeddable":true,"href":"https:\/\/www.europesays.com\/fr\/wp-json\/wp\/v2\/comments?post=141190"}],"version-history":[{"count":0,"href":"https:\/\/www.europesays.com\/fr\/wp-json\/wp\/v2\/posts\/141190\/revisions"}],"wp:featuredmedia":[{"embeddable":true,"href":"https:\/\/www.europesays.com\/fr\/wp-json\/wp\/v2\/media\/141191"}],"wp:attachment":[{"href":"https:\/\/www.europesays.com\/fr\/wp-json\/wp\/v2\/media?parent=141190"}],"wp:term":[{"taxonomy":"category","embeddable":true,"href":"https:\/\/www.europesays.com\/fr\/wp-json\/wp\/v2\/categories?post=141190"},{"taxonomy":"post_tag","embeddable":true,"href":"https:\/\/www.europesays.com\/fr\/wp-json\/wp\/v2\/tags?post=141190"}],"curies":[{"name":"wp","href":"https:\/\/api.w.org\/{rel}","templated":true}]}}