{"id":141194,"date":"2025-05-31T08:03:09","date_gmt":"2025-05-31T08:03:09","guid":{"rendered":"https:\/\/www.europesays.com\/fr\/141194\/"},"modified":"2025-05-31T08:03:09","modified_gmt":"2025-05-31T08:03:09","slug":"marseille-confidentiels-laurent-lhardit-et-la-diplomatie-parlementaire-en-algerie","status":"publish","type":"post","link":"https:\/\/www.europesays.com\/fr\/141194\/","title":{"rendered":"Marseille confidentiels. Laurent Lhardit et la \u00ab\u00a0diplomatie parlementaire\u00a0\u00bb en Alg\u00e9rie"},"content":{"rendered":"<p>Laurent Lhardit et la \u00ab\u00a0diplomatie parlementaire\u00a0\u00bb en Alg\u00e9rie<\/p>\n<p><a href=\"https:\/\/www.laprovence.com\/article\/politique\/4529875415874314\/le-depute-ps-de-marseille-laurent-lhardit-veut-resserrer-les-liens-avec-alger\" target=\"_blank\" rel=\"noopener\">Quelques semaines apr\u00e8s son s\u00e9jour en Alg\u00e9rie<\/a>, o\u00f9 il a notamment particip\u00e9 le 8\u00a0mai aux c\u00e9r\u00e9monies comm\u00e9moratives des massacres de S\u00e9tif, Guelma et Kherrata, Laurent Lhardit vante les bienfaits de la \u00ab\u00a0diplomatie parlementaire\u00a0\u00bb. Dans un contexte toujours tendu entre Paris et Alger, le pr\u00e9sident (PS) du groupe d\u2019amiti\u00e9 France-Alg\u00e9rie \u00e0 l\u2019Assembl\u00e9e estime que la visite de sa d\u00e9l\u00e9gation &#8211; une trentaine de d\u00e9put\u00e9s et s\u00e9nateurs &#8211; a \u00ab\u00a0mis de l\u2019huile dans les rouages\u00a0\u00bb de la relation franco-alg\u00e9rienne. \u00ab\u00a0\u00c7a nous a permis de montrer que la France, ce n\u2019est pas que Bruno Retailleau et que nous avons tant de choses \u00e0 faire que nous ne pouvons pas rester f\u00e2ch\u00e9s sur la dur\u00e9e\u00a0\u00bb, affirme Laurent Lhardit. Dans son viseur, \u00ab\u00a0le travail de m\u00e9moire\u00a0\u00bb, mais \u00e9galement les \u00ab\u00a0aspects \u00e9conomiques\u00a0\u00bb et la \u00ab\u00a0collaboration dans la lutte anti-terroriste\u00a0\u00bb.<\/p>\n<p>St\u00e9phane Ravier veut la fermeture imm\u00e9diate du coll\u00e8ge-lyc\u00e9e Ibn Khaldoun<\/p>\n<p>Apr\u00e8s la publication d\u2019un rapport controvers\u00e9 sur l\u2019entrisme des Fr\u00e8res musulmans en France, St\u00e9phane Ravier souhaite des actes. Sans autre forme de proc\u00e8s ni d\u2019enqu\u00eate approfondie &#8211; comme celle que Renaud Muselier (Renaissance) et Martine Vassal (DVD) ont r\u00e9clam\u00e9e au minist\u00e8re de l\u2019\u00c9ducation &#8211; le s\u00e9nateur marseillais d\u2019extr\u00eame droite souhaite la fermeture <a href=\"https:\/\/www.laprovence.com\/article\/societe\/1809236600537414\/le-departement-et-la-region-suspendent-les-aides-du-college-lycee-ibn-khaldoun-de-marseille\" target=\"_blank\" rel=\"noopener\">du coll\u00e8ge-lyc\u00e9e Ibn Khaldoun<\/a> (15e).<\/p>\n","protected":false},"excerpt":{"rendered":"Laurent Lhardit et la \u00ab\u00a0diplomatie parlementaire\u00a0\u00bb en Alg\u00e9rie Quelques semaines apr\u00e8s son s\u00e9jour en Alg\u00e9rie, o\u00f9 il a&hellip;\n","protected":false},"author":2,"featured_media":141195,"comment_status":"","ping_status":"","sticky":false,"template":"","format":"standard","meta":{"footnotes":""},"categories":[2814],"tags":[17,1111,11,15,2826,312,1777,674,1011,27,3955,19027,884,12,8234,882,16,25],"class_list":{"0":"post-141194","1":"post","2":"type-post","3":"status-publish","4":"format-standard","5":"has-post-thumbnail","7":"category-marseille","8":"tag-17","9":"tag-actu","10":"tag-actualites","11":"tag-algerie","12":"tag-confidentiels","13":"tag-diplomatie","14":"tag-eu","15":"tag-europe","16":"tag-fr","17":"tag-france","18":"tag-laurent","19":"tag-lhardit","20":"tag-marseille","21":"tag-news","22":"tag-parlementaire","23":"tag-provence-alpes-cote-dazur","24":"tag-region","25":"tag-republique-francaise"},"share_on_mastodon":{"url":"https:\/\/pubeurope.com\/@fr\/114601407498153280","error":""},"_links":{"self":[{"href":"https:\/\/www.europesays.com\/fr\/wp-json\/wp\/v2\/posts\/141194","targetHints":{"allow":["GET"]}}],"collection":[{"href":"https:\/\/www.europesays.com\/fr\/wp-json\/wp\/v2\/posts"}],"about":[{"href":"https:\/\/www.europesays.com\/fr\/wp-json\/wp\/v2\/types\/post"}],"author":[{"embeddable":true,"href":"https:\/\/www.europesays.com\/fr\/wp-json\/wp\/v2\/users\/2"}],"replies":[{"embeddable":true,"href":"https:\/\/www.europesays.com\/fr\/wp-json\/wp\/v2\/comments?post=141194"}],"version-history":[{"count":0,"href":"https:\/\/www.europesays.com\/fr\/wp-json\/wp\/v2\/posts\/141194\/revisions"}],"wp:featuredmedia":[{"embeddable":true,"href":"https:\/\/www.europesays.com\/fr\/wp-json\/wp\/v2\/media\/141195"}],"wp:attachment":[{"href":"https:\/\/www.europesays.com\/fr\/wp-json\/wp\/v2\/media?parent=141194"}],"wp:term":[{"taxonomy":"category","embeddable":true,"href":"https:\/\/www.europesays.com\/fr\/wp-json\/wp\/v2\/categories?post=141194"},{"taxonomy":"post_tag","embeddable":true,"href":"https:\/\/www.europesays.com\/fr\/wp-json\/wp\/v2\/tags?post=141194"}],"curies":[{"name":"wp","href":"https:\/\/api.w.org\/{rel}","templated":true}]}}