{"id":141196,"date":"2025-05-31T08:04:08","date_gmt":"2025-05-31T08:04:08","guid":{"rendered":"https:\/\/www.europesays.com\/fr\/141196\/"},"modified":"2025-05-31T08:04:08","modified_gmt":"2025-05-31T08:04:08","slug":"inter-quand-eric-cantona-saffiche-avec-un-maillot-nerazzuro-special-marseille-avant-la-finale","status":"publish","type":"post","link":"https:\/\/www.europesays.com\/fr\/141196\/","title":{"rendered":"Inter\u00a0: quand \u00c9ric Cantona s&rsquo;affiche avec un maillot nerazzuro sp\u00e9cial \u00ab\u00a0Marseille\u00a0\u00bb avant la finale"},"content":{"rendered":"<p>Mais pour le Marseillais, au temp\u00e9rament singulier, <a href=\"https:\/\/www.laprovence.com\/article\/sortie-loisirs\/40567201210780\/merci-marseille-ca-fait-du-bien-detre-ici-eric-cantona-de-footballeur-a-chanteur-a-lespace-julien\" target=\"_blank\" rel=\"noopener\">\u00c9ric Cantona<\/a> pas question de prendre part au d\u00e9bat. Pour \u00ab\u00a0Eric the King\u00a0\u00bb, les images valent plus que les mots et les envol\u00e9es lyriques. L&rsquo;ancien joueur de l&rsquo;Olympique de Marseille (1988-91) s&rsquo;est affich\u00e9 vendredi soir en story Instagram v\u00eatu d&rsquo;un maillot de l&rsquo;Inter pas comme les autres. Sur sa tunique nerazzuro\u00a0le sponsor a \u00e9t\u00e9 remplac\u00e9 par une longue bande de scotch bleu sur laquelle on peut lire\u00a0: \u00ab\u00a0C&rsquo;est Marseille BB\u00a0\u00bb. De quoi bien amuser l&rsquo;ensemble des aficionados de l&rsquo;OM \u00e0 quelques heures de la finale entre l&rsquo;Inter Milan et le&#8230; PSG.<\/p>\n","protected":false},"excerpt":{"rendered":"Mais pour le Marseillais, au temp\u00e9rament singulier, \u00c9ric Cantona pas question de prendre part au d\u00e9bat. Pour \u00ab\u00a0Eric&hellip;\n","protected":false},"author":2,"featured_media":141197,"comment_status":"","ping_status":"","sticky":false,"template":"","format":"standard","meta":{"footnotes":""},"categories":[2814],"tags":[17,1111,11,3396,26887,11792,1777,674,1011,27,10317,884,12,149,882,93,396,25,14244],"class_list":{"0":"post-141196","1":"post","2":"type-post","3":"status-publish","4":"format-standard","5":"has-post-thumbnail","7":"category-marseille","8":"tag-17","9":"tag-actu","10":"tag-actualites","11":"tag-avec","12":"tag-cantona","13":"tag-eric","14":"tag-eu","15":"tag-europe","16":"tag-fr","17":"tag-france","18":"tag-inter","19":"tag-marseille","20":"tag-news","21":"tag-om","22":"tag-provence-alpes-cote-dazur","23":"tag-psg","24":"tag-quand","25":"tag-republique-francaise","26":"tag-saffiche"},"share_on_mastodon":{"url":"https:\/\/pubeurope.com\/@fr\/114601411471608912","error":""},"_links":{"self":[{"href":"https:\/\/www.europesays.com\/fr\/wp-json\/wp\/v2\/posts\/141196","targetHints":{"allow":["GET"]}}],"collection":[{"href":"https:\/\/www.europesays.com\/fr\/wp-json\/wp\/v2\/posts"}],"about":[{"href":"https:\/\/www.europesays.com\/fr\/wp-json\/wp\/v2\/types\/post"}],"author":[{"embeddable":true,"href":"https:\/\/www.europesays.com\/fr\/wp-json\/wp\/v2\/users\/2"}],"replies":[{"embeddable":true,"href":"https:\/\/www.europesays.com\/fr\/wp-json\/wp\/v2\/comments?post=141196"}],"version-history":[{"count":0,"href":"https:\/\/www.europesays.com\/fr\/wp-json\/wp\/v2\/posts\/141196\/revisions"}],"wp:featuredmedia":[{"embeddable":true,"href":"https:\/\/www.europesays.com\/fr\/wp-json\/wp\/v2\/media\/141197"}],"wp:attachment":[{"href":"https:\/\/www.europesays.com\/fr\/wp-json\/wp\/v2\/media?parent=141196"}],"wp:term":[{"taxonomy":"category","embeddable":true,"href":"https:\/\/www.europesays.com\/fr\/wp-json\/wp\/v2\/categories?post=141196"},{"taxonomy":"post_tag","embeddable":true,"href":"https:\/\/www.europesays.com\/fr\/wp-json\/wp\/v2\/tags?post=141196"}],"curies":[{"name":"wp","href":"https:\/\/api.w.org\/{rel}","templated":true}]}}