{"id":141198,"date":"2025-05-31T08:05:11","date_gmt":"2025-05-31T08:05:11","guid":{"rendered":"https:\/\/www.europesays.com\/fr\/141198\/"},"modified":"2025-05-31T08:05:11","modified_gmt":"2025-05-31T08:05:11","slug":"neuf-ans-de-reclusion-pour-avoir-tue-son-pere-a-coups-de-couteau","status":"publish","type":"post","link":"https:\/\/www.europesays.com\/fr\/141198\/","title":{"rendered":"neuf ans de r\u00e9clusion pour avoir tu\u00e9 son p\u00e8re \u00e0 coups de couteau"},"content":{"rendered":"<p itemprop=\"description\"><strong>Patrice R a \u00e9t\u00e9 condamn\u00e9 \u00e0 neuf ans de r\u00e9clusion pour avoir tu\u00e9 son p\u00e8re \u00e0 Lyon en octobre 2022.<\/strong><\/p>\n<p>Le 17 octobre 2022, G\u00e9rard R., \u00e2g\u00e9 de 73 ans, est retrouv\u00e9 mort dans sa cuisine, \u00e0 son domicile du quartier du Point-du-Jour, dans le 5e arrondissement de Lyon. Il avait \u00e9t\u00e9 <a href=\"https:\/\/www.lyonmag.com\/article\/144284\/parricide-a-lyon-un-homme-juge-pour-avoir-tue-son-pere-de-43-coups-de-couteau\" target=\"_blank\" rel=\"noopener\">poignard\u00e9 \u00e0 plusieurs reprises et frapp\u00e9 avec un pied-de-biche<\/a>.<\/p>\n<p>Son fils, Patrice R, 55 ans, seul accus\u00e9, a \u00e9t\u00e9 reconnu coupable de ce parricide et condamn\u00e9 ce vendredi 30 mai \u00e0 neuf ans de r\u00e9clusion criminelle au terme de trois jours d\u2019audience.\u00a0<\/p>\n<p>Le tribunal a estim\u00e9 que son geste \u00e9tait intentionnel et l\u2019a condamn\u00e9 \u00e0 neuf ans de r\u00e9clusion criminelle.<\/p>\n<p>Les plaidoiries ont mis en lumi\u00e8re un contexte familial difficile, marqu\u00e9 par des violences ant\u00e9rieures et une relation conflictuelle entre le p\u00e8re et le fils. L&rsquo;accus\u00e9 a expliqu\u00e9 avoir agi sous l&rsquo;effet d\u2019une pression mentale et \u00e9motionnelle intense, exacerb\u00e9e par les mauvais traitements inflig\u00e9s \u00e0 sa m\u00e8re, atteinte de d\u00e9mence.<\/p>\n<p>Cette souffrance a \u00e9t\u00e9 prise en compte dans la d\u00e9cision de la cour.<\/p>\n<p>L&rsquo;expert psychiatre, qui a analys\u00e9 l&rsquo;accus\u00e9, a \u00e9voqu\u00e9 une alt\u00e9ration de son discernement, ce qui a conduit \u00e0 une r\u00e9duction de sa peine.<\/p>\n","protected":false},"excerpt":{"rendered":"Patrice R a \u00e9t\u00e9 condamn\u00e9 \u00e0 neuf ans de r\u00e9clusion pour avoir tu\u00e9 son p\u00e8re \u00e0 Lyon en&hellip;\n","protected":false},"author":2,"featured_media":141199,"comment_status":"","ping_status":"","sticky":false,"template":"","format":"standard","meta":{"footnotes":""},"categories":[1889],"tags":[1111,11,2813,2190,2430,1109,251,1112,2811,1777,674,118,1011,27,1922,1110,1114,2428,2810,12,241,316,25,2812,517,800],"class_list":{"0":"post-141198","1":"post","2":"type-post","3":"status-publish","4":"format-standard","5":"has-post-thumbnail","7":"category-lyon","8":"tag-actu","9":"tag-actualites","10":"tag-article","11":"tag-asvel","12":"tag-auvergne-rhone-alpes","13":"tag-breves","14":"tag-culture","15":"tag-depeches","16":"tag-economique","17":"tag-eu","18":"tag-europe","19":"tag-faits-divers","20":"tag-fr","21":"tag-france","22":"tag-info","23":"tag-informations","24":"tag-infos","25":"tag-lyon","26":"tag-lyonmag","27":"tag-news","28":"tag-ol","29":"tag-politique","30":"tag-republique-francaise","31":"tag-sociale","32":"tag-sport","33":"tag-transports"},"share_on_mastodon":{"url":"https:\/\/pubeurope.com\/@fr\/114601415419274736","error":""},"_links":{"self":[{"href":"https:\/\/www.europesays.com\/fr\/wp-json\/wp\/v2\/posts\/141198","targetHints":{"allow":["GET"]}}],"collection":[{"href":"https:\/\/www.europesays.com\/fr\/wp-json\/wp\/v2\/posts"}],"about":[{"href":"https:\/\/www.europesays.com\/fr\/wp-json\/wp\/v2\/types\/post"}],"author":[{"embeddable":true,"href":"https:\/\/www.europesays.com\/fr\/wp-json\/wp\/v2\/users\/2"}],"replies":[{"embeddable":true,"href":"https:\/\/www.europesays.com\/fr\/wp-json\/wp\/v2\/comments?post=141198"}],"version-history":[{"count":0,"href":"https:\/\/www.europesays.com\/fr\/wp-json\/wp\/v2\/posts\/141198\/revisions"}],"wp:featuredmedia":[{"embeddable":true,"href":"https:\/\/www.europesays.com\/fr\/wp-json\/wp\/v2\/media\/141199"}],"wp:attachment":[{"href":"https:\/\/www.europesays.com\/fr\/wp-json\/wp\/v2\/media?parent=141198"}],"wp:term":[{"taxonomy":"category","embeddable":true,"href":"https:\/\/www.europesays.com\/fr\/wp-json\/wp\/v2\/categories?post=141198"},{"taxonomy":"post_tag","embeddable":true,"href":"https:\/\/www.europesays.com\/fr\/wp-json\/wp\/v2\/tags?post=141198"}],"curies":[{"name":"wp","href":"https:\/\/api.w.org\/{rel}","templated":true}]}}