{"id":141202,"date":"2025-05-31T08:07:11","date_gmt":"2025-05-31T08:07:11","guid":{"rendered":"https:\/\/www.europesays.com\/fr\/141202\/"},"modified":"2025-05-31T08:07:11","modified_gmt":"2025-05-31T08:07:11","slug":"334-millions-deuros-la-gigantesque-facture-de-la-grele-du-3-mai-en-ile-de-france","status":"publish","type":"post","link":"https:\/\/www.europesays.com\/fr\/141202\/","title":{"rendered":"334\u00a0millions d\u2019euros\u00a0: la gigantesque facture de la gr\u00eale du 3\u00a0mai en \u00cele-de-France"},"content":{"rendered":"<p class=\"paragraph text_align_left\">Ce fut bref mais intense et destructeur. <a href=\"https:\/\/www.leparisien.fr\/meteo\/orages-paris-et-lile-de-france-frappes-par-dimpressionnantes-chutes-de-grele-03-05-2025-HNCZLAL6FZGQVMRAJ6XPR7S3ME.php\" target=\"_self\" rel=\"nofollow noopener\">L\u2019orage de gr\u00eale,<\/a> \u00ab supercellulaire \u00bb pour les sp\u00e9cialistes, qui a travers\u00e9 l\u2019\u00cele-de-France le samedi 3 mai dans l\u2019apr\u00e8s-midi a fait de gros d\u00e9g\u00e2ts. Branches arrach\u00e9es, capots et toits des v\u00e9hicules caboss\u00e9s, toiture endommag\u00e9e ou m\u00eame stations de m\u00e9tro inond\u00e9es\u2026<\/p>\n<p class=\"paragraph text_align_left\">Et, comme on pouvait s\u2019y attendre, la facture est sal\u00e9e. Selon une note de France assureurs que nous d\u00e9voilons, l\u2019\u00e9pisode va co\u00fbter aux compagnies la somme colossale de 334 millions d\u2019euros. Dans le d\u00e9tail, c\u2019est l\u2019automobile qui repr\u00e9sente la majorit\u00e9 de la facture puisque les gr\u00ealons ont occasionn\u00e9 196 millions d\u2019euros de d\u00e9g\u00e2ts avec 61 630 sinistres d\u00e9clar\u00e9s au 21 mai.<\/p>\n","protected":false},"excerpt":{"rendered":"Ce fut bref mais intense et destructeur. L\u2019orage de gr\u00eale, \u00ab supercellulaire \u00bb pour les sp\u00e9cialistes, qui a&hellip;\n","protected":false},"author":2,"featured_media":141203,"comment_status":"","ping_status":"","sticky":false,"template":"","format":"standard","meta":{"footnotes":""},"categories":[1592],"tags":[1111,11,33,1777,674,1011,27,662,2487,12,626,25],"class_list":{"0":"post-141202","1":"post","2":"type-post","3":"status-publish","4":"format-standard","5":"has-post-thumbnail","7":"category-ile-de-france","8":"tag-actu","9":"tag-actualites","10":"tag-economie","11":"tag-eu","12":"tag-europe","13":"tag-fr","14":"tag-france","15":"tag-ile-de-france","16":"tag-meteo","17":"tag-news","18":"tag-paris","19":"tag-republique-francaise"},"share_on_mastodon":{"url":"https:\/\/pubeurope.com\/@fr\/114601423177381234","error":""},"_links":{"self":[{"href":"https:\/\/www.europesays.com\/fr\/wp-json\/wp\/v2\/posts\/141202","targetHints":{"allow":["GET"]}}],"collection":[{"href":"https:\/\/www.europesays.com\/fr\/wp-json\/wp\/v2\/posts"}],"about":[{"href":"https:\/\/www.europesays.com\/fr\/wp-json\/wp\/v2\/types\/post"}],"author":[{"embeddable":true,"href":"https:\/\/www.europesays.com\/fr\/wp-json\/wp\/v2\/users\/2"}],"replies":[{"embeddable":true,"href":"https:\/\/www.europesays.com\/fr\/wp-json\/wp\/v2\/comments?post=141202"}],"version-history":[{"count":0,"href":"https:\/\/www.europesays.com\/fr\/wp-json\/wp\/v2\/posts\/141202\/revisions"}],"wp:featuredmedia":[{"embeddable":true,"href":"https:\/\/www.europesays.com\/fr\/wp-json\/wp\/v2\/media\/141203"}],"wp:attachment":[{"href":"https:\/\/www.europesays.com\/fr\/wp-json\/wp\/v2\/media?parent=141202"}],"wp:term":[{"taxonomy":"category","embeddable":true,"href":"https:\/\/www.europesays.com\/fr\/wp-json\/wp\/v2\/categories?post=141202"},{"taxonomy":"post_tag","embeddable":true,"href":"https:\/\/www.europesays.com\/fr\/wp-json\/wp\/v2\/tags?post=141202"}],"curies":[{"name":"wp","href":"https:\/\/api.w.org\/{rel}","templated":true}]}}