{"id":141206,"date":"2025-05-31T08:10:25","date_gmt":"2025-05-31T08:10:25","guid":{"rendered":"https:\/\/www.europesays.com\/fr\/141206\/"},"modified":"2025-05-31T08:10:25","modified_gmt":"2025-05-31T08:10:25","slug":"ma-motivation-marquer-lhistoire-pour-paris-luis-enrique-pret-a-faire-de-ce-psg-inter-milan-un-grand-moment","status":"publish","type":"post","link":"https:\/\/www.europesays.com\/fr\/141206\/","title":{"rendered":"\u00ab\u00a0Ma motivation, marquer l\u2019histoire pour Paris\u00a0\u00bb\u00a0: Luis Enrique pr\u00eat \u00e0 faire de ce PSG-Inter Milan un grand moment"},"content":{"rendered":"<p class=\"paragraph text_align_left\">D\u00e9tendu et m\u00eame dr\u00f4le. Alors que<a href=\"https:\/\/authentication.leparisien.fr\/connexion\/?redirect_url=https:\/\/www.leparisien.fr\/sports\/football\/ligue-des-champions\/psg-inter-milan-marquinhos-le-federateur-dembele-le-grand-frere-la-connexion-portugaise-on-vous-raconte-le-vestiaire-parisien-30-05-2025-7NVRMBS5DNDELEDNI6N257MU4U.php\" target=\"_self\" rel=\"nofollow noopener\"> Marquinhos et Ousmane Demb\u00e9l\u00e9<\/a> viennent d\u2019en finir avec les obligations m\u00e9dias, Luis Enrique leur tape dans la main et l\u00e2che un \u00ab\u00a0bravo\u00a0\u00bb qui fait sourire les journalistes.<\/p>\n<p class=\"lp-f-ui-06 bet-widget_legal-notices lp-color-text-muted lp-mb-07\">LES JEUX D&rsquo;ARGENT ET DE HASARD PEUVENT \u00caTRE DANGEREUX : PERTES D&rsquo;ARGENT, CONFLITS FAMILIAUX, ADDICTION\u2026 RETROUVEZ NOS CONSEILS SUR <a href=\"https:\/\/joueurs-info-service.fr\/\" class=\"lp-color-text-muted\" rel=\"nofollow noopener\" target=\"_blank\">JOUEURS-INFO-SERVICE.FR<\/a> (09 74 75 13 13 &#8211; APPEL NON SURTAX\u00c9)<\/p>\n<p class=\"paragraph text_align_left\">Tout aussi d\u00e9tendu au moment de s\u2019asseoir \u00e0 son tour derri\u00e8re le pupitre, l\u2019entra\u00eeneur parisien a livr\u00e9 un discours r\u00e9solument positif avant la finale de la <a href=\"https:\/\/www.leparisien.fr\/sports\/football\/ligue-des-champions\/\" target=\"_self\" rel=\"nofollow noopener\">Ligue des champions,<\/a> samedi soir, contre l\u2019Inter Milan. Un mot d\u2019ordre pour l\u2019Asturien\u00a0: \u00ab\u00a0marquer l\u2019histoire\u00a0\u00bb.<\/p>\n<p class=\"paragraph text_align_left\"><b>Allez-vous mettre l\u2019accent sur la gestion \u00e9motionnelle avant la finale\u00a0?<\/b><\/p>\n<p class=\"paragraph text_align_left\"><b>LUIS ENRIQUE.<\/b> Nous sommes une \u00e9quipe relativement habitu\u00e9e \u00e0 jouer des finales. Ce sont des situations que nous avons d\u00e9j\u00e0 v\u00e9cues. Bien s\u00fbr que l\u2019approche mentale est importante, mais nous sommes habitu\u00e9s.<\/p>\n<p class=\"paragraph text_align_left\"><b>Apr\u00e8s avoir \u00e9limin\u00e9 trois clubs anglais, le gros de votre pr\u00e9paration a-t-il consist\u00e9 \u00e0 vous adapter \u00e0 une autre culture\u00a0?<\/b><\/p>\n<p class=\"paragraph text_align_left\">Non, car chaque \u00e9quipe fait des choses diff\u00e9rentes. On conna\u00eet l\u2019\u00e9tat d\u2019esprit italien, l\u2019Inter est une \u00e9quipe tr\u00e8s compl\u00e8te qui sait parfaitement d\u00e9fendre \u00e0 la perte du ballon.<\/p>\n<p class=\"paragraph text_align_left\"><b>\u00c0 quel sc\u00e9nario vous attendez-vous samedi soir\u00a0?<\/b><\/p>\n<p class=\"paragraph text_align_left\">L\u2019id\u00e9e, c\u2019est de se pr\u00e9parer pour une finale. Ensuite, le r\u00e9sultat conditionnera l\u2019attitude des deux \u00e9quipes. Je crois que nous avons bien g\u00e9r\u00e9 la pr\u00e9paration. Ce sera \u00e0 nous d\u2019imposer notre jeu.<\/p>\n<p class=\"paragraph text_align_left\"><b>Le fait de jouer face \u00e0 deux attaquants va-t-il vous pousser \u00e0 ajuster certaines choses\u00a0?<\/b><\/p>\n<p class=\"paragraph text_align_left\">Cela change des choses, oui. Surtout quand il faudra presser, car leur mobilit\u00e9 implique des complications. Il faudra \u00eatre attentif. Nous n\u2019allons rien changer \u00e0 notre jeu, mais il faudra faire quelques petits ajustements forc\u00e9ment.<\/p>\n<p class=\"paragraph text_align_left\"><b>Comment d\u00e9cririez-vous la relation que vous entretenez avec votre groupe cette saison\u00a0?<\/b><\/p>\n<p class=\"paragraph text_align_left\">Cela a \u00e9t\u00e9 la m\u00eame symbiose depuis le premier jour. Tout le monde n\u2019a peut-\u00eatre pas voulu la voir, mais je n\u2019ai rien chang\u00e9. J\u2019ai toujours eu la m\u00eame relation avec mes joueurs, je suis le m\u00eame depuis le premier jour. On vit des moments extraordinaires et c\u2019\u00e9tait pareil quand on gagnait un peu moins. Je n\u2019aime pas cette id\u00e9e. La r\u00e9alit\u00e9, c\u2019est que je n\u2019ai pas chang\u00e9 d\u2019un pouce.<\/p>\n<p class=\"paragraph text_align_left\"><b>Il y a dix ans, vous gagniez d\u00e9j\u00e0 une finale \u00e0 Berlin avec le Bar\u00e7a contre la Juventus (3-1). Comment vous sentez-vous \u00e0 titre personnel\u00a0?<\/b><\/p>\n<p class=\"paragraph text_align_left\">J\u2019essaie de le vivre avec la tranquillit\u00e9 et maturit\u00e9. J\u2019ai dix ans de plus d\u2019exp\u00e9rience, j\u2019essaie de transmettre aux joueurs le fait que nous pouvons marquer l\u2019histoire. Personne ne l\u2019a fait avant nous, donc ce serait quelque chose d\u2019important que de gagner la premi\u00e8re Ligue des champions du <a href=\"https:\/\/www.leparisien.fr\/sports\/football\/psg\/\" target=\"_self\" rel=\"nofollow noopener\">PSG<\/a>. Et en m\u00eame temps il faut g\u00e9rer cela. J\u2019ai aim\u00e9 notre dernier entra\u00eenement, l\u2019attitude de mes joueurs. On va tout faire pour l\u2019emporter.<\/p>\n<p class=\"paragraph text_align_left\"><b>\u00cates-vous plus tranquille en termes de pression compar\u00e9 \u00e0 l\u2019Inter qui a perdu en finale il y a deux ans\u00a0?<\/b><\/p>\n<p class=\"paragraph text_align_left\">Il y a deux lectures possible. Notre parcours a \u00e9t\u00e9 dur depuis le d\u00e9but et maintenant c\u2019est un avantage pour nous. D\u00e9sormais, nous sommes habitu\u00e9s \u00e0 ce genre de rendez-vous. On a jou\u00e9 et perdu face au Bayern ici (le 26\u00a0novembre) et depuis on n\u2019a jou\u00e9 que des finales anticip\u00e9es. Nous n\u2019avons aucune peur et nous rentrerons sur le terrain avec nos armes.<\/p>\n<p>\u00ab\u00a0Ousmane Demb\u00e9l\u00e9 a \u00e9t\u00e9 l\u2019un des meilleurs joueurs cette saison, si ce n\u2019est le meilleur. Il attaque, il marque des buts, il fait des passes d\u00e9cisives, il d\u00e9fend.\u00a0\u00bb<\/p>\n<p>Luis Enrique<\/p>\n<p class=\"paragraph text_align_left\"><b>Finalement, le fait d\u2019avoir \u00e9cart\u00e9 Ousmane Demb\u00e9l\u00e9 \u00e0 Arsenal est peut-\u00eatre votre meilleure d\u00e9cision\u2026<\/b><\/p>\n<p class=\"paragraph text_align_left\">J\u2019ai un des meilleurs effectifs d\u2019Europe et mon seul souci est d\u2019unir tous les efforts vers le collectif. Il peut toujours y avoir des pol\u00e9miques, des discussions, mais c\u2019est le travail de l\u2019entra\u00eeneur que de prendre des d\u00e9cisions. Parfois tu te trompes, mais je me sens \u00e0 l\u2019aise avec toutes les d\u00e9cisions que j\u2019ai prises.<\/p>\n<p class=\"paragraph text_align_left\"><b>\u00c0 quel point aimez-vous l\u2019\u00e9tat d\u2019esprit de Demb\u00e9l\u00e9 qui, m\u00eame s\u2019il marque beaucoup, continue de faire les efforts pour l\u2019\u00e9quipe\u00a0?<\/b><\/p>\n<p class=\"paragraph text_align_left\">On sait exactement comment grandir avec cet \u00e9tat d\u2019esprit et cette mentalit\u00e9. On ne peut pas jouer sur le plan individuel, c\u2019est \u00e9vident. On doit \u00eatre une \u00e9quipe. Ousmane Demb\u00e9l\u00e9 a \u00e9t\u00e9 l\u2019un des meilleurs joueurs cette saison, si ce n\u2019est le meilleur. Il attaque, il marque des buts, il fait des passes d\u00e9cisives, il d\u00e9fend. C\u2019est un vrai leader et c\u2019est g\u00e9nial de l\u2019entendre. Je suis ravi d\u2019avoir pu lui donner la confiance pour briller.<\/p>\n<p class=\"paragraph text_align_left\"><b>En cas de victoire, est-ce que ce serait le plus beau succ\u00e8s de votre carri\u00e8re\u00a0?<\/b><\/p>\n<p class=\"paragraph text_align_left\">Ma motivation, c\u2019est de marquer l\u2019histoire pour Paris. D\u2019\u00eatre important pour un club et pour toute une ville qui nous soutient. Je me sens tr\u00e8s chanceux d\u2019\u00eatre assis ici, de pouvoir profiter de ce match. J\u2019accepterai ce que le football nous donnera demain (samedi), mais je suis s\u00fbr qu\u2019on va tout donner pour le club et pour nos supporters.<\/p>\n","protected":false},"excerpt":{"rendered":"D\u00e9tendu et m\u00eame dr\u00f4le. Alors que Marquinhos et Ousmane Demb\u00e9l\u00e9 viennent d\u2019en finir avec les obligations m\u00e9dias, Luis&hellip;\n","protected":false},"author":2,"featured_media":141207,"comment_status":"","ping_status":"","sticky":false,"template":"","format":"standard","meta":{"footnotes":""},"categories":[1888],"tags":[1111,1928,11,1927,1777,674,63,1011,27,447,12,1926,626,1925,25,60],"class_list":{"0":"post-141206","1":"post","2":"type-post","3":"status-publish","4":"format-standard","5":"has-post-thumbnail","7":"category-paris","8":"tag-actu","9":"tag-actu-paris","10":"tag-actualites","11":"tag-actualites-paris","12":"tag-eu","13":"tag-europe","14":"tag-football","15":"tag-fr","16":"tag-france","17":"tag-ligue-des-champions","18":"tag-news","19":"tag-news-paris","20":"tag-paris","21":"tag-paris-news","22":"tag-republique-francaise","23":"tag-sports"},"share_on_mastodon":{"url":"https:\/\/pubeurope.com\/@fr\/114601435171049312","error":""},"_links":{"self":[{"href":"https:\/\/www.europesays.com\/fr\/wp-json\/wp\/v2\/posts\/141206","targetHints":{"allow":["GET"]}}],"collection":[{"href":"https:\/\/www.europesays.com\/fr\/wp-json\/wp\/v2\/posts"}],"about":[{"href":"https:\/\/www.europesays.com\/fr\/wp-json\/wp\/v2\/types\/post"}],"author":[{"embeddable":true,"href":"https:\/\/www.europesays.com\/fr\/wp-json\/wp\/v2\/users\/2"}],"replies":[{"embeddable":true,"href":"https:\/\/www.europesays.com\/fr\/wp-json\/wp\/v2\/comments?post=141206"}],"version-history":[{"count":0,"href":"https:\/\/www.europesays.com\/fr\/wp-json\/wp\/v2\/posts\/141206\/revisions"}],"wp:featuredmedia":[{"embeddable":true,"href":"https:\/\/www.europesays.com\/fr\/wp-json\/wp\/v2\/media\/141207"}],"wp:attachment":[{"href":"https:\/\/www.europesays.com\/fr\/wp-json\/wp\/v2\/media?parent=141206"}],"wp:term":[{"taxonomy":"category","embeddable":true,"href":"https:\/\/www.europesays.com\/fr\/wp-json\/wp\/v2\/categories?post=141206"},{"taxonomy":"post_tag","embeddable":true,"href":"https:\/\/www.europesays.com\/fr\/wp-json\/wp\/v2\/tags?post=141206"}],"curies":[{"name":"wp","href":"https:\/\/api.w.org\/{rel}","templated":true}]}}