{"id":141208,"date":"2025-05-31T08:11:14","date_gmt":"2025-05-31T08:11:14","guid":{"rendered":"https:\/\/www.europesays.com\/fr\/141208\/"},"modified":"2025-05-31T08:11:14","modified_gmt":"2025-05-31T08:11:14","slug":"le-mur-vegetal-du-bhv-homme-paris-4e-toujours-aussi-beau-et-foisonnant","status":"publish","type":"post","link":"https:\/\/www.europesays.com\/fr\/141208\/","title":{"rendered":"Le Mur v\u00e9g\u00e9tal du BHV Homme (Paris 4e) toujours aussi beau et foisonnant"},"content":{"rendered":"<p><img loading=\"lazy\" decoding=\"async\" class=\"aligncenter size-full wp-image-74333\" src=\"https:\/\/www.europesays.com\/fr\/wp-content\/uploads\/2025\/05\/Mur-Vegetal_Patrick-Blanc_BHV_Paris_mai_2025_01.jpg\" alt=\"Mur v\u00e9g\u00e9tal r\u00e9alis\u00e9 par Patrick Blanc, BHV Homme, rue de la Verrerie, Paris 4e (75)\" width=\"598\" height=\"797\"\/><\/p>\n<p><strong>Les ann\u00e9es passent, mais le mur v\u00e9g\u00e9tal install\u00e9 par Patrick Blanc dans la rue de la Verrerie (Paris 4e) sur la fa\u00e7ade du BHV Homme offre une belle diversit\u00e9 v\u00e9g\u00e9tale et est toujours aussi prolifique.<\/strong><\/p>\n<p>\t\t\t\t<a href=\"https:\/\/www.pariscotejardin.fr\/2025\/05\/le-mur-vegetal-du-bhv-homme-paris-4e-toujours-aussi-beau-et-foisonnant\/paris-75-94\/\" target=\"_blank\" rel=\"noopener\"><img loading=\"lazy\" decoding=\"async\" width=\"598\" height=\"797\" src=\"https:\/\/www.europesays.com\/fr\/wp-content\/uploads\/2025\/05\/Abutilon_Mur-Vegetal_Patrick-Blanc_BHV_Paris_mai_2025_02.jpg\" class=\"attachment-full size-full\" alt=\"Abutilon, mur v\u00e9g\u00e9tal r\u00e9alis\u00e9 par Patrick Blanc, BHV Homme, rue de la Verrerie, Paris 4e (75)\"\/><\/a><\/p>\n<p>\t\t\t\t<a href=\"https:\/\/www.pariscotejardin.fr\/2025\/05\/le-mur-vegetal-du-bhv-homme-paris-4e-toujours-aussi-beau-et-foisonnant\/paris-75-95\/\" target=\"_blank\" rel=\"noopener\"><img loading=\"lazy\" decoding=\"async\" width=\"598\" height=\"797\" src=\"https:\/\/www.europesays.com\/fr\/wp-content\/uploads\/2025\/05\/Fuchsia_Mur-Vegetal_Patrick-Blanc_BHV_Paris_mai_2025_04.jpg\" class=\"attachment-full size-full\" alt=\"Fuchsia, mur v\u00e9g\u00e9tal r\u00e9alis\u00e9 par Patrick Blanc, BHV Homme, rue de la Verrerie, Paris 4e (75)\"\/><\/a><\/p>\n<p>Ci-dessus, deux gros buissons form\u00e9s par un abutilon, parfaitement rustique dans Paris intra muros, et un fuchsia. En ce mois de mai finissant, les deux sont couverts de fleurs et ces belles floraison devraient se prolonger pendant toute la belle saison.<\/p>\n<p><img loading=\"lazy\" decoding=\"async\" class=\"aligncenter size-full wp-image-74336\" src=\"https:\/\/www.europesays.com\/fr\/wp-content\/uploads\/2025\/05\/Mur-Vegetal_Patrick-Blanc_BHV_Paris_mai_2025_03.jpg\" alt=\"Mur v\u00e9g\u00e9tal r\u00e9alis\u00e9 par Patrick Blanc, BHV Homme, rue de la Verrerie, Paris 4e (75)\" width=\"598\" height=\"797\"\/><\/p>\n<p>Un bel espace de jungle urbaine, dispos\u00e9 comme un grand tableau en plein coeur d\u2019un quartier tr\u00e8s min\u00e9ralis\u00e9. Il faut juste lever la t\u00eate et les yeux pour l\u2019admirer !<\/p>\n","protected":false},"excerpt":{"rendered":"Les ann\u00e9es passent, mais le mur v\u00e9g\u00e9tal install\u00e9 par Patrick Blanc dans la rue de la Verrerie (Paris&hellip;\n","protected":false},"author":2,"featured_media":141209,"comment_status":"","ping_status":"","sticky":false,"template":"","format":"standard","meta":{"footnotes":""},"categories":[1888],"tags":[11,26888,1777,674,1011,27,2565,26889,12,626,26890,26891,26892,4767,25,26893],"class_list":{"0":"post-141208","1":"post","2":"type-post","3":"status-publish","4":"format-standard","5":"has-post-thumbnail","7":"category-paris","8":"tag-actualites","9":"tag-bhv-homme","10":"tag-eu","11":"tag-europe","12":"tag-fr","13":"tag-france","14":"tag-mai","15":"tag-mur-vegetal","16":"tag-news","17":"tag-paris","18":"tag-paris-4e","19":"tag-paris-4eme","20":"tag-patrick-blanc","21":"tag-printemps","22":"tag-republique-francaise","23":"tag-rue-de-la-verrerie"},"share_on_mastodon":{"url":"https:\/\/pubeurope.com\/@fr\/114601439072158546","error":""},"_links":{"self":[{"href":"https:\/\/www.europesays.com\/fr\/wp-json\/wp\/v2\/posts\/141208","targetHints":{"allow":["GET"]}}],"collection":[{"href":"https:\/\/www.europesays.com\/fr\/wp-json\/wp\/v2\/posts"}],"about":[{"href":"https:\/\/www.europesays.com\/fr\/wp-json\/wp\/v2\/types\/post"}],"author":[{"embeddable":true,"href":"https:\/\/www.europesays.com\/fr\/wp-json\/wp\/v2\/users\/2"}],"replies":[{"embeddable":true,"href":"https:\/\/www.europesays.com\/fr\/wp-json\/wp\/v2\/comments?post=141208"}],"version-history":[{"count":0,"href":"https:\/\/www.europesays.com\/fr\/wp-json\/wp\/v2\/posts\/141208\/revisions"}],"wp:featuredmedia":[{"embeddable":true,"href":"https:\/\/www.europesays.com\/fr\/wp-json\/wp\/v2\/media\/141209"}],"wp:attachment":[{"href":"https:\/\/www.europesays.com\/fr\/wp-json\/wp\/v2\/media?parent=141208"}],"wp:term":[{"taxonomy":"category","embeddable":true,"href":"https:\/\/www.europesays.com\/fr\/wp-json\/wp\/v2\/categories?post=141208"},{"taxonomy":"post_tag","embeddable":true,"href":"https:\/\/www.europesays.com\/fr\/wp-json\/wp\/v2\/tags?post=141208"}],"curies":[{"name":"wp","href":"https:\/\/api.w.org\/{rel}","templated":true}]}}