{"id":141210,"date":"2025-05-31T08:12:11","date_gmt":"2025-05-31T08:12:11","guid":{"rendered":"https:\/\/www.europesays.com\/fr\/141210\/"},"modified":"2025-05-31T08:12:11","modified_gmt":"2025-05-31T08:12:11","slug":"la-ratp-apporte-son-soutien-au-psg-dans-ses-stations-de-metro","status":"publish","type":"post","link":"https:\/\/www.europesays.com\/fr\/141210\/","title":{"rendered":"la RATP apporte son soutien au PSG dans ses stations de m\u00e9tro"},"content":{"rendered":"<p>            Par<br \/>\n        <strong><br \/>\n            <a href=\"https:\/\/actu.fr\/auteur\/thomas-martin\" title=\"Consulter tous les articles de Thomas Martin\" rel=\"nofollow noopener\" target=\"_blank\">Thomas Martin<\/a><br \/>\n        <\/strong><\/p>\n<p>        Publi\u00e9 le<\/p>\n<p>            31 mai 2025 \u00e0 9h44        <\/p>\n<p>C\u2019est le grand jour. Alors que la finale de la <a href=\"https:\/\/actu.fr\/tag\/ligue-des-champions\" rel=\"nofollow noopener\" target=\"_blank\">Ligue des Champions<\/a> <a href=\"https:\/\/actu.fr\/ile-de-france\/paris_75056\/paris-vainqueur-de-la-ligue-des-champions-les-previsions-de-l-ia-pour-la-finale-psg-inter_62711169.html\" rel=\"nofollow noopener\" target=\"_blank\">PSG-Inter<\/a> se d\u00e9roule ce samedi 31 mai \u00e0 Munich, la <a href=\"https:\/\/actu.fr\/tag\/ratp\" rel=\"nofollow noopener\" target=\"_blank\">RATP<\/a>, comme elle en a l\u2019habitude lors des grands \u00e9v\u00e8nement sportifs, a rebaptis\u00e9 la station Porte de Saint-Cloud sur la ligne 9, qui m\u00e8ne au parc des Princes, <a href=\"https:\/\/actu.fr\/ile-de-france\/paris_75056\/ici-c-est-paris-comment-est-ne-le-slogan-du-psg-qui-se-retrouve-sur-un-album-de-rap_52960002.html\" rel=\"nofollow noopener\" target=\"_blank\">\u00ab\u00a0Ici c\u2019est Paris\u00a0\u00bb<\/a>. Sur la ligne 10, la station Porte d\u2019Auteuil \u00e9galement emprunt\u00e9 par les supporters les soirs de match s\u2019appellent pour l\u2019occasion \u00ab\u00a0Virage d\u2019Auteuil\u00a0\u00bb.\u00a0<\/p>\n<p class=\" wall-content\">\n<p class=\" wall-content\">\n<p class=\" wall-content\">La finale de Ligue des champions entre le Paris SG et l\u2019Inter Milan sera diffus\u00e9e sur un \u00e9cran g\u00e9ant au Parc des Princes. \u00ab\u00a0Si toute la famille Rouge et Bleu ne pourra pas \u00eatre \u00e0 Munich, elle doit pouvoir vivre ce moment m\u00e9morable de mani\u00e8re intense et hors norme\u00a0\u00bb, a \u00e9crit le club dans un communiqu\u00e9.<br \/>\u00ab\u00a0Au programme : diffusion de la finale sur des \u00e9crans g\u00e9ants, offres de restauration accessibles \u00e0 tous et nombreuses animations dans l\u2019enceinte du stade\u00a0\u00bb, pr\u00e9cise le club de la capitale.<\/p>\n<p class=\" wall-content\"><strong>Avec AFP<\/strong><\/p>\n<p class=\" wall-content\">Suivez toute l\u2019actualit\u00e9 de vos villes et m\u00e9dias favoris en vous inscrivant \u00e0 <a href=\"https:\/\/moncompte.actu.fr\" title=\"D\u00e9couvez Mon Actu\" rel=\"nofollow noopener\" data-trk=\"{&quot;cta&quot;:{&quot;action&quot;:&quot;https:\\\/\\\/moncompte.actu.fr&quot;,&quot;category&quot;:&quot;mon compte&quot;,&quot;from&quot;:&quot;article footer&quot;,&quot;name&quot;:&quot;Mon actu&quot;,&quot;type&quot;:&quot;cta&quot;}}\" target=\"_blank\">Mon Actu<\/a>.<\/p>\n","protected":false},"excerpt":{"rendered":"Par Thomas Martin Publi\u00e9 le 31 mai 2025 \u00e0 9h44 C\u2019est le grand jour. Alors que la finale&hellip;\n","protected":false},"author":2,"featured_media":141211,"comment_status":"","ping_status":"","sticky":false,"template":"","format":"standard","meta":{"footnotes":""},"categories":[1888],"tags":[11,1777,674,63,1011,27,12,2334,626,2332,625,25,60],"class_list":{"0":"post-141210","1":"post","2":"type-post","3":"status-publish","4":"format-standard","5":"has-post-thumbnail","7":"category-paris","8":"tag-actualites","9":"tag-eu","10":"tag-europe","11":"tag-football","12":"tag-fr","13":"tag-france","14":"tag-news","15":"tag-parc-des-princes","16":"tag-paris","17":"tag-paris-saint-germain-psg","18":"tag-ratp","19":"tag-republique-francaise","20":"tag-sports"},"share_on_mastodon":{"url":"https:\/\/pubeurope.com\/@fr\/114601443096863095","error":""},"_links":{"self":[{"href":"https:\/\/www.europesays.com\/fr\/wp-json\/wp\/v2\/posts\/141210","targetHints":{"allow":["GET"]}}],"collection":[{"href":"https:\/\/www.europesays.com\/fr\/wp-json\/wp\/v2\/posts"}],"about":[{"href":"https:\/\/www.europesays.com\/fr\/wp-json\/wp\/v2\/types\/post"}],"author":[{"embeddable":true,"href":"https:\/\/www.europesays.com\/fr\/wp-json\/wp\/v2\/users\/2"}],"replies":[{"embeddable":true,"href":"https:\/\/www.europesays.com\/fr\/wp-json\/wp\/v2\/comments?post=141210"}],"version-history":[{"count":0,"href":"https:\/\/www.europesays.com\/fr\/wp-json\/wp\/v2\/posts\/141210\/revisions"}],"wp:featuredmedia":[{"embeddable":true,"href":"https:\/\/www.europesays.com\/fr\/wp-json\/wp\/v2\/media\/141211"}],"wp:attachment":[{"href":"https:\/\/www.europesays.com\/fr\/wp-json\/wp\/v2\/media?parent=141210"}],"wp:term":[{"taxonomy":"category","embeddable":true,"href":"https:\/\/www.europesays.com\/fr\/wp-json\/wp\/v2\/categories?post=141210"},{"taxonomy":"post_tag","embeddable":true,"href":"https:\/\/www.europesays.com\/fr\/wp-json\/wp\/v2\/tags?post=141210"}],"curies":[{"name":"wp","href":"https:\/\/api.w.org\/{rel}","templated":true}]}}