{"id":141224,"date":"2025-05-31T08:19:09","date_gmt":"2025-05-31T08:19:09","guid":{"rendered":"https:\/\/www.europesays.com\/fr\/141224\/"},"modified":"2025-05-31T08:19:09","modified_gmt":"2025-05-31T08:19:09","slug":"hors-de-lue-point-de-salut-bien-au-contraire","status":"publish","type":"post","link":"https:\/\/www.europesays.com\/fr\/141224\/","title":{"rendered":"Hors de l\u2019UE, point de salut? Bien au contraire\u2026"},"content":{"rendered":"<p>              <a tabindex=\"-1\" title=\"Kevin Grangier\" href=\"https:\/\/www.letemps.ch\/profil\/kevin-grangier\" target=\"_blank\" rel=\"noopener\"><\/p>\n<p>                    <img decoding=\"async\" src=\"https:\/\/www.europesays.com\/fr\/wp-content\/uploads\/2025\/05\/1748679549_922_small.jpeg\" class=\"lazy\" alt=\"\"\/><\/p>\n<p><\/a>        <\/p>\n<p>    Publi\u00e9 le 30 mai 2025 \u00e0 15:54. \/ Modifi\u00e9 le 31 mai 2025 \u00e0 07:08.<\/p>\n<p> 3 min. de lecture<\/p>\n<p>Le plafond de la chapelle Sixtine est mondialement c\u00e9l\u00e8bre. Plusieurs sc\u00e8nes bibliques y sont repr\u00e9sent\u00e9es. La plus connue est celle de la cr\u00e9ation d\u2019Adam. Mais c\u2019est une autre fresque qui nous int\u00e9resse ici: celle o\u00f9 Adam et Eve sont chass\u00e9s du paradis par un ange, condamn\u00e9s \u00e0 affronter leur destin.<\/p>\n<p>\u00abChass\u00e9e du paradis\u00bb : ce sont les mots qu\u2019a r\u00e9cemment employ\u00e9s le proph\u00e8te autoproclam\u00e9 Fran\u00e7ois Cherix pour parler de la Suisse, de sa neutralit\u00e9 et de sa politique europ\u00e9enne, dans une chronique parue dans Le Temps. \u00abL\u2019histoire fut douce pour la Conf\u00e9d\u00e9ration\u00bb, \u00e9crit-il encore. Elle aurait \u00e9t\u00e9 \u00abg\u00e9n\u00e9reuse\u00bb et \u00abprotectrice\u00bb. Et parce que neutres, les Helv\u00e8tes fuiraient leurs responsabilit\u00e9s face aux tourments du monde.<\/p>\n<p>    L\u2019histoire ne s\u2019arr\u00eate pas l\u00e0.<\/p>\n<p class=\"post-subscribe__mention\">Restez inform\u00e9(e) sans limites pendant toute l&rsquo;ann\u00e9e \u2192 votre abonnement digital mensuel d\u00e8s CHF 29.- \/ mois.<\/p>\n<p class=\"post-subscribe__mention post-subscribe__mention--temporary\">Abonnez-vous en quelques clics et payez facilement avec <b>Twint<\/b>.<\/p>\n<p>    <a class=\"button is-secondary\" data-event=\"click-&gt;clicked\" href=\"https:\/\/www.letemps.ch\/abonnements?wall_id=19\" target=\"_blank\" rel=\"noopener\">Je m&rsquo;abonne<\/a><\/p>\n<p class=\"post-subscribe__login\">\n        Vous avez d\u00e9j\u00e0 un compte ?<br \/>\n        <a class=\"link\" rel=\"nofollow noopener\" href=\"https:\/\/www.letemps.ch\/compte\/connexion?return_to=https%3A%2F%2Fwww.letemps.ch%2Fopinions%2Fdebats%2Fhors-de-l-ue-point-de-salut-bien-au-contraire\" target=\"_blank\">Se connecter<\/a>\n      <\/p>\n","protected":false},"excerpt":{"rendered":"Publi\u00e9 le 30 mai 2025 \u00e0 15:54. \/ Modifi\u00e9 le 31 mai 2025 \u00e0 07:08. 3 min. de&hellip;\n","protected":false},"author":2,"featured_media":141225,"comment_status":"","ping_status":"","sticky":false,"template":"","format":"standard","meta":{"footnotes":""},"categories":[1586],"tags":[11,73,1777,674,1779,1011,27,12,6328,301,25,2582,1778,364],"class_list":{"0":"post-141224","1":"post","2":"type-post","3":"status-publish","4":"format-standard","5":"has-post-thumbnail","7":"category-europe","8":"tag-actualites","9":"tag-etats-unis","10":"tag-eu","11":"tag-europe","12":"tag-european-union","13":"tag-fr","14":"tag-france","15":"tag-news","16":"tag-politique-federale","17":"tag-premium","18":"tag-republique-francaise","19":"tag-suisse-ue","20":"tag-ue","21":"tag-union-europeenne"},"share_on_mastodon":{"url":"https:\/\/pubeurope.com\/@fr\/114601470463186024","error":""},"_links":{"self":[{"href":"https:\/\/www.europesays.com\/fr\/wp-json\/wp\/v2\/posts\/141224","targetHints":{"allow":["GET"]}}],"collection":[{"href":"https:\/\/www.europesays.com\/fr\/wp-json\/wp\/v2\/posts"}],"about":[{"href":"https:\/\/www.europesays.com\/fr\/wp-json\/wp\/v2\/types\/post"}],"author":[{"embeddable":true,"href":"https:\/\/www.europesays.com\/fr\/wp-json\/wp\/v2\/users\/2"}],"replies":[{"embeddable":true,"href":"https:\/\/www.europesays.com\/fr\/wp-json\/wp\/v2\/comments?post=141224"}],"version-history":[{"count":0,"href":"https:\/\/www.europesays.com\/fr\/wp-json\/wp\/v2\/posts\/141224\/revisions"}],"wp:featuredmedia":[{"embeddable":true,"href":"https:\/\/www.europesays.com\/fr\/wp-json\/wp\/v2\/media\/141225"}],"wp:attachment":[{"href":"https:\/\/www.europesays.com\/fr\/wp-json\/wp\/v2\/media?parent=141224"}],"wp:term":[{"taxonomy":"category","embeddable":true,"href":"https:\/\/www.europesays.com\/fr\/wp-json\/wp\/v2\/categories?post=141224"},{"taxonomy":"post_tag","embeddable":true,"href":"https:\/\/www.europesays.com\/fr\/wp-json\/wp\/v2\/tags?post=141224"}],"curies":[{"name":"wp","href":"https:\/\/api.w.org\/{rel}","templated":true}]}}