{"id":141228,"date":"2025-05-31T08:21:11","date_gmt":"2025-05-31T08:21:11","guid":{"rendered":"https:\/\/www.europesays.com\/fr\/141228\/"},"modified":"2025-05-31T08:21:11","modified_gmt":"2025-05-31T08:21:11","slug":"a-marseille-psg-inter-milan-en-finale-de-ligue-des-champions-sera-aussi-un-enjeu-de-securite","status":"publish","type":"post","link":"https:\/\/www.europesays.com\/fr\/141228\/","title":{"rendered":"\u00c0 Marseille, PSG &#8211; Inter Milan en finale de Ligue des champions sera aussi un enjeu de s\u00e9curit\u00e9"},"content":{"rendered":"<p>        <img decoding=\"async\" loading=\"lazy\" src=\"https:\/\/www.europesays.com\/fr\/wp-content\/uploads\/2025\/05\/9ddad9c_sirius-fs-upload-1-min70byvgdfz-1748594829586-000-48bn79d.jpg\"  width=\"728\" height=\"409\" alt=\"Le r\u00e9sultat de la finale de Ligue des Champions du PSG ce samedi 31\u00a0mai face \u00e0 l\u2019Inter sera \u00e9videmment particuli\u00e8rement scrut\u00e9 \u00e0 Marseille, seul club fran\u00e7ais \u00e0 avoir gagn\u00e9 la plus belle des coupes d\u2019Europe.\"\/>  <\/p>\n<p>CHRISTOPHE SIMON \/ AFP<\/p>\n<p>Le r\u00e9sultat de la finale de Ligue des Champions du PSG ce samedi 31\u00a0mai face \u00e0 l\u2019Inter sera \u00e9videmment particuli\u00e8rement scrut\u00e9 \u00e0 Marseille, seul club fran\u00e7ais \u00e0 avoir gagn\u00e9 la plus belle des coupes d\u2019Europe.<\/p>\n<p class=\"asset asset-text\">SPORT &#8211; La finale de la Ligue des champions entre <a href=\"https:\/\/www.huffingtonpost.fr\/sport\/article\/khvicha-kvaratskhelia-le-chainon-qui-manquait-au-psg-de-luis-enrique-pour-gagner-la-ligue-des-champions_250531.html\" rel=\"nofollow noopener\" target=\"_blank\">le PSG<\/a> et l\u2019Inter Milan ce samedi 31\u00a0mai pr\u00e9voit d\u00e9j\u00e0 d\u2019\u00eatre un <a href=\"https:\/\/www.huffingtonpost.fr\/france\/article\/psg-inter-milan-pourquoi-il-n-y-aura-pas-de-fan-zones-officielles-et-gratuites-a-paris_250686.html\" rel=\"nofollow noopener\" target=\"_blank\">casse-t\u00eate s\u00e9curitaire<\/a> dans la capitale, notamment en cas de victoire de Paris et d\u2019une \u00e9ventuelle parade sur les Champs-\u00c9lys\u00e9es le lendemain.<\/p>\n<p class=\"asset asset-text\">Mais \u00e0 un peu plus de 650\u00a0kilom\u00e8tres au sud de la capitale, dans une certaine ville portuaire au bord de la M\u00e9diterann\u00e9e, ce match sera tout aussi scrut\u00e9. \u00c0 Marseille, les autorit\u00e9s se pr\u00e9parent \u00e9galement \u00e0 une nuit agit\u00e9e, quel que soit le r\u00e9sultat.<\/p>\n<p class=\"asset asset-text\">\u00ab\u00a0Les services de police ont d\u00e9tect\u00e9 un risque de c\u00e9l\u00e9bration sur la voie publique en fonction du r\u00e9sultat de cette finale\u00a0\u00bb, affirmait ainsi la pr\u00e9fecture de police des Bouches-du-Rh\u00f4ne aupr\u00e8s de <a href=\"https:\/\/www.lequipe.fr\/Football\/Actualites\/Un-risque-de-celebration-detecte-a-marseille-par-les-autorites-si-le-psg-perd-en-finale-de-ligue-des-champions\/1563606\" target=\"_blank\" rel=\"noopener nofollow\" title=\"Nouvelle fen\u00eatre\">L\u2019\u00c9quipe <\/a>d\u00e8s le 21\u00a0mai dernier. Un dispositif de s\u00e9curisation de la voie publique sera \u00ab\u00a0pr\u00eat \u00e0 \u00eatre d\u00e9ploy\u00e9 et adapt\u00e9 \u00e0 toutes les circonstances\u00a0\u00bb, poursuivait la \u00ab\u00a0PP 13\u00a0\u00bb aupr\u00e8s du quotidien sportif.<\/p>\n<p>    Une \u00ab\u00a0soir\u00e9e \u00e0 risques\u00a0\u00bb en cas de victoire parisienne    <\/p>\n<p class=\"asset asset-text\">Sc\u00e9nario A\u00a0: le Paris Saint-Germain terrasse l\u2019Inter Milan, et devient le deuxi\u00e8me club fran\u00e7ais \u00e0 soulever la Ligue des champions, 22\u00a0ans apr\u00e8s l\u2019Olympique de Marseille. Dans ce cas, des incidents dans la cit\u00e9 phoc\u00e9enne sont redout\u00e9s par la pr\u00e9fecture de police des Bouches-du-Rh\u00f4ne. \u00ab\u00a0C\u2019est normal d\u2019anticiper cela, une victoire du PSG, avec la rivalit\u00e9 existante, pourrait faire perdre la t\u00eate \u00e0 certains\u00a0\u00bb, explique aupr\u00e8s de <a href=\"https:\/\/rmcsport.bfmtv.com\/football\/ligue-des-champions\/psg-inter-le-maillot-parisien-ne-sera-pas-interdit-a-marseille-pour-la-finale-mais_AV-202505280398.html\" target=\"_blank\" rel=\"noopener nofollow\" title=\"Nouvelle fen\u00eatre\">RMC Sport<\/a> une source polici\u00e8re locale. \u00ab\u00a0Vous associez cela \u00e0 la d\u00e9linquance d\u2019opportunit\u00e9 et vous pouvez obtenir une soir\u00e9e \u00e0 risques, c\u2019est donc normal de pr\u00e9parer un dispositif qui sera pr\u00eat \u00e0 \u00eatre d\u00e9ploy\u00e9 samedi soir\u00a0\u00bb, poursuit-elle.<\/p>\n<p class=\"asset asset-text\">\u00c0 noter que contrairement \u00e0 la derni\u00e8re finale de Ligue des Champions du PSG, en 2020, aucun arr\u00eat\u00e9 pr\u00e9fectoral n\u2019a \u00e9t\u00e9 pris pour\u2026 interdire le port d\u2019un maillot du PSG \u00e0 Marseille. Il y a cinq ans, un texte interdisant \u00ab\u00a0d\u2019arborer les couleurs du PSG\u00a0\u00bb &#8211; sous peine d\u2019une amende pouvant grimper jusqu\u2019\u00e0 300\u00a0000\u00a0euros et une peine de six mois de prison &#8211; avait provoqu\u00e9 un toll\u00e9, avant d\u2019\u00eatre finalement abrog\u00e9 en moins de 24\u00a0heures.<\/p>\n<p class=\"asset asset-text\">Toutefois, il n\u2019y a pas besoin d\u2019\u00eatre pr\u00e9fet de police pour vivement d\u00e9conseiller \u00e0 un fan parisien de c\u00e9l\u00e9brer une \u00e9ventuelle victoire du PSG sur le Vieux-Port avec un maillot d\u2019Ousmane Demb\u00e9l\u00e9 ou de Bradley Barcola. J\u00e9r\u00e9my, supporter parisien ayant v\u00e9cu la finale de 2020\u00a0du PSG \u00e0 Marseille, se souvient par exemple aupr\u00e8s de l\u2019AFP avoir \u00ab\u00a0entendu dans la rue, dans les restos, des trucs \u00e0 limite de la haine\u00a0\u00bb, qui l\u2019avaient \u00ab\u00a0vraiment choqu\u00e9\u00a0\u00bb.<\/p>\n<p>    Et si le PSG perd\u00a0?    <\/p>\n<p class=\"asset asset-text\">Sc\u00e9nario B\u00a0: comme il y a cinq ans face au Bayern Munich, le PSG s\u2019\u00e9croule en finale face \u00e0 l\u2019Inter, et ne saisit de nouveau pas l\u2019occasion d\u2019inscrire son nom au palmar\u00e8s de la plus belle des coupes d\u2019Europe. Dans ce cas, ce seraient \u00ab\u00a0plut\u00f4t des c\u00e9l\u00e9brations que l\u2019on devrait voir dans le centre-ville\u00a0\u00bb de Marseille, affirme aupr\u00e8s de RMC Sport la m\u00eame source polici\u00e8re.<\/p>\n<p class=\"asset asset-text\">Tout laisse en effet \u00e0 penser qu\u2019on sera assez loin d\u2019avoir \u00ab\u00a0toute la France derri\u00e8re le PSG\u00a0\u00bb, comme l\u2019assurait la ministre des Sports, Marie Barsacq. Du moins, pas \u00e0 Marseille, malgr\u00e9 le soutien \u00e0 Paris de certaines l\u00e9gendes de la ville, de <a href=\"https:\/\/www.huffingtonpost.fr\/sport\/article\/cette-declaration-de-zidane-sur-l-equipe-de-france-de-foot-en-dit-long-sur-son-avenir_250599.html\" rel=\"nofollow noopener\" target=\"_blank\">Zin\u00e9dine Zidane<\/a> \u00e0 Didier Deschamps jusqu\u2019au buteur de la finale de 1993, Basile Boli.<\/p>\n<p class=\"asset asset-text\">Preuve en est\u00a0: les maillots de l\u2019Inter Milan sont en rupture de stock un peu partout dans la cit\u00e9 phoc\u00e9enne, comme le racontent plusieurs patrons de boutiques sportives marseillaises aupr\u00e8s de <a href=\"https:\/\/www.tf1info.fr\/sport\/football-finale-psg-inter-milan-on-a-tout-vendu-a-marseille-on-s-arrache-le-maillot-de-l-inter-rupture-de-stock-ligue-des-champions-2373115.html\" target=\"_blank\" rel=\"noopener nofollow\" title=\"Nouvelle fen\u00eatre\">TF1\u00a0<\/a>ou de <a href=\"https:\/\/france3-regions.franceinfo.fr\/provence-alpes-cote-d-azur\/bouches-du-rhone\/marseille\/vrai-ou-faux-les-supporters-de-l-om-se-jettent-ils-vraiment-sur-les-maillots-de-l-inter-milan-3160965.html\" target=\"_blank\" rel=\"noopener nofollow\" title=\"Nouvelle fen\u00eatre\">France 3<\/a>. Si ces enseignes ne disposaient pas de stocks cons\u00e9quents de maillots du club italien, pas particuli\u00e8rement populaire en France, cela donne tout de m\u00eame un indice du niveau d\u2019engagement de certains supporters marseillais. Et des possibles c\u00e9l\u00e9brations spontan\u00e9es auxquelles on pourrait assister ce samedi soir.<\/p>\n","protected":false},"excerpt":{"rendered":"CHRISTOPHE SIMON \/ AFP Le r\u00e9sultat de la finale de Ligue des Champions du PSG ce samedi 31\u00a0mai&hellip;\n","protected":false},"author":2,"featured_media":141229,"comment_status":"","ping_status":"","sticky":false,"template":"","format":"standard","meta":{"footnotes":""},"categories":[2],"tags":[11,63,1011,27,447,12,1176,2332,25,517],"class_list":{"0":"post-141228","1":"post","2":"type-post","3":"status-publish","4":"format-standard","5":"has-post-thumbnail","7":"category-actualites","8":"tag-actualites","9":"tag-football","10":"tag-fr","11":"tag-france","12":"tag-ligue-des-champions","13":"tag-news","14":"tag-olympique-de-marseille","15":"tag-paris-saint-germain-psg","16":"tag-republique-francaise","17":"tag-sport"},"share_on_mastodon":{"url":"https:\/\/pubeurope.com\/@fr\/114601478362386356","error":""},"_links":{"self":[{"href":"https:\/\/www.europesays.com\/fr\/wp-json\/wp\/v2\/posts\/141228","targetHints":{"allow":["GET"]}}],"collection":[{"href":"https:\/\/www.europesays.com\/fr\/wp-json\/wp\/v2\/posts"}],"about":[{"href":"https:\/\/www.europesays.com\/fr\/wp-json\/wp\/v2\/types\/post"}],"author":[{"embeddable":true,"href":"https:\/\/www.europesays.com\/fr\/wp-json\/wp\/v2\/users\/2"}],"replies":[{"embeddable":true,"href":"https:\/\/www.europesays.com\/fr\/wp-json\/wp\/v2\/comments?post=141228"}],"version-history":[{"count":0,"href":"https:\/\/www.europesays.com\/fr\/wp-json\/wp\/v2\/posts\/141228\/revisions"}],"wp:featuredmedia":[{"embeddable":true,"href":"https:\/\/www.europesays.com\/fr\/wp-json\/wp\/v2\/media\/141229"}],"wp:attachment":[{"href":"https:\/\/www.europesays.com\/fr\/wp-json\/wp\/v2\/media?parent=141228"}],"wp:term":[{"taxonomy":"category","embeddable":true,"href":"https:\/\/www.europesays.com\/fr\/wp-json\/wp\/v2\/categories?post=141228"},{"taxonomy":"post_tag","embeddable":true,"href":"https:\/\/www.europesays.com\/fr\/wp-json\/wp\/v2\/tags?post=141228"}],"curies":[{"name":"wp","href":"https:\/\/api.w.org\/{rel}","templated":true}]}}