{"id":141236,"date":"2025-05-31T08:26:11","date_gmt":"2025-05-31T08:26:11","guid":{"rendered":"https:\/\/www.europesays.com\/fr\/141236\/"},"modified":"2025-05-31T08:26:11","modified_gmt":"2025-05-31T08:26:11","slug":"roland-garros-bartoli-on-est-oblige-de-le-comparer-a-nadal-et-de-se-dire-que-sil-y-en-a-un-qui-est-peut-etre-capable-daller-chercher-le-record-monumental-de-djokovic-en-grand-ch","status":"publish","type":"post","link":"https:\/\/www.europesays.com\/fr\/141236\/","title":{"rendered":"Roland Garros > Bartoli : \u00ab\u00a0On est oblig\u00e9 de le comparer \u00e0 Nadal et de se dire que s\u2019il y en a un qui est peut-\u00eatre capable d\u2019aller chercher le record monumental de Djokovic en Grand Chelem, c\u2019est Alcaraz\u00a0\u00bb"},"content":{"rendered":"<p>Sur le plateau de Prime Video avant le match du troi\u00adsi\u00e8me tour entre Carlos Alcaraz et Damir Dzumhur, Marion Bartoli a encens\u00e9 et d\u00e9fendu l\u2019Espagnol, parfois critiqu\u00e9 pour son mode de\u00a0vie.\u00a0<\/p>\n<p><strong>\u00ab\u202fIl a telle\u00adment gagn\u00e9, telle\u00adment jeune, qu\u2019on est oblig\u00e9 de le comparer \u00e0 Nadal et de se dire que s\u2019il y en a un qui est peut\u2010\u00eatre capable d\u2019aller cher\u00adcher le record monu\u00admental de Djokovic en Grand Chelem, c\u2019est Alcaraz. Je crois qu\u2019humainement, c\u2019est telle\u00adment diffi\u00adcile \u00e0 supporter en termes de pres\u00adsion, qu\u2019il s\u2019est dit\u00a0: laissez\u2010moi tran\u00adquille, je veux jouer au tennis, les records, on verra apr\u00e8s, je veux profiter de mes victoires, f\u00eater mes titres, profiter avec mes copains et laissez\u2010moi tran\u00adquille, c\u2019est ma vie. \u00c7a ne l\u2019a pas emp\u00ea\u00adcher de faire le doubl\u00e9 Roland\u2010Garros Wimbledon en 2024. Et il est large\u00adment le favori ici.\u202f\u00bb<\/strong><\/p>\n<p class=\"post-published-date\" style=\"color: silver; font-size: 75%; text-align: left;\">Publi\u00e9 le vendredi 30 mai 2025 \u00e0 21:18<\/p>\n","protected":false},"excerpt":{"rendered":"Sur le plateau de Prime Video avant le match du troi\u00adsi\u00e8me tour entre Carlos Alcaraz et Damir Dzumhur,&hellip;\n","protected":false},"author":2,"featured_media":141237,"comment_status":"","ping_status":"","sticky":false,"template":"","format":"standard","meta":{"footnotes":""},"categories":[1415],"tags":[1744,105,1011,27,1960,60,1467],"class_list":{"0":"post-141236","1":"post","2":"type-post","3":"status-publish","4":"format-standard","5":"has-post-thumbnail","7":"category-tennis","8":"tag-alcaraz","9":"tag-djokovic","10":"tag-fr","11":"tag-france","12":"tag-nadal","13":"tag-sports","14":"tag-tennis"},"share_on_mastodon":{"url":"https:\/\/pubeurope.com\/@fr\/114601497889068683","error":""},"_links":{"self":[{"href":"https:\/\/www.europesays.com\/fr\/wp-json\/wp\/v2\/posts\/141236","targetHints":{"allow":["GET"]}}],"collection":[{"href":"https:\/\/www.europesays.com\/fr\/wp-json\/wp\/v2\/posts"}],"about":[{"href":"https:\/\/www.europesays.com\/fr\/wp-json\/wp\/v2\/types\/post"}],"author":[{"embeddable":true,"href":"https:\/\/www.europesays.com\/fr\/wp-json\/wp\/v2\/users\/2"}],"replies":[{"embeddable":true,"href":"https:\/\/www.europesays.com\/fr\/wp-json\/wp\/v2\/comments?post=141236"}],"version-history":[{"count":0,"href":"https:\/\/www.europesays.com\/fr\/wp-json\/wp\/v2\/posts\/141236\/revisions"}],"wp:featuredmedia":[{"embeddable":true,"href":"https:\/\/www.europesays.com\/fr\/wp-json\/wp\/v2\/media\/141237"}],"wp:attachment":[{"href":"https:\/\/www.europesays.com\/fr\/wp-json\/wp\/v2\/media?parent=141236"}],"wp:term":[{"taxonomy":"category","embeddable":true,"href":"https:\/\/www.europesays.com\/fr\/wp-json\/wp\/v2\/categories?post=141236"},{"taxonomy":"post_tag","embeddable":true,"href":"https:\/\/www.europesays.com\/fr\/wp-json\/wp\/v2\/tags?post=141236"}],"curies":[{"name":"wp","href":"https:\/\/api.w.org\/{rel}","templated":true}]}}