{"id":141238,"date":"2025-05-31T08:28:08","date_gmt":"2025-05-31T08:28:08","guid":{"rendered":"https:\/\/www.europesays.com\/fr\/141238\/"},"modified":"2025-05-31T08:28:08","modified_gmt":"2025-05-31T08:28:08","slug":"motogp-retraite-similaire-a-rossi-pour-bagnaia-pecco-au-volant-dune-lamborghini-temerario","status":"publish","type":"post","link":"https:\/\/www.europesays.com\/fr\/141238\/","title":{"rendered":"MotoGP Retraite similaire \u00e0 Rossi pour Bagnaia ? Pecco au volant d&rsquo;une Lamborghini Temerario"},"content":{"rendered":"<p>Il est bien \u00e9videmment trop t\u00f4t pour parler de retraite pour Francesco Bagnaia m\u00eame si, compte tenu de ses difficult\u00e9s actuelles face \u00e0 Marc Marquez, chez Ducati en MotoGP, l\u2019id\u00e9e de le voir quitter son Team est loin d\u2019\u00eatre saugrenue. Sachant qu\u2019apr\u00e8s deux titres de champion du monde, il n\u2019y aurait rien de d\u00e9shonorant \u00e0 tourner la page\u2026<\/p>\n<blockquote class=\"twitter-tweet\">\n<p dir=\"ltr\" lang=\"en\">\u201cI\u2019ve never experienced anything like this. Reaching 10,000 RPM is simply incredible.\u201d And when it comes from a two-time MotoGP world champion like <a href=\"https:\/\/twitter.com\/PeccoBagnaia?ref_src=twsrc%5Etfw\" target=\"_blank\" rel=\"noopener\">@PeccoBagnaia<\/a>, you\u2019d better believe him.<br \/>See how Francesco and Lamborghini Temerario got along on the Imola circuit on our YouTube\u2026 <a href=\"https:\/\/t.co\/ipwBDLU4v2\" target=\"_blank\">pic.twitter.com\/ipwBDLU4v2<\/a><\/p>\n<p>\u2014 Lamborghini (@Lamborghini) <a href=\"https:\/\/twitter.com\/Lamborghini\/status\/1928360737745010699?ref_src=twsrc%5Etfw\" target=\"_blank\" rel=\"noopener\">May 30, 2025<\/a><\/p>\n<\/blockquote>\n<p>Baganaia et Tardozzi, parenth\u00e8se GT avant le retour en MotoGP<\/p>\n<p>Quoiqu\u2019il en soit, c\u2019est aux commandes d\u2019une Lamborghini Temerario : Fuoriclasse d\u2019un vert vif que le pilote Italien a pris du bon temps, cette semaine. Et pour l\u2019accompagner dans cette nouvelle aventure, un certain Davide Tardozzi \u00e9tait \u00e9galement pr\u00e9sent aux c\u00f4t\u00e9s de son pilote. Voici la s\u00e9quence, publi\u00e9e par la marque Italienne, qui s\u2019offre l\u00e0 un joli coup m\u00e9diatique. Pour sa part, Pecco, fera son retour en <a href=\"https:\/\/lemagsportauto.ouest-france.fr\/tag\/motogp\/\" target=\"_blank\" rel=\"noopener\">MotoGP<\/a> fin de semaine prochaine, avec le Grand-Prix d\u2019Aragon.<\/p>\n<\/p>\n<p>Article publi\u00e9 le 31\/05\/2025 \u00e0 6h25<\/p>\n<p>                                                            <script async src=\"https:\/\/platform.twitter.com\/widgets.js\" charset=\"utf-8\"><\/script><\/p>\n","protected":false},"excerpt":{"rendered":"Il est bien \u00e9videmment trop t\u00f4t pour parler de retraite pour Francesco Bagnaia m\u00eame si, compte tenu de&hellip;\n","protected":false},"author":2,"featured_media":141239,"comment_status":"","ping_status":"","sticky":false,"template":"","format":"standard","meta":{"footnotes":""},"categories":[1413],"tags":[1011,27,18548,26894,1457,1456,1458,60],"class_list":{"0":"post-141238","1":"post","2":"type-post","3":"status-publish","4":"format-standard","5":"has-post-thumbnail","7":"category-moto","8":"tag-fr","9":"tag-france","10":"tag-francesco-bagnaia","11":"tag-lamborghini","12":"tag-moto","13":"tag-motocycle","14":"tag-motogp","15":"tag-sports"},"share_on_mastodon":{"url":"https:\/\/pubeurope.com\/@fr\/114601505773014049","error":""},"_links":{"self":[{"href":"https:\/\/www.europesays.com\/fr\/wp-json\/wp\/v2\/posts\/141238","targetHints":{"allow":["GET"]}}],"collection":[{"href":"https:\/\/www.europesays.com\/fr\/wp-json\/wp\/v2\/posts"}],"about":[{"href":"https:\/\/www.europesays.com\/fr\/wp-json\/wp\/v2\/types\/post"}],"author":[{"embeddable":true,"href":"https:\/\/www.europesays.com\/fr\/wp-json\/wp\/v2\/users\/2"}],"replies":[{"embeddable":true,"href":"https:\/\/www.europesays.com\/fr\/wp-json\/wp\/v2\/comments?post=141238"}],"version-history":[{"count":0,"href":"https:\/\/www.europesays.com\/fr\/wp-json\/wp\/v2\/posts\/141238\/revisions"}],"wp:featuredmedia":[{"embeddable":true,"href":"https:\/\/www.europesays.com\/fr\/wp-json\/wp\/v2\/media\/141239"}],"wp:attachment":[{"href":"https:\/\/www.europesays.com\/fr\/wp-json\/wp\/v2\/media?parent=141238"}],"wp:term":[{"taxonomy":"category","embeddable":true,"href":"https:\/\/www.europesays.com\/fr\/wp-json\/wp\/v2\/categories?post=141238"},{"taxonomy":"post_tag","embeddable":true,"href":"https:\/\/www.europesays.com\/fr\/wp-json\/wp\/v2\/tags?post=141238"}],"curies":[{"name":"wp","href":"https:\/\/api.w.org\/{rel}","templated":true}]}}