{"id":141242,"date":"2025-05-31T08:30:16","date_gmt":"2025-05-31T08:30:16","guid":{"rendered":"https:\/\/www.europesays.com\/fr\/141242\/"},"modified":"2025-05-31T08:30:16","modified_gmt":"2025-05-31T08:30:16","slug":"survivre-au-col-de-la-finestre-le-dernier-defi-de-del-toro-pour-remporter-le-giro","status":"publish","type":"post","link":"https:\/\/www.europesays.com\/fr\/141242\/","title":{"rendered":"Survivre au col de la Finestre\u00a0: le dernier d\u00e9fi de Del Toro pour remporter le Giro"},"content":{"rendered":"<p><a href=\"https:\/\/www.dhnet.be\/sports\/cyclisme\/giro\/2025\/05\/29\/catastrophique-en-2024-la-formation-xds-astana-brille-depuis-le-debut-de-lannee-2025-voici-les-secrets-de-leur-folle-remontada-RXGMQD5LOJHE3HFE5ISZXIKOUM\/\" target=\"_blank\" rel=\"noopener noreferrer\" class=\"ap-StoryInterstitialLink ap-StoryElement ap-StoryElement--mb js-paywall-target\">Catastrophique en 2024, la formation XDS Astana brille depuis le d\u00e9but de l&rsquo;ann\u00e9e 2025 : voici les secrets de leur folle remontada<\/a><\/p>\n<p class=\"ap-StoryElement ap-StoryElement--mb ap-StoryText\">Isaac Del Torro a aussi pris soin de devancer Richard Carapaz dans le sprint pour la deuxi\u00e8me place, derri\u00e8re le Fran\u00e7ais Nicolas Prodhomme, vainqueur en solitaire au bout d&rsquo;une longue \u00e9chapp\u00e9e. Ce qui lui a permis de grappiller deux petites secondes sur son rival. Qui en compte d\u00e9sormais 43 de retard avant le dernier week-end de course tandis que Simon Yates est d\u00e9sormais rel\u00e9gu\u00e9 au-del\u00e0 de la minute (1:21\u00a0\u00bb).<\/p>\n<blockquote class=\"ap-StoryQuote ap-StoryQuote--pullquote\"><p>guillement<\/p>\n<p class=\"ap-StoryQuote-text\">Il n&rsquo;y a pas eu \u00e9norm\u00e9ment d&rsquo;attaques, sauf celles de ce coriace Carapaz. Del Toro a une bonne r\u00e9cup\u00e9ration, mais attention, il reste une \u00e9tape tr\u00e8s importante ce samedi, qui arrive au lendemain d&rsquo;une journ\u00e9e tr\u00e8s difficile.<\/p>\n<\/blockquote>\n<p class=\"ap-StoryElement ap-StoryElement--mb ap-StoryText\">\u00ab\u00a0Cela a \u00e9t\u00e9 une journ\u00e9e \u00e9pique, a souffl\u00e9 \u00e0 Eurosport Mauro Gianetti, le manager d&rsquo;UAE Emirates. Mais au bout de celle-ci, nous avons encore le maillot rose, superbement d\u00e9fendu par Isaac. Il n&rsquo;y a pas eu \u00e9norm\u00e9ment d&rsquo;attaques, sauf celles de ce coriace Carapaz. Del Toro a une bonne r\u00e9cup\u00e9ration, mais attention, il reste une \u00e9tape tr\u00e8s importante ce samedi, qui arrive au lendemain d&rsquo;une journ\u00e9e tr\u00e8s difficile.\u00a0\u00bb<\/p>\n<p class=\"ap-StoryElement ap-StoryElement--mb ap-StoryText\">Ce que confirme Richard Carapaz, assez satisfait de sa performance. \u00ab\u00a0L&rsquo;\u00e9tape de ce samedi sera encore plus difficile\u00a0\u00bb, annonce l&rsquo;ancien vainqueur du Giro, qui mettra certainement le feu dans le Col de la Finestre avec sa mont\u00e9e au pourcentage constamment \u00e9lev\u00e9, avec ses dix-huit kilom\u00e8tres \u00e0 du 9,2 de moyenne. \u00c0 son sommet, il restera vingt-huit bornes : une descente et la mont\u00e9e vers Sestri\u00e8res, au profil plus roulant. Cela promet d&rsquo;\u00eatre explosif !<\/p>\n<p><a href=\"https:\/\/www.dhnet.be\/sports\/cyclisme\/giro\/2025\/05\/29\/gerard-bulens-est-tres-attriste-par-le-deces-de-son-ami-ludo-dierckxsens-on-a-passe-beaucoup-de-temps-ensemble-UCIW2NYUCBGSVPF26MM7FD6DME\/\" target=\"_blank\" rel=\"noopener noreferrer\" class=\"ap-StoryInterstitialLink ap-StoryElement ap-StoryElement--mb\">Le monde du v\u00e9lo pleure Ludo Dierckxsens, dont G\u00e9rard Bulens, tr\u00e8s attrist\u00e9<\/a><\/p>\n<p class=\"ap-StoryElement ap-StoryElement--mb ap-StoryText\">\u00ab\u00a0Quand je vois comment mes co\u00e9quipiers m&rsquo;ont soutenu, comment ils m&rsquo;ont donn\u00e9 confiance, je me dois d&rsquo;\u00eatre l\u00e0, d&rsquo;\u00eatre pr\u00e9sent ce samedi, r\u00e9pond Isaac Del Torro. Le principal sera de ne pas tomber.\u00a0\u00bb<\/p>\n<p class=\"ap-StoryElement ap-StoryElement--mb ap-StoryText\">Et de s&rsquo;accrocher \u00e0 son maillot rose qu&rsquo;il veut ramener au Mexique pour ce qui serait une victoire historique. \u00ab\u00a0Je suis fier de repr\u00e9senter mon pays de cette fa\u00e7on\u00a0\u00bb, termine l&rsquo;ancien vainqueur du Tour de l&rsquo;Avenir, conscient que c&rsquo;est la folie, chez lui, avec une v\u00e9ritable liesse populaire pour suivre ses exploits sur ce Giro palpitant.<\/p>\n","protected":false},"excerpt":{"rendered":"Catastrophique en 2024, la formation XDS Astana brille depuis le d\u00e9but de l&rsquo;ann\u00e9e 2025 : voici les secrets&hellip;\n","protected":false},"author":2,"featured_media":141243,"comment_status":"","ping_status":"","sticky":false,"template":"","format":"standard","meta":{"footnotes":""},"categories":[1411],"tags":[1154,207,1011,27,13074,60],"class_list":{"0":"post-141242","1":"post","2":"type-post","3":"status-publish","4":"format-standard","5":"has-post-thumbnail","7":"category-cyclisme","8":"tag-cycling","9":"tag-cyclisme","10":"tag-fr","11":"tag-france","12":"tag-le-giro-le-tour-ditalie","13":"tag-sports"},"share_on_mastodon":{"url":"https:\/\/pubeurope.com\/@fr\/114601513742988758","error":""},"_links":{"self":[{"href":"https:\/\/www.europesays.com\/fr\/wp-json\/wp\/v2\/posts\/141242","targetHints":{"allow":["GET"]}}],"collection":[{"href":"https:\/\/www.europesays.com\/fr\/wp-json\/wp\/v2\/posts"}],"about":[{"href":"https:\/\/www.europesays.com\/fr\/wp-json\/wp\/v2\/types\/post"}],"author":[{"embeddable":true,"href":"https:\/\/www.europesays.com\/fr\/wp-json\/wp\/v2\/users\/2"}],"replies":[{"embeddable":true,"href":"https:\/\/www.europesays.com\/fr\/wp-json\/wp\/v2\/comments?post=141242"}],"version-history":[{"count":0,"href":"https:\/\/www.europesays.com\/fr\/wp-json\/wp\/v2\/posts\/141242\/revisions"}],"wp:featuredmedia":[{"embeddable":true,"href":"https:\/\/www.europesays.com\/fr\/wp-json\/wp\/v2\/media\/141243"}],"wp:attachment":[{"href":"https:\/\/www.europesays.com\/fr\/wp-json\/wp\/v2\/media?parent=141242"}],"wp:term":[{"taxonomy":"category","embeddable":true,"href":"https:\/\/www.europesays.com\/fr\/wp-json\/wp\/v2\/categories?post=141242"},{"taxonomy":"post_tag","embeddable":true,"href":"https:\/\/www.europesays.com\/fr\/wp-json\/wp\/v2\/tags?post=141242"}],"curies":[{"name":"wp","href":"https:\/\/api.w.org\/{rel}","templated":true}]}}