{"id":141244,"date":"2025-05-31T08:31:09","date_gmt":"2025-05-31T08:31:09","guid":{"rendered":"https:\/\/www.europesays.com\/fr\/141244\/"},"modified":"2025-05-31T08:31:09","modified_gmt":"2025-05-31T08:31:09","slug":"dans-la-situation-de-lol-la-jeunesse-en-guise-de-solution","status":"publish","type":"post","link":"https:\/\/www.europesays.com\/fr\/141244\/","title":{"rendered":"Dans la situation de l&rsquo;OL, la jeunesse en guise de solution ?"},"content":{"rendered":"<p>                            <img width=\"770\" height=\"433\" src=\"https:\/\/www.europesays.com\/fr\/wp-content\/uploads\/2025\/05\/ipiccy_image-770x433.jpg\" class=\"attachment-article size-article wp-post-image\" alt=\"Laaziri et Gomes Rodriguez, deux jeunes joueurs de l'OL\" decoding=\"async\" fetchpriority=\"high\"  \/><\/p>\n<p>Laaziri et Gomes Rodriguez, deux jeunes joueurs de l\u2019OL<\/p>\n<p>Aujourd&rsquo;hui priv\u00e9 de recrutement, et dans le flou le plus total quant \u00e0 l&rsquo;effectif qu&rsquo;il aura l&rsquo;an prochain, l&rsquo;OL doit faire avec des moyens limit\u00e9s. Et s&rsquo;il trouvait en interne une partie de la r\u00e9ponse \u00e0 ses probl\u00e8mes avec quelques jeunes joueurs de l&rsquo;acad\u00e9mie ?<\/p>\n<p>Mathieu <strong>Patouillet <\/strong>(21 ans), Justin <strong>Bengui <\/strong>(19 ans), Achraf <strong>La\u00e2ziri <\/strong>(21 ans), Teo\u00a0<strong>Bari\u0161i\u0107 <\/strong>(20 ans), Islamdine <strong>Halifa <\/strong>(20 ans), Mahamadou <strong>Diawara <\/strong>(20 ans), Enzo <strong>Molebe <\/strong>(17 ans), Alejandro <strong>Gomes Rodr\u00edguez<\/strong> (17 ans)&#8230; Ces noms, pour les suiveurs r\u00e9guliers de l&rsquo;OL, ne sont pas inconnus. Nous pourrions m\u00eame ajouter celui de Sa\u00ebl <strong>Kumbedi <\/strong>(20 ans). De jeunes visages que probablement, nous verrons plus r\u00e9guli\u00e8rement la saison prochaine, du moins pour certains.<\/p>\n<p>Au vu de la situation \u00e0 la fois financi\u00e8re et sportive de l&rsquo;Olympique lyonnais, il est extr\u00eamement difficile de se projeter sur les contours de l&rsquo;effectif pour 2025-2026. Une chose est s\u00fbre, il sera largement renouvel\u00e9. Entre le d\u00e9part de joueurs en fin de contrat, dont Alexandre <strong>Lacazette <\/strong>et potentiellement Nicolas <strong>Tagliafico<\/strong>, et les transferts n\u00e9cessaires pour la survie du club (Rayan <strong>Cherki<\/strong>, mais bien d&rsquo;autres encore), bien malin celui qui pourra pr\u00e9dire <a href=\"https:\/\/www.olympique-et-lyonnais.com\/revue-deffectif-a-l-ol-fins-de-cycle-retours-de-pret-et-avenir-incertain,363058.html\" rel=\"nofollow noopener\" target=\"_blank\">ceux pr\u00e9sents<\/a> lors de la reprise de l&rsquo;entra\u00eenement le 7 juillet. <\/p>\n<p>L&rsquo;OL pourra-t-il recruter ? <\/p>\n<p>Certes, une bonne nouvelle est arriv\u00e9e cette semaine. L&rsquo;\u00e9quipe pourra <a href=\"https:\/\/www.olympique-et-lyonnais.com\/lol-obtient-la-licence-uefa-de-la-fff-et-jouera-la-ligue-europa,363382.html\" rel=\"nofollow noopener\" target=\"_blank\">jouer la Ligue Europa<\/a>, une qualification arrach\u00e9e \u00e0 l&rsquo;ultime seconde gr\u00e2ce au Havre, et au succ\u00e8s parisien en Coupe de France. La F\u00e9d\u00e9ration a accord\u00e9 la licence europ\u00e9enne aux Rhodaniens, un s\u00e9same obligatoire afin d&rsquo;y prendre part. Voil\u00e0, c&rsquo;est \u00e0 peu pr\u00e8s tout ce que l&rsquo;on sait \u00e0 l&rsquo;aube de d\u00e9buter le mois de juin. <\/p>\n<p>Pour le reste, il faudra attendre <a href=\"https:\/\/www.olympique-et-lyonnais.com\/lol-et-textor-ont-echange-a-plusieurs-reprises-avec-la-dncg,362950.html\" rel=\"nofollow noopener\" target=\"_blank\">les r\u00e9ponses de la DNCG<\/a>, ce qui arrivera dans un peu plus de trois semaines d\u00e9sormais, le 24 juin. En attendant, l&rsquo;OL navigue \u00e0 vue, scrute le march\u00e9, mais ne pourra rien faire sans le feu vert du gendarme financier. Et il n&rsquo;est pas certain d&rsquo;ailleurs qu&rsquo;il l&rsquo;obtienne. Rappelons qu&rsquo;en novembre 2024, l&rsquo;instance avait r\u00e9trograd\u00e9 administrativement l&rsquo;Olympique lyonnais. <\/p>\n<p>Si aujourd&rsquo;hui, la tendance n&rsquo;est pas forc\u00e9ment \u00e0 une rel\u00e9gation, il est envisageable que les septuples champions de France se retrouvent entrav\u00e9s par un encadrement de la masse salariale et\/ou une interdiction de recruter. Sanctions d\u00e9j\u00e0 en vigueur depuis l&rsquo;hiver dernier. <\/p>\n<p>Trois jeunes lanc\u00e9s la saison derni\u00e8re<\/p>\n<p>Comment d\u00e8s lors b\u00e2tir un groupe s&rsquo;il faut se s\u00e9parer de plusieurs \u00e9l\u00e9ments pour renflouer les caisses, sans avoir la possibilit\u00e9 d&rsquo;en faire venir en retour ? Le club pourrait ainsi se retrouver \u00e0 faire appel \u00e0 plusieurs des gar\u00e7ons cit\u00e9s plus haut, des solutions internes qui ont le m\u00e9rite d&rsquo;avoir connu l&rsquo;environnement professionnel. Une jeunesse lanc\u00e9e dans le grand bain, \u00e0 l&rsquo;image de Molebe, Gomes Rodr\u00edguez et Bari\u0161i\u0107, qui ont port\u00e9 <a href=\"https:\/\/www.olympique-et-lyonnais.com\/molebe-gomes-rodriguez-les-jeunes-qui-ont-fait-leurs-debuts-a-lol-en-2024-2025,362841.html\" rel=\"nofollow noopener\" target=\"_blank\">pour la premi\u00e8re fois<\/a> la tunique rouge et bleu la saison pass\u00e9e. <\/p>\n<p>Paulo <strong>Fonseca <\/strong>a d\u00e9j\u00e0 commenc\u00e9 \u00e0 en incorporer certains \u00e0 l&rsquo;entra\u00eenement, faisant appel \u00e0 plusieurs footballeurs \u00e9voluant sous les ordres de Gue\u00efde <strong>Fofana<\/strong>. Maintenant, il existe un monde d&rsquo;\u00e9cart entre se frayer une place la semaine chez les pros, et \u00eatre apte \u00e0 offrir une solution viable en Ligue 1. \u00ab\u00a0L&rsquo;id\u00e9al, c&rsquo;est de pouvoir convoquer certains jeunes chez les grands, et s&rsquo;ils ne jouent pas, de les rebasculer en r\u00e9serve le lendemain. Mais puisque les rencontres ont habituellement lieu le samedi soir (en National 3), ce n&rsquo;est pas \u00e9vident, nous expose Robert <strong>Valette<\/strong>, qui a navigu\u00e9 pendant plus de 20 ans \u00e0 <a href=\"https:\/\/www.olympique-et-lyonnais.com\/mercato-comme-coponat-dautres-joueurs-de-l-ol-academie-vont-partir,362925.html\" rel=\"nofollow noopener\" target=\"_blank\">la formation de<\/a> l&rsquo;OL. C&rsquo;est aussi le souci d&rsquo;avoir un effectif professionnel tr\u00e8s \u00e9toff\u00e9 qui leur bouche la place.\u00a0\u00bb<\/p>\n<p>Diawara et Kumbedi connaissent la Ligue 1<\/p>\n<p>Surtout, tous n&rsquo;en sont pas au m\u00eame stade de d\u00e9veloppement.<a href=\"https:\/\/www.olympique-et-lyonnais.com\/mercato-retour-a-lol-pour-mahamadou-diawara,363393.html\" rel=\"nofollow noopener\" target=\"_blank\"> Diawara<\/a> et Kumbedi ont d\u00e9j\u00e0 \u00e9volu\u00e9 en L1 par exemple. Les autres n&rsquo;en ont qu&rsquo;un rapide aper\u00e7u, ou n&rsquo;ont c\u00f4toy\u00e9 que les divisions nationales inf\u00e9rieures. Alors comment savoir s&rsquo;ils sont en mesure de franchir le cap ? \u00ab\u00a0Ils doivent au moins \u00e9voluer de mani\u00e8re r\u00e9guli\u00e8re avec le groupe Pro 2, car \u00e7a reste le meilleur moyen de les confronter \u00e0 des adultes, rappelle l&rsquo;ancien d\u00e9fenseur lyonnais (1969-1976). Avant, ils jouent entre eux, avec des gar\u00e7ons plus ou moins de leur \u00e2ge. Donc l&rsquo;une des pr\u00e9occupations serait de le faire remonter en National 2 afin qu&rsquo;ils se mesurent \u00e0 un niveau de jeu sup\u00e9rieur. Mais c&rsquo;est tr\u00e8s dur.\u00a0\u00bb<\/p>\n<p>Troisi\u00e8mes de leur <a href=\"https:\/\/www.olympique-et-lyonnais.com\/ol-academie-la-reserve-termine-sur-une-4e-defaite-de-suite,362128.html\" rel=\"nofollow noopener\" target=\"_blank\">poule en N3<\/a>, les Rhodaniens ont coinc\u00e9 au moment de se m\u00ealer \u00e0 la lutte pour la premi\u00e8re place. Mais le niveau moyen affich\u00e9 lors de l&rsquo;exercice 2024-2025 peu rassurer quant \u00e0 leur capacit\u00e9 \u00e0 se mesurer aux meilleures \u00e9quipes du cinqui\u00e8me \u00e9chelon fran\u00e7ais. Avec quelques joueurs se mettant en valeur, \u00e0 l&rsquo;image d&rsquo;un Yacine <strong>Cha\u00efb<\/strong> (20 ans), d&rsquo;un Romain <strong>Perret <\/strong>(20 ans), d&rsquo;<a href=\"https:\/\/www.olympique-et-lyonnais.com\/mercato-yvann-konan-devrait-signer-son-premier-contrat-pro-avec-lol,363173.html\" rel=\"nofollow noopener\" target=\"_blank\">Yvann <strong>Konan<\/strong><\/a><strong> <\/strong>(18 ans), et de Gomes Rodr\u00edguez.<\/p>\n<p>Tous n&rsquo;auront pas l&rsquo;opportunit\u00e9 de s&rsquo;exprimer ici \u00e0 l&rsquo;OL, mais ils devraient \u00eatre quelques-uns \u00e0 avoir leur chance. Et pour les aider, il faudra les encadrer avec des hommes d&rsquo;exp\u00e9rience. Qui et combien seront-ils ? Voil\u00e0 une question pr\u00e9sentement sans r\u00e9ponse. <\/p>\n<p>Retour aux d\u00e9buts des ann\u00e9es 2010 ?<\/p>\n<p>Une situation qui peut rappeler la p\u00e9riode entre 2011 et 2016, avec l&rsquo;\u00e9closion des Alexandre <strong>Lacazette<\/strong>, Nabil <strong>Fekir<\/strong>, Corentin <strong>Tolisso<\/strong>, Cl\u00e9ment <strong>Grenier<\/strong>, Maxime <strong>Gonalons<\/strong>, Samuel <strong>Umtiti <\/strong>ou encore Jordan <strong>Ferri<\/strong>. Des noms que conna\u00eet bien Robert Valette. \u00ab\u00a0Ils \u00e9taient arriv\u00e9s un peu avant. Mais lorsque je les ai eus, on terminait fr\u00e9quemment finalistes ou vainqueurs du championnat des r\u00e9serves. Ils sont tous pass\u00e9s par l\u00e0, et ils \u00e9taient pr\u00eats \u00e0 aller voir plus haut, se rem\u00e9more-t-il. Comme on dit, il y avait du \u00ab\u00a0matos\u00a0\u00bb. Ont-ils le m\u00eame aujourd&rsquo;hui, je ne sais pas. Mais il fallait faire quelque chose puisqu&rsquo;on devait payer le stade. Donc petit \u00e0 petit, cette g\u00e9n\u00e9ration fut lanc\u00e9e dans le grand bain. Ils ont fini par r\u00e9pondre aux attentes, en confirmant ce qu&rsquo;on pensait d&rsquo;eux.\u00a0\u00bb<\/p>\n<p>L&rsquo;Olympique lyonnais s&rsquo;appr\u00eate-t-il \u00e0 revivre cette \u00e9poque m\u00ealant jeunesse et besoin de retrouver de la tr\u00e9sorerie ? Cela n&rsquo;avait pas si mal fonctionn\u00e9 il y a dix ans, m\u00eame si les titres n&rsquo;avaient pas forc\u00e9ment suivi. D&rsquo;autres diront qu&rsquo;avec les investissements des derni\u00e8res saisons, ce ne fut pas vraiment mieux. A voir quel sera le projet enclench\u00e9 cet \u00e9t\u00e9, qui d\u00e9pendra notamment, et comme souvent maintenant, de la DNCG. <\/p>\n","protected":false},"excerpt":{"rendered":"Laaziri et Gomes Rodriguez, deux jeunes joueurs de l\u2019OL Aujourd&rsquo;hui priv\u00e9 de recrutement, et dans le flou le&hellip;\n","protected":false},"author":2,"featured_media":141245,"comment_status":"","ping_status":"","sticky":false,"template":"","format":"standard","meta":{"footnotes":""},"categories":[1410],"tags":[63,1011,27,241,26895,60],"class_list":{"0":"post-141244","1":"post","2":"type-post","3":"status-publish","4":"format-standard","5":"has-post-thumbnail","7":"category-football","8":"tag-football","9":"tag-fr","10":"tag-france","11":"tag-ol","12":"tag-ol-academie","13":"tag-sports"},"share_on_mastodon":{"url":"https:\/\/pubeurope.com\/@fr\/114601517660211308","error":""},"_links":{"self":[{"href":"https:\/\/www.europesays.com\/fr\/wp-json\/wp\/v2\/posts\/141244","targetHints":{"allow":["GET"]}}],"collection":[{"href":"https:\/\/www.europesays.com\/fr\/wp-json\/wp\/v2\/posts"}],"about":[{"href":"https:\/\/www.europesays.com\/fr\/wp-json\/wp\/v2\/types\/post"}],"author":[{"embeddable":true,"href":"https:\/\/www.europesays.com\/fr\/wp-json\/wp\/v2\/users\/2"}],"replies":[{"embeddable":true,"href":"https:\/\/www.europesays.com\/fr\/wp-json\/wp\/v2\/comments?post=141244"}],"version-history":[{"count":0,"href":"https:\/\/www.europesays.com\/fr\/wp-json\/wp\/v2\/posts\/141244\/revisions"}],"wp:featuredmedia":[{"embeddable":true,"href":"https:\/\/www.europesays.com\/fr\/wp-json\/wp\/v2\/media\/141245"}],"wp:attachment":[{"href":"https:\/\/www.europesays.com\/fr\/wp-json\/wp\/v2\/media?parent=141244"}],"wp:term":[{"taxonomy":"category","embeddable":true,"href":"https:\/\/www.europesays.com\/fr\/wp-json\/wp\/v2\/categories?post=141244"},{"taxonomy":"post_tag","embeddable":true,"href":"https:\/\/www.europesays.com\/fr\/wp-json\/wp\/v2\/tags?post=141244"}],"curies":[{"name":"wp","href":"https:\/\/api.w.org\/{rel}","templated":true}]}}