{"id":141248,"date":"2025-05-31T08:33:09","date_gmt":"2025-05-31T08:33:09","guid":{"rendered":"https:\/\/www.europesays.com\/fr\/141248\/"},"modified":"2025-05-31T08:33:09","modified_gmt":"2025-05-31T08:33:09","slug":"la-dame-de-lorient-de-tretchikoff-pulverise-le-record-mondial-du-peintre","status":"publish","type":"post","link":"https:\/\/www.europesays.com\/fr\/141248\/","title":{"rendered":"La Dame de l&rsquo;Orient de Tretchikoff pulv\u00e9rise le record mondial du peintre"},"content":{"rendered":"<p>Lors d\u2019une mise en vente organis\u00e9e le 27 mai \u00e0 Johannesburg, le tableau du ma\u00eetre sud-africain a \u00e9t\u00e9 vendu \u00e0 1,7 million de dollars, d\u00e9tr\u00f4nant son \u0153uvre Jeune Chinoise qui s\u2019\u00e9tait envol\u00e9e \u00e0 plus 1,5 million de dollars.<\/p>\n<p class=\"fig-paragraph\">La peinture de Vladimir Tretchikoff La Dame de l&rsquo;Orient s&rsquo;est vendue pour plus de 1,7 million de dollars, \u00e9tablissant un nouveau record mondial pour le peintre sud-africain d&rsquo;origine russe, a annonc\u00e9 mercredi 28 mai, une maison de ventes aux ench\u00e8res de\u00a0<a href=\"http:\/\/www.lefigaro.fr\/arts-expositions\/les-acheteurs-africains-acteurs-de-la-foire-de-l-art-de-johannesburg-20240907\" data-fig-type=\"Article\" data-gtm-custom-categorie=\"navigation\" data-gtm-custom-action=\"crossclick\" data-gtm-custom-label=\"Contextuel\" data-gtm-event=\"customEventSPE\" data-fig-domain=\"LEFIGARO\" rel=\"nofollow noopener\" target=\"_blank\">Johannesburg<\/a>. Le portrait datant de 1955 d&rsquo;une femme en robe de soie verte et dor\u00e9e est l&rsquo;une des \u0153uvres les plus reconnaissables de Tretchikoff\u00a0: il a \u00e9t\u00e9 reproduit dans le monde entier sur des articles tels que nappes et sacs \u00e0 main.<\/p>\n<p class=\"fig-paragraph\">Il a \u00e9t\u00e9 vendu \u00e0 un ench\u00e9risseur anonyme par t\u00e9l\u00e9phone tard mardi 27 mai pour 31.892.000 rands (1.776.017 dollars), a d\u00e9clar\u00e9 la maison de ventes Strauss &amp; Co. Le prix final, incluant commission et taxes, \u00ab\u00a0d\u00e9passe largement\u00a0\u00bb le pr\u00e9c\u00e9dent record mondial pour une \u0153uvre de Tretchikoff, soit 1,5 million de dollars pour\u00a0<a href=\"http:\/\/www.lefigaro.fr\/sports\/autres-sports\/plongeon-double-des-jeunes-chinoises-yuxi-chen-et-hongchan-quan-au-tremplin-de-10-metres-20220627\" data-fig-type=\"NewsFlash\" data-gtm-custom-categorie=\"navigation\" data-gtm-custom-action=\"crossclick\" data-gtm-custom-label=\"Contextuel\" data-gtm-event=\"customEventSPE\" data-fig-domain=\"LEFIGARO\" rel=\"nofollow noopener\" target=\"_blank\">Jeune Chinoise<\/a> \u00a0(Chinese Girl, 1952) vendue \u00e0 Londres en 2013, a-t-elle indiqu\u00e9 dans un communiqu\u00e9. Cette peinture, repr\u00e9sentant la fille d&rsquo;un \u00e9picier du Cap, avait fait sensation et figure parmi les images les plus c\u00e9l\u00e8bres produites par Tretchikoff, qui a d\u00e9m\u00e9nag\u00e9 au Cap en 1946 et y est d\u00e9c\u00e9d\u00e9 en 2006.<\/p>\n<p>\u00ab Le roi du kitsch\u00a0\u00bb<\/p>\n<p class=\"fig-paragraph\">\u00ab\u00a0Elle a \u00e9t\u00e9 vendue comme reproduction \u00e0 Londres \u00e0 partir de 1962 et c&rsquo;\u00e9tait la deuxi\u00e8me impression la plus vendue en Grande-Bretagne en 1962, et un \u00e9norme succ\u00e8s\u00a0\u00bb par la suite, a d\u00e9clar\u00e9 Alastair Meredith, sp\u00e9cialiste de l&rsquo;art chez Strauss &amp; Co, \u00e0 l&rsquo;AFP avant la vente. Tretchikoff, dont les \u0153uvres stylis\u00e9es ont conduit certains \u00e0 l&rsquo;appeler \u00ab\u00a0le roi du kitsch\u00a0\u00bb, s&rsquo;est enrichi gr\u00e2ce aux reproductions et impressions de ses \u0153uvres.<\/p>\n<p class=\"fig-paragraph\">Il \u00ab\u00a0a autoris\u00e9 un grand nombre d&rsquo;impressions de ses propres peintures \u00e0 \u00eatre vendues \u00e0 des prix tr\u00e8s bas dans les grands magasins et les papeteries du monde entier\u00a0\u00bb, a expliqu\u00e9 M. Meredith. La Dame de l&rsquo;Orient est \u00ab\u00a0une partie int\u00e9grante de la culture et de l&rsquo;imaginaire visuel de l&rsquo;Afrique du Sud, une partie de l&rsquo;histoire esth\u00e9tique de notre pays. Mais c&rsquo;est aussi une ic\u00f4ne mondiale\u00a0\u00bb, a-t-il ajout\u00e9. Tretchikoff est n\u00e9 en 1913 dans ce qui est aujourd&rsquo;hui le Kazakhstan, et qui \u00e9tait alors la\u00a0<a href=\"http:\/\/www.lefigaro.fr\/international\/russie-la-fuite-de-documents-secrets-revele-la-modernisation-des-capacites-nucleaires-de-moscou-20250530\" data-fig-type=\"NewsFlash\" data-gtm-custom-categorie=\"navigation\" data-gtm-custom-action=\"crossclick\" data-gtm-custom-label=\"Contextuel\" data-gtm-event=\"customEventSPE\" data-fig-domain=\"LEFIGARO\" rel=\"nofollow noopener\" target=\"_blank\">Russie<\/a>. Il a fui avec sa famille en\u00a0<a href=\"http:\/\/www.lefigaro.fr\/international\/dossier\/tout-savoir-sur-les-manifestations-en-chine-et-la-politique-zero-covid\" data-fig-type=\"Topic\" data-gtm-custom-categorie=\"navigation\" data-gtm-custom-action=\"crossclick\" data-gtm-custom-label=\"Contextuel\" data-gtm-event=\"customEventSPE\" data-fig-domain=\"LEFIGARO\" rel=\"nofollow noopener\" target=\"_blank\">Chine<\/a>\u00a0lors de la\u00a0<a href=\"https:\/\/www.lefigaro.fr\/vox\/monde\/2017\/11\/12\/31002-20171112ARTFIG00202-nicolas-baverez-l-ombre-de-la-revolution-russe-de-1917.php\" data-fig-type=\"Article\" data-gtm-custom-categorie=\"navigation\" data-gtm-custom-action=\"crossclick\" data-gtm-custom-label=\"Contextuel\" data-gtm-event=\"customEventSPE\" data-fig-domain=\"LEFIGARO\" rel=\"nofollow noopener\" target=\"_blank\">r\u00e9volution russe de 1917<\/a>\u00a0et a grandi \u00e0\u00a0<a href=\"http:\/\/www.lefigaro.fr\/sports\/autres-sports\/ufc-l-organisation-signe-son-retour-en-chine-avec-une-soiree-de-combats-a-shanghai-20250522\" data-fig-type=\"NewsFlash\" data-gtm-custom-categorie=\"navigation\" data-gtm-custom-action=\"crossclick\" data-gtm-custom-label=\"Contextuel\" data-gtm-event=\"customEventSPE\" data-fig-domain=\"LEFIGARO\" rel=\"nofollow noopener\" target=\"_blank\">Shanghai<\/a>, avant de d\u00e9m\u00e9nager \u00e0 Singapour puis en Afrique du Sud.<\/p>\n","protected":false},"excerpt":{"rendered":"Lors d\u2019une mise en vente organis\u00e9e le 27 mai \u00e0 Johannesburg, le tableau du ma\u00eetre sud-africain a \u00e9t\u00e9&hellip;\n","protected":false},"author":2,"featured_media":141249,"comment_status":"","ping_status":"","sticky":false,"template":"","format":"standard","meta":{"footnotes":""},"categories":[1358],"tags":[5594,14083,1348,1384,1385,5417,22545,26897,1386,58,13677,59,1011,27,8010,26896,1585,26900,10709,11542,26898,26899,7458],"class_list":{"0":"post-141248","1":"post","2":"type-post","3":"status-publish","4":"format-standard","5":"has-post-thumbnail","7":"category-arts-et-design","8":"tag-afrique-du-sud","9":"tag-antiquites","10":"tag-arts","11":"tag-arts-and-design","12":"tag-arts-et-design","13":"tag-bijoux","14":"tag-ceramiques","15":"tag-collections-privees","16":"tag-design","17":"tag-divertissement","18":"tag-encheres","19":"tag-entertainment","20":"tag-fr","21":"tag-france","22":"tag-meubles","23":"tag-objets-dart","24":"tag-peinture","25":"tag-porcelaine","26":"tag-sculptures","27":"tag-tableaux","28":"tag-timbres","29":"tag-vaisselles","30":"tag-vente-aux-encheres"},"share_on_mastodon":{"url":"https:\/\/pubeurope.com\/@fr\/114601525780578252","error":""},"_links":{"self":[{"href":"https:\/\/www.europesays.com\/fr\/wp-json\/wp\/v2\/posts\/141248","targetHints":{"allow":["GET"]}}],"collection":[{"href":"https:\/\/www.europesays.com\/fr\/wp-json\/wp\/v2\/posts"}],"about":[{"href":"https:\/\/www.europesays.com\/fr\/wp-json\/wp\/v2\/types\/post"}],"author":[{"embeddable":true,"href":"https:\/\/www.europesays.com\/fr\/wp-json\/wp\/v2\/users\/2"}],"replies":[{"embeddable":true,"href":"https:\/\/www.europesays.com\/fr\/wp-json\/wp\/v2\/comments?post=141248"}],"version-history":[{"count":0,"href":"https:\/\/www.europesays.com\/fr\/wp-json\/wp\/v2\/posts\/141248\/revisions"}],"wp:featuredmedia":[{"embeddable":true,"href":"https:\/\/www.europesays.com\/fr\/wp-json\/wp\/v2\/media\/141249"}],"wp:attachment":[{"href":"https:\/\/www.europesays.com\/fr\/wp-json\/wp\/v2\/media?parent=141248"}],"wp:term":[{"taxonomy":"category","embeddable":true,"href":"https:\/\/www.europesays.com\/fr\/wp-json\/wp\/v2\/categories?post=141248"},{"taxonomy":"post_tag","embeddable":true,"href":"https:\/\/www.europesays.com\/fr\/wp-json\/wp\/v2\/tags?post=141248"}],"curies":[{"name":"wp","href":"https:\/\/api.w.org\/{rel}","templated":true}]}}