{"id":141252,"date":"2025-05-31T08:35:10","date_gmt":"2025-05-31T08:35:10","guid":{"rendered":"https:\/\/www.europesays.com\/fr\/141252\/"},"modified":"2025-05-31T08:35:10","modified_gmt":"2025-05-31T08:35:10","slug":"aussitot-demasque-le-burger-a-donne-un-coup-de-main-aux-enqueteurs","status":"publish","type":"post","link":"https:\/\/www.europesays.com\/fr\/141252\/","title":{"rendered":"aussit\u00f4t d\u00e9masqu\u00e9, le Burger a donn\u00e9 un coup de main aux enqu\u00eateurs"},"content":{"rendered":"<p>        <img decoding=\"async\" loading=\"lazy\" src=\"https:\/\/www.europesays.com\/fr\/wp-content\/uploads\/2025\/05\/739c33c_sirius-fs-upload-1-shznrpxje6ma-1748674928843-capture-da-a-cran-2025-05-31-084616.jpg\"  width=\"728\" height=\"409\" alt=\"Aviez-vous trouv\u00e9 qui se cachait derri\u00e8re le Burger lors du prime time de \u00ab\u00a0Mask Singer\u00a0\u00bb vendredi 30\u00a0mai sur TF1\u00a0?\"\/>  <\/p>\n<p>Capture d\u2019\u00e9cran TF1<\/p>\n<p>Aviez-vous trouv\u00e9 qui se cachait derri\u00e8re le Burger lors du prime time de \u00ab\u00a0Mask Singer\u00a0\u00bb vendredi 30\u00a0mai sur TF1\u00a0?<\/p>\n<p class=\"asset asset-text\">MASK SINGER &#8211; Entam\u00e9e en d\u00e9but de mois, la saison 7\u00a0de <a href=\"https:\/\/www.huffingtonpost.fr\/divertissement\/article\/mask-singer-sur-tf1-shaggy-premiere-star-internationale-de-la-saison-se-cachait-sous-le-costume-du-cyclope_249832.html\" target=\"_blank\" rel=\"noopener\">Mask Singer<\/a> bat son plein sur TF1. Lors du cinqui\u00e8me prime time vendredi 30\u00a0mai, le jury compos\u00e9 de <a href=\"https:\/\/www.huffingtonpost.fr\/culture\/article\/au-festival-de-cannes-michael-youn-et-kev-adams-ont-ose-un-look-decoiffant-sur-le-tapis-rouge_250164.html\" target=\"_blank\" rel=\"noopener\">Kev Adams<\/a>, Chantal Ladesou, \u00c9lodie Poux et\u00a0Laurent Ruquier a d\u00fb tout d\u2019abord d\u00e9masquer un enqu\u00eateur myst\u00e8re se cachant sous un costume de hamburger.<\/p>\n<p class=\"asset asset-text\">Cet invit\u00e9 surprise, qui a d\u2019abord interpr\u00e9t\u00e9 Pour que tu m\u2019aimes encore\u00a0de\u00a0<a href=\"https:\/\/www.huffingtonpost.fr\/divertissement\/video\/l-absence-de-celine-dion-a-l-eurovision-2025-a-beaucoup-inspire-mais-aussi-decu-les-fans_250167.html\" target=\"_blank\" rel=\"noopener\">C\u00e9line Dion<\/a>, a donn\u00e9 du fil \u00e0 retordre \u00e0 Chantal Ladesou et Laurent Ruquier, qui misaient sur l\u2019humoriste Max Boulbil. De leur c\u00f4t\u00e9, Kev Adams et \u00c9lodie Poux ont tout de suite vu juste en d\u00e9signant l\u2019acteur Arnaud Ducret. Ce dernier a ensuite rejoint les jur\u00e9s pour tenter de d\u00e9masquer les autres chanteurs costum\u00e9s.<\/p>\n<p class=\"asset asset-text\">Quelques indices concernant Arnaud Ducret avaient \u00e9t\u00e9 d\u00e9voil\u00e9s \u00e0 l\u2019\u00e9cran\u00a0par la production de l\u2019\u00e9mission, notamment les mots \u00ab\u00a0visiteurs\u00a0\u00bb, \u00ab\u00a0tendre et saignant\u00a0\u00bb. On disait de lui qu\u2019il \u00e9tait \u00e9galement un \u00ab\u00a0grand sportif\u00a0\u00bb et avait \u00ab\u00a0pouss\u00e9 la chansonnette\u00a0\u00bb plusieurs fois, lui qui avait d\u00e9j\u00e0 \u00e9t\u00e9 vu \u00e0 la t\u00e9l\u00e9vision, au cin\u00e9ma et au th\u00e9\u00e2tre.<\/p>\n<p> La lecture de ce contenu est susceptible d\u2019entra\u00eener un d\u00e9p\u00f4t de cookies de la part de l\u2019op\u00e9rateur tiers qui l\u2019h\u00e9berge. Compte-tenu des choix que vous avez exprim\u00e9s en mati\u00e8re de d\u00e9p\u00f4t de cookies, nous avons bloqu\u00e9 l\u2019affichage de ce contenu. Si vous souhaitez y acc\u00e9der, vous devez accepter la cat\u00e9gorie de cookies \u201cContenus tiers\u201d en cliquant sur le bouton ci-dessous. <\/p>\n<p> Lire la Vid\u00e9o        <\/p>\n<p class=\"asset asset-text\">Alors que huit costumes restaient en comp\u00e9tition ce vendredi, le Brocoli, la Vache, la Girafe, le Bison, le Cygne, la Porcelaine, le Chaton et le Panda roux, c\u2019est ce dernier qui a vu son parcours s\u2019arr\u00eater. Celui-ci, qui avait notamment interpr\u00e9t\u00e9 Wannabe\u00a0des Spice Girls a d\u00e9voil\u00e9 son identit\u00e9\u00a0: il s\u2019agissait de la judokate Romane Dicko, qui a d\u00e9croch\u00e9\u00a0deux m\u00e9dailles (or et <a href=\"https:\/\/www.huffingtonpost.fr\/jo-paris-2024\/article\/jo-de-paris-romane-dicko-medaillee-de-bronze-en-judo-dans-la-categorie-des-78-kg_237863.html\" target=\"_blank\" rel=\"noopener\">bronze<\/a>) aux <a href=\"https:\/\/www.huffingtonpost.fr\/jo-paris-2024\/article\/les-64-medailles-francaises-aux-jeux-olympiques-de-paris-2024-et-le-nom-des-154-athletes-medailles-clx17_237214.html#:~:text=Selon%20les%20calculs%20du%20HuffPost,volley%2C%20rugby%2C%20handball).\" target=\"_blank\" rel=\"noopener\">JO de Paris<\/a> l\u2019\u00e9t\u00e9 dernier.<\/p>\n<p> La lecture de ce contenu est susceptible d\u2019entra\u00eener un d\u00e9p\u00f4t de cookies de la part de l\u2019op\u00e9rateur tiers qui l\u2019h\u00e9berge. Compte-tenu des choix que vous avez exprim\u00e9s en mati\u00e8re de d\u00e9p\u00f4t de cookies, nous avons bloqu\u00e9 l\u2019affichage de ce contenu. Si vous souhaitez y acc\u00e9der, vous devez accepter la cat\u00e9gorie de cookies \u201cContenus tiers\u201d en cliquant sur le bouton ci-dessous. <\/p>\n<p> Lire la Vid\u00e9o        <\/p>\n<p class=\"asset asset-text\">\u00ab\u00a0Je suis d\u00e9g, j\u2019ai fait une presta de ouf\u00a0\u00bb, <a href=\"https:\/\/www.programme-tv.net\/news\/tv\/380091-mask-singer-2025-quelle-celebrite-se-cachait-sous-le-costume-du-panda-roux-et-a-ete-eliminee-ce-vendredi-30-mai\/\" target=\"_blank\" rel=\"noopener\" title=\"Nouvelle fen\u00eatre\">a r\u00e9agi la sportive<\/a>, s\u2019amusant de la situation\u00a0: \u00ab\u00a0perdre contre un brocoli, il faut le faire\u00a0!\u00a0\u00bb<\/p>\n","protected":false},"excerpt":{"rendered":"Capture d\u2019\u00e9cran TF1 Aviez-vous trouv\u00e9 qui se cachait derri\u00e8re le Burger lors du prime time de \u00ab\u00a0Mask Singer\u00a0\u00bb&hellip;\n","protected":false},"author":2,"featured_media":141253,"comment_status":"","ping_status":"","sticky":false,"template":"","format":"standard","meta":{"footnotes":""},"categories":[1356],"tags":[58,59,1011,27,5983,252,199,1364],"class_list":{"0":"post-141252","1":"post","2":"type-post","3":"status-publish","4":"format-standard","5":"has-post-thumbnail","7":"category-television","8":"tag-divertissement","9":"tag-entertainment","10":"tag-fr","11":"tag-france","12":"tag-mask-singer","13":"tag-television","14":"tag-tf1","15":"tag-tv"},"share_on_mastodon":{"url":"https:\/\/pubeurope.com\/@fr\/114601533316021375","error":""},"_links":{"self":[{"href":"https:\/\/www.europesays.com\/fr\/wp-json\/wp\/v2\/posts\/141252","targetHints":{"allow":["GET"]}}],"collection":[{"href":"https:\/\/www.europesays.com\/fr\/wp-json\/wp\/v2\/posts"}],"about":[{"href":"https:\/\/www.europesays.com\/fr\/wp-json\/wp\/v2\/types\/post"}],"author":[{"embeddable":true,"href":"https:\/\/www.europesays.com\/fr\/wp-json\/wp\/v2\/users\/2"}],"replies":[{"embeddable":true,"href":"https:\/\/www.europesays.com\/fr\/wp-json\/wp\/v2\/comments?post=141252"}],"version-history":[{"count":0,"href":"https:\/\/www.europesays.com\/fr\/wp-json\/wp\/v2\/posts\/141252\/revisions"}],"wp:featuredmedia":[{"embeddable":true,"href":"https:\/\/www.europesays.com\/fr\/wp-json\/wp\/v2\/media\/141253"}],"wp:attachment":[{"href":"https:\/\/www.europesays.com\/fr\/wp-json\/wp\/v2\/media?parent=141252"}],"wp:term":[{"taxonomy":"category","embeddable":true,"href":"https:\/\/www.europesays.com\/fr\/wp-json\/wp\/v2\/categories?post=141252"},{"taxonomy":"post_tag","embeddable":true,"href":"https:\/\/www.europesays.com\/fr\/wp-json\/wp\/v2\/tags?post=141252"}],"curies":[{"name":"wp","href":"https:\/\/api.w.org\/{rel}","templated":true}]}}