{"id":141258,"date":"2025-05-31T08:38:09","date_gmt":"2025-05-31T08:38:09","guid":{"rendered":"https:\/\/www.europesays.com\/fr\/141258\/"},"modified":"2025-05-31T08:38:09","modified_gmt":"2025-05-31T08:38:09","slug":"accoucher-puis-sombrer-pourquoi-la-sante-mentale-des-jeunes-meres-reste-un-angle-mort-de-la-medecine","status":"publish","type":"post","link":"https:\/\/www.europesays.com\/fr\/141258\/","title":{"rendered":"Accoucher, puis sombrer : pourquoi la sant\u00e9 mentale des jeunes m\u00e8res reste un angle mort de la m\u00e9decine"},"content":{"rendered":"<p>\t\t\t\t\t Un ph\u00e9nom\u00e8ne massif mais mal reconnu<\/p>\n<p data-start=\"974\" data-end=\"1322\">La p\u00e9riode p\u00e9rinatale \u2014 qui s\u2019\u00e9tend du d\u00e9but de la grossesse jusqu\u2019aux premi\u00e8res semaines suivant l\u2019accouchement \u2014 <strong data-start=\"1089\" data-end=\"1161\">est une zone de fragilit\u00e9 intense pour la sant\u00e9 psychique des femmes<\/strong>. Or, en France, <strong data-start=\"1178\" data-end=\"1254\">aucun d\u00e9pistage syst\u00e9matique de la d\u00e9pression post-partum n\u2019est organis\u00e9<\/strong>, contrairement \u00e0 d\u2019autres pays comme le Royaume-Uni ou l\u2019Australie.<\/p>\n<p data-start=\"1324\" data-end=\"1730\">En 2022, la Haute Autorit\u00e9 de sant\u00e9 (HAS) avait bien publi\u00e9 des recommandations, appelant \u00e0 mieux rep\u00e9rer les signes de d\u00e9tresse psychologique. Mais <strong data-start=\"1473\" data-end=\"1551\">sur le terrain, tr\u00e8s peu de consultations int\u00e8grent une \u00e9valuation mentale<\/strong>, faute de formation des professionnels, de temps, ou de protocoles clairs. R\u00e9sultat : <strong data-start=\"1638\" data-end=\"1672\">des troubles passent inaper\u00e7us<\/strong>, ou sont banalis\u00e9s comme un simple \u201cbaby blues\u201d passager.<\/p>\n<p data-start=\"1732\" data-end=\"2066\">Pourtant, <strong data-start=\"1742\" data-end=\"1780\">les sympt\u00f4mes peuvent \u00eatre s\u00e9v\u00e8res<\/strong> : id\u00e9es noires, crises de panique, retrait affectif vis-\u00e0-vis du b\u00e9b\u00e9, troubles du sommeil ou de l\u2019app\u00e9tit. Et leurs cons\u00e9quences ne se limitent pas \u00e0 la m\u00e8re : <strong data-start=\"1942\" data-end=\"2066\">elles impactent aussi le lien m\u00e8re-enfant, le d\u00e9veloppement du nourrisson, et l\u2019\u00e9quilibre de toute la cellule familiale.<\/strong><\/p>\n<p> Les chiffres qui d\u00e9rangent<\/p>\n<p data-start=\"2099\" data-end=\"2189\">Une enqu\u00eate de Sant\u00e9 publique France, men\u00e9e en 2023 sur plus de 12 000 m\u00e8res, r\u00e9v\u00e8le que :<\/p>\n<ul data-start=\"2191\" data-end=\"2558\">\n<li data-start=\"2191\" data-end=\"2306\"><strong data-start=\"2193\" data-end=\"2305\">16 % des femmes d\u00e9clarent des sympt\u00f4mes d\u00e9pressifs marqu\u00e9s entre la 6e et la 8e semaine apr\u00e8s l\u2019accouchement<\/strong>.<\/li>\n<li data-start=\"2191\" data-end=\"2306\"><strong data-start=\"2309\" data-end=\"2405\">40 % disent ne pas avoir re\u00e7u d\u2019\u00e9coute suffisante ou de proposition de soutien psychologique<\/strong>.<\/li>\n<li data-start=\"2191\" data-end=\"2306\"><strong data-start=\"2409\" data-end=\"2441\">Les femmes les plus touch\u00e9es<\/strong> sont souvent celles en situation de pr\u00e9carit\u00e9, les m\u00e8res isol\u00e9es, ou celles ayant v\u00e9cu un accouchement traumatisant.<\/li>\n<\/ul>\n<p data-start=\"2560\" data-end=\"2702\">En outre, les <strong data-start=\"2574\" data-end=\"2666\">suicides en p\u00e9riode post-partum sont la deuxi\u00e8me cause de mortalit\u00e9 maternelle en France<\/strong>, un fait encore trop peu m\u00e9diatis\u00e9.<\/p>\n<p>Principaux troubles psychiques en p\u00e9riode post-partum (France, donn\u00e9es Inserm\/Sant\u00e9 publique France)<\/p>\n<tr data-start=\"2814\" data-end=\"3016\">\n<strong data-start=\"2816\" data-end=\"2837\">Trouble identifi\u00e9<\/strong><br \/>\n<strong data-start=\"2857\" data-end=\"2879\">Pr\u00e9valence estim\u00e9e<\/strong><br \/>\n<strong data-start=\"2887\" data-end=\"2910\">Sympt\u00f4mes fr\u00e9quents<\/strong><br \/>\n<strong data-start=\"2955\" data-end=\"2981\">Cons\u00e9quences possibles<\/strong><br \/>\n<\/tr>\n<tr data-start=\"3220\" data-end=\"3420\">\n<td data-start=\"3220\" data-end=\"3260\" data-col-size=\"sm\">D\u00e9pression post-partum<\/td>\n<td data-start=\"3260\" data-end=\"3290\" data-col-size=\"sm\">15 \u00e0 20 % des jeunes m\u00e8res<\/td>\n<td data-start=\"3290\" data-end=\"3357\" data-col-size=\"md\">Tristesse intense, perte d\u2019int\u00e9r\u00eat, fatigue extr\u00eame<\/td>\n<td data-start=\"3357\" data-end=\"3420\" data-col-size=\"md\">Retrait du lien m\u00e8re-b\u00e9b\u00e9, isolement, risque suicidaire<\/td>\n<\/tr>\n<tr data-start=\"3421\" data-end=\"3622\">\n<td data-start=\"3421\" data-end=\"3461\" data-col-size=\"sm\">Anxi\u00e9t\u00e9 g\u00e9n\u00e9ralis\u00e9e<\/td>\n<td data-start=\"3461\" data-end=\"3491\" data-col-size=\"sm\">10 \u00e0 12 %<\/td>\n<td data-start=\"3491\" data-end=\"3558\" data-col-size=\"md\">Inqui\u00e9tudes permanentes, crises d\u2019angoisse, troubles du sommeil<\/td>\n<td data-start=\"3558\" data-end=\"3622\" data-col-size=\"md\">\u00c9puisement, difficult\u00e9 \u00e0 g\u00e9rer le quotidien<\/td>\n<\/tr>\n<tr data-start=\"3623\" data-end=\"3824\">\n<td data-start=\"3623\" data-end=\"3663\" data-col-size=\"sm\">Trouble de stress post-traumatique<\/td>\n<td data-start=\"3663\" data-end=\"3693\" data-col-size=\"sm\">3 \u00e0 6 %<\/td>\n<td data-start=\"3693\" data-end=\"3760\" data-col-size=\"md\">Reviviscences de l\u2019accouchement, \u00e9vitement, hypervigilance<\/td>\n<td data-start=\"3760\" data-end=\"3824\" data-col-size=\"md\">Difficult\u00e9 \u00e0 retomber enceinte, trouble du lien conjugal<\/td>\n<\/tr>\n<tr data-start=\"3825\" data-end=\"4026\">\n<td data-start=\"3825\" data-end=\"3865\" data-col-size=\"sm\">Psychose puerp\u00e9rale (rare mais grave)<\/td>\n<td data-start=\"3865\" data-end=\"3895\" data-col-size=\"sm\">1 \u00e0 2 pour 1 000 naissances<\/td>\n<td data-start=\"3895\" data-end=\"3962\" data-col-size=\"md\">Hallucinations, confusion, comportement d\u00e9sorganis\u00e9<\/td>\n<td data-start=\"3962\" data-end=\"4026\" data-col-size=\"md\">Urgence psychiatrique, risque pour la m\u00e8re et l\u2019enfant<\/td>\n<\/tr>\n<p> Des femmes qui souffrent dans le silence<\/p>\n<p data-start=\"4078\" data-end=\"4435\">Trop souvent, <strong data-start=\"4092\" data-end=\"4164\">la parole des m\u00e8res est \u00e9touff\u00e9e par les injonctions \u00e0 \u00eatre heureuse<\/strong>. Une pression sociale, familiale et parfois m\u00e9dicale qui dissuade d\u2019exprimer sa d\u00e9tresse. Dire qu\u2019on ne va pas bien quand on vient de donner la vie reste tabou. <strong data-start=\"4326\" data-end=\"4407\">La honte, la peur d\u2019\u00eatre jug\u00e9e ou d\u2019\u00eatre consid\u00e9r\u00e9e comme une \u201cmauvaise m\u00e8re\u201d<\/strong> freinent la demande d\u2019aide.<\/p>\n<p data-start=\"4437\" data-end=\"4737\">Or, plus le trouble est pris en charge t\u00f4t, plus la prise en charge est efficace. Des psychoth\u00e9rapies br\u00e8ves, parfois accompagn\u00e9es d\u2019un traitement m\u00e9dicamenteux adapt\u00e9, permettent <strong data-start=\"4617\" data-end=\"4656\">un r\u00e9tablissement rapide et durable<\/strong>. Mais encore faut-il <strong data-start=\"4678\" data-end=\"4737\">que les femmes soient rep\u00e9r\u00e9es, \u00e9cout\u00e9es, et orient\u00e9es.<\/strong><\/p>\n<p> Un appel \u00e0 transformer le syst\u00e8me<\/p>\n<p data-start=\"4777\" data-end=\"4907\">Des voix s\u2019\u00e9l\u00e8vent pour que <strong data-start=\"4805\" data-end=\"4889\">la sant\u00e9 mentale p\u00e9rinatale devienne une priorit\u00e9 dans les parcours de maternit\u00e9<\/strong>. Cela passe par :<\/p>\n<ul data-start=\"4909\" data-end=\"5379\">\n<li data-start=\"4909\" data-end=\"5004\"><strong data-start=\"4911\" data-end=\"5004\">La cr\u00e9ation de consultations syst\u00e9matiques post-partum incluant une \u00e9valuation psychique.<\/strong><\/li>\n<li data-start=\"4909\" data-end=\"5004\"><strong data-start=\"5007\" data-end=\"5113\">Une formation accrue des sages-femmes, m\u00e9decins g\u00e9n\u00e9ralistes et p\u00e9diatres \u00e0 la d\u00e9tection des troubles.<\/strong><\/li>\n<li data-start=\"4909\" data-end=\"5004\"><strong data-start=\"5116\" data-end=\"5158\">Le d\u00e9veloppement de structures d\u00e9di\u00e9es<\/strong>, comme les maisons des 1 000 premiers jours ou les unit\u00e9s m\u00e8re-b\u00e9b\u00e9 hospitali\u00e8res.<\/li>\n<li data-start=\"4909\" data-end=\"5004\">Et surtout, <strong data-start=\"5256\" data-end=\"5292\">un changement de regard soci\u00e9tal<\/strong>, qui permette d\u2019entendre, sans jugement, que la maternit\u00e9 peut aussi \u00eatre une \u00e9preuve.<\/li>\n<\/ul>\n<p> Une souffrance encore trop invisible<\/p>\n<p data-start=\"5422\" data-end=\"5731\">Accoucher ne signifie pas forc\u00e9ment rena\u00eetre. Pour beaucoup de femmes, <strong data-start=\"5493\" data-end=\"5553\">la maternit\u00e9 n\u2019est pas imm\u00e9diatement synonyme de bonheur<\/strong>, et cette r\u00e9alit\u00e9 doit \u00eatre entendue. Ignorer la sant\u00e9 mentale des jeunes m\u00e8res, c\u2019est <strong data-start=\"5641\" data-end=\"5686\">laisser s\u2019installer une d\u00e9tresse \u00e9vitable<\/strong>, avec un co\u00fbt humain et social consid\u00e9rable.<\/p>\n<p data-start=\"5733\" data-end=\"6059\" data-is-last-node=\"\" data-is-only-node=\"\">La prise de conscience progresse, mais <strong data-start=\"5772\" data-end=\"5808\">les moyens ne suivent pas encore<\/strong>. Tant que les femmes continueront \u00e0 sombrer en silence apr\u00e8s avoir donn\u00e9 la vie, <strong data-start=\"5890\" data-end=\"5967\">on ne pourra pas parler de v\u00e9ritable accompagnement global \u00e0 la naissance<\/strong>. Car prot\u00e9ger la sant\u00e9 d\u2019un enfant, c\u2019est aussi \u2014 et surtout \u2014 <strong data-start=\"6031\" data-end=\"6059\" data-is-last-node=\"\">prendre soin de sa m\u00e8re.<\/strong><\/p>\n","protected":false},"excerpt":{"rendered":"Un ph\u00e9nom\u00e8ne massif mais mal reconnu La p\u00e9riode p\u00e9rinatale \u2014 qui s\u2019\u00e9tend du d\u00e9but de la grossesse jusqu\u2019aux&hellip;\n","protected":false},"author":2,"featured_media":141259,"comment_status":"","ping_status":"","sticky":false,"template":"","format":"standard","meta":{"footnotes":""},"categories":[10],"tags":[26901,2073,1011,27,72,26902,26903,26904,26905,5790,56,71],"class_list":{"0":"post-141258","1":"post","2":"type-post","3":"status-publish","4":"format-standard","5":"has-post-thumbnail","7":"category-sante","8":"tag-baby-blues","9":"tag-depression","10":"tag-fr","11":"tag-france","12":"tag-health","13":"tag-hormones","14":"tag-isolement","15":"tag-nourissons","16":"tag-perinatalite","17":"tag-post-partum","18":"tag-push","19":"tag-sante"},"share_on_mastodon":{"url":"https:\/\/pubeurope.com\/@fr\/114601545129219035","error":""},"_links":{"self":[{"href":"https:\/\/www.europesays.com\/fr\/wp-json\/wp\/v2\/posts\/141258","targetHints":{"allow":["GET"]}}],"collection":[{"href":"https:\/\/www.europesays.com\/fr\/wp-json\/wp\/v2\/posts"}],"about":[{"href":"https:\/\/www.europesays.com\/fr\/wp-json\/wp\/v2\/types\/post"}],"author":[{"embeddable":true,"href":"https:\/\/www.europesays.com\/fr\/wp-json\/wp\/v2\/users\/2"}],"replies":[{"embeddable":true,"href":"https:\/\/www.europesays.com\/fr\/wp-json\/wp\/v2\/comments?post=141258"}],"version-history":[{"count":0,"href":"https:\/\/www.europesays.com\/fr\/wp-json\/wp\/v2\/posts\/141258\/revisions"}],"wp:featuredmedia":[{"embeddable":true,"href":"https:\/\/www.europesays.com\/fr\/wp-json\/wp\/v2\/media\/141259"}],"wp:attachment":[{"href":"https:\/\/www.europesays.com\/fr\/wp-json\/wp\/v2\/media?parent=141258"}],"wp:term":[{"taxonomy":"category","embeddable":true,"href":"https:\/\/www.europesays.com\/fr\/wp-json\/wp\/v2\/categories?post=141258"},{"taxonomy":"post_tag","embeddable":true,"href":"https:\/\/www.europesays.com\/fr\/wp-json\/wp\/v2\/tags?post=141258"}],"curies":[{"name":"wp","href":"https:\/\/api.w.org\/{rel}","templated":true}]}}