{"id":141269,"date":"2025-05-31T08:44:09","date_gmt":"2025-05-31T08:44:09","guid":{"rendered":"https:\/\/www.europesays.com\/fr\/141269\/"},"modified":"2025-05-31T08:44:09","modified_gmt":"2025-05-31T08:44:09","slug":"un-motard-decede-dans-un-accident-de-la-route-a-talasani-en-haute-corse","status":"publish","type":"post","link":"https:\/\/www.europesays.com\/fr\/141269\/","title":{"rendered":"Un motard d\u00e9c\u00e8de dans un accident de la route \u00e0 Talasani, en Haute-Corse"},"content":{"rendered":"<p>Un accident de la route a co\u00fbt\u00e9 la vie \u00e0 un motard ce samedi 31\u00a0mai peu avant 8\u00a0h\u00a030 sur la commune de Talasani. Les faits se sont produits sur la route territoriale 10. Deux voitures et une moto seraient impliqu\u00e9es dans le sinistre. \u00c9ject\u00e9 au moment du choc, le motard a \u00e9t\u00e9 gri\u00e8vement bless\u00e9. Malgr\u00e9 l&rsquo;intervention rapide des services de secours, appuy\u00e9s par l&rsquo;h\u00e9licopt\u00e8re de la S\u00e9curit\u00e9 civile Dragon 2B, la victime n&rsquo;a pu \u00eatre ranim\u00e9e.<\/p>\n<p>La circulation est interrompue<\/p>\n<p>Cinq autres personnes, \u00e0 bord des autres v\u00e9hicules, ont \u00e9t\u00e9 l\u00e9g\u00e8rement bless\u00e9es. Elles ont \u00e9t\u00e9 prises en charge sur place par les secours. La route territoriale 10 a \u00e9t\u00e9 ferm\u00e9e \u00e0 la circulation afin de permettre l&rsquo;intervention des services de secours. Les circonstances exactes de cet accident ne sont pas encore d\u00e9termin\u00e9es.<\/p>\n","protected":false},"excerpt":{"rendered":"Un accident de la route a co\u00fbt\u00e9 la vie \u00e0 un motard ce samedi 31\u00a0mai peu avant 8\u00a0h\u00a030&hellip;\n","protected":false},"author":2,"featured_media":91335,"comment_status":"","ping_status":"","sticky":false,"template":"","format":"standard","meta":{"footnotes":""},"categories":[4],"tags":[17,119,11,1102,1446,1762,274,1011,27,1099,3914,12,25,209,26906],"class_list":{"0":"post-141269","1":"post","2":"type-post","3":"status-publish","4":"format-standard","5":"has-post-thumbnail","7":"category-france","8":"tag-17","9":"tag-accident","10":"tag-actualites","11":"tag-breakingnews","12":"tag-dans","13":"tag-decede","14":"tag-faits-divers-justice","15":"tag-fr","16":"tag-france","17":"tag-haute-corse","18":"tag-motard","19":"tag-news","20":"tag-republique-francaise","21":"tag-route","22":"tag-talasani"},"share_on_mastodon":{"url":"https:\/\/pubeurope.com\/@fr\/114601568726989565","error":""},"_links":{"self":[{"href":"https:\/\/www.europesays.com\/fr\/wp-json\/wp\/v2\/posts\/141269","targetHints":{"allow":["GET"]}}],"collection":[{"href":"https:\/\/www.europesays.com\/fr\/wp-json\/wp\/v2\/posts"}],"about":[{"href":"https:\/\/www.europesays.com\/fr\/wp-json\/wp\/v2\/types\/post"}],"author":[{"embeddable":true,"href":"https:\/\/www.europesays.com\/fr\/wp-json\/wp\/v2\/users\/2"}],"replies":[{"embeddable":true,"href":"https:\/\/www.europesays.com\/fr\/wp-json\/wp\/v2\/comments?post=141269"}],"version-history":[{"count":0,"href":"https:\/\/www.europesays.com\/fr\/wp-json\/wp\/v2\/posts\/141269\/revisions"}],"wp:featuredmedia":[{"embeddable":true,"href":"https:\/\/www.europesays.com\/fr\/wp-json\/wp\/v2\/media\/91335"}],"wp:attachment":[{"href":"https:\/\/www.europesays.com\/fr\/wp-json\/wp\/v2\/media?parent=141269"}],"wp:term":[{"taxonomy":"category","embeddable":true,"href":"https:\/\/www.europesays.com\/fr\/wp-json\/wp\/v2\/categories?post=141269"},{"taxonomy":"post_tag","embeddable":true,"href":"https:\/\/www.europesays.com\/fr\/wp-json\/wp\/v2\/tags?post=141269"}],"curies":[{"name":"wp","href":"https:\/\/api.w.org\/{rel}","templated":true}]}}