{"id":141272,"date":"2025-05-31T08:46:13","date_gmt":"2025-05-31T08:46:13","guid":{"rendered":"https:\/\/www.europesays.com\/fr\/141272\/"},"modified":"2025-05-31T08:46:13","modified_gmt":"2025-05-31T08:46:13","slug":"roche-la-moliere-ou-en-sont-les-travaux-du-complexe-sportif-de-grangeneuve-qui-doivent-durer-deux-ans-2","status":"publish","type":"post","link":"https:\/\/www.europesays.com\/fr\/141272\/","title":{"rendered":"Roche-la-Moli\u00e8re. O\u00f9 en sont les travaux du complexe sportif de Grangeneuve, qui doivent durer deux ans\u202f?"},"content":{"rendered":"<p>Le chantier de r\u00e9flexion du complexe sportif de Grangeneuve (gymnase, dojo, stade) \u00e0 Roche-la-Moli\u00e8re avance.<\/p>\n<p>Les travaux, d\u2019environ deux ans, doivent durer jusqu\u2019\u00e0 la fin du premier semestre de l\u2019ann\u00e9e prochaine et la livraison est esp\u00e9r\u00e9e en septembre\u00a02026. Le chantier va compl\u00e8tement modifier l\u2019aspect du site et \u00ab\u00a0la prochaine grosse r\u00e9novation sera dans cinquante ans\u00a0\u00bb, confie Cl\u00e9ment Desbois, responsable de projets am\u00e9nagement et construction \u00e0 Cap M\u00e9tropole, qui suit la r\u00e9habilitation.<\/p>\n<p>Il n\u2019y a d\u2019ailleurs \u00ab\u00a0pas d\u2019al\u00e9a fondamental et aucun retard sur le chantier. Le planning est coh\u00e9rent, \u00e7a nous permet de bien faire les choses\u00a0\u00bb.<\/p>\n<p>L\u2019op\u00e9ration globale a r\u00e9cemment \u00e9t\u00e9 r\u00e9\u00e9valu\u00e9e \u00e0 6,8\u00a0millions d\u2019euros TTC,&#8230;<\/p>\n","protected":false},"excerpt":{"rendered":"Le chantier de r\u00e9flexion du complexe sportif de Grangeneuve (gymnase, dojo, stade) \u00e0 Roche-la-Moli\u00e8re avance. Les travaux, d\u2019environ&hellip;\n","protected":false},"author":2,"featured_media":141029,"comment_status":"","ping_status":"","sticky":false,"template":"","format":"standard","meta":{"footnotes":""},"categories":[9653],"tags":[1111,11,2430,7539,1777,674,1011,27,12,25,12490,12491,4001,104,517],"class_list":{"0":"post-141272","1":"post","2":"type-post","3":"status-publish","4":"format-standard","5":"has-post-thumbnail","7":"category-saint-etienne","8":"tag-actu","9":"tag-actualites","10":"tag-auvergne-rhone-alpes","11":"tag-edition-loire-sud","12":"tag-eu","13":"tag-europe","14":"tag-fr","15":"tag-france","16":"tag-news","17":"tag-republique-francaise","18":"tag-roche-la-moliere","19":"tag-roche-la-moliere-bassin","20":"tag-saint-etienne","21":"tag-societe","22":"tag-sport"},"share_on_mastodon":{"url":"https:\/\/pubeurope.com\/@fr\/114601576586008570","error":""},"_links":{"self":[{"href":"https:\/\/www.europesays.com\/fr\/wp-json\/wp\/v2\/posts\/141272","targetHints":{"allow":["GET"]}}],"collection":[{"href":"https:\/\/www.europesays.com\/fr\/wp-json\/wp\/v2\/posts"}],"about":[{"href":"https:\/\/www.europesays.com\/fr\/wp-json\/wp\/v2\/types\/post"}],"author":[{"embeddable":true,"href":"https:\/\/www.europesays.com\/fr\/wp-json\/wp\/v2\/users\/2"}],"replies":[{"embeddable":true,"href":"https:\/\/www.europesays.com\/fr\/wp-json\/wp\/v2\/comments?post=141272"}],"version-history":[{"count":0,"href":"https:\/\/www.europesays.com\/fr\/wp-json\/wp\/v2\/posts\/141272\/revisions"}],"wp:featuredmedia":[{"embeddable":true,"href":"https:\/\/www.europesays.com\/fr\/wp-json\/wp\/v2\/media\/141029"}],"wp:attachment":[{"href":"https:\/\/www.europesays.com\/fr\/wp-json\/wp\/v2\/media?parent=141272"}],"wp:term":[{"taxonomy":"category","embeddable":true,"href":"https:\/\/www.europesays.com\/fr\/wp-json\/wp\/v2\/categories?post=141272"},{"taxonomy":"post_tag","embeddable":true,"href":"https:\/\/www.europesays.com\/fr\/wp-json\/wp\/v2\/tags?post=141272"}],"curies":[{"name":"wp","href":"https:\/\/api.w.org\/{rel}","templated":true}]}}