{"id":141275,"date":"2025-05-31T08:48:17","date_gmt":"2025-05-31T08:48:17","guid":{"rendered":"https:\/\/www.europesays.com\/fr\/141275\/"},"modified":"2025-05-31T08:48:17","modified_gmt":"2025-05-31T08:48:17","slug":"void-vacon-lentreprise-cmv-a-livre-une-piece-hors-norme-a-novacarb","status":"publish","type":"post","link":"https:\/\/www.europesays.com\/fr\/141275\/","title":{"rendered":"Void-Vacon. L\u2019entreprise CMV a livr\u00e9 une pi\u00e8ce hors-norme \u00e0 Novacarb"},"content":{"rendered":"<p>Nous avons r\u00e9alis\u00e9 cette pi\u00e8ce en trois mois en parall\u00e8le d\u2019autres ouvrages. Tout ce qui sort de chez nous se fait en convoi exceptionnel. Une quinzaine de v\u00e9hicules ont \u00e9t\u00e9 n\u00e9cessaires \u00e0 l\u2019accompagnement de ce convoi d\u2019un poids total de 57 tonnes.\u00a0\u00bb C\u2019est non sans fiert\u00e9 que Remy Mairel a \u00e9voqu\u00e9 la derni\u00e8re pi\u00e8ce sortie de la soci\u00e9t\u00e9 CMV qu\u2019il dirige depuis 2009.<\/p>\n<p>Un convoi escort\u00e9 \u00ab\u00a0de techniciens d\u2019Enedis et d\u2019Orange, pour assurer le relevage des c\u00e2bles afin de faciliter son passage dans les secteurs urbanis\u00e9s\u00a0\u00bb.<\/p>\n<p>Avec cette pi\u00e8ce de 7 m\u00e8tres de diam\u00e8tre et 8\u00a0m\u00e8tres de longueur, pour un poids de 22 tonnes, l\u2019entrepreneur de 43 ans n\u2019en est pas \u00e0 son coup d\u2019essai.<\/p>\n<p>CMV a d\u00e9j\u00e0 fait preuve de ma\u00eetrise et de savoir-faire dans la r\u00e9alisation de pi\u00e8ces de forts diam\u00e8tres et de tr\u00e8s grandes dimensions, \u00e0 l\u2019instar de cette chemin\u00e9e industrielle de 73\u00a0m\u00e8tres de hauteur et 4,5\u00a0m\u00e8tres de diam\u00e8tre, sortie des ateliers en 2023, la plus haute r\u00e9alis\u00e9e en France \u00e0 ce jour.<\/p>\n<p>  Pour traiter de l\u2019eau sal\u00e9e<\/p>\n<p>Le hors-norme n\u2019est donc absolument pas un frein pour cette entreprise qui vient de battre son propre record, en r\u00e9alisant ce \u00ab\u00a0d\u00e9gazeur\u00a0\u00bb tout inox. Il permettra de traiter l\u2019eau sal\u00e9e extraite du sol. Une pi\u00e8ce destin\u00e9e \u00e0 Novacarb Humens, une usine chimique situ\u00e9e \u00e0 Laneuveville-devant-Nancy (54).<\/p>\n<p>  Une activit\u00e9 compl\u00e9mentaire qui booste<\/p>\n<p>A c\u00f4t\u00e9 de la production de ces pi\u00e8ces \u00e9normes, la cr\u00e9ation d\u2019un atelier de sablage et de peinture industrielle sur supports m\u00e9talliques donne \u00e0 CMV un atout suppl\u00e9mentaire.<\/p>\n<p>\u00ab\u00a0Cette activit\u00e9 compl\u00e9mentaire est positive pour notre entreprise. Elle booste notre cahier de commande qui se remplit malgr\u00e9 une conjoncture difficile, notamment pour certaines entreprises du m\u00eame secteur d\u2019activit\u00e9\u00a0\u00bb, termine Remy Mairel.<\/p>\n","protected":false},"excerpt":{"rendered":"Nous avons r\u00e9alis\u00e9 cette pi\u00e8ce en trois mois en parall\u00e8le d\u2019autres ouvrages. Tout ce qui sort de chez&hellip;\n","protected":false},"author":2,"featured_media":141276,"comment_status":"","ping_status":"","sticky":false,"template":"","format":"standard","meta":{"footnotes":""},"categories":[9635],"tags":[1111,11,26908,33,3602,1777,674,1011,27,775,1702,12,25,216,26907],"class_list":{"0":"post-141275","1":"post","2":"type-post","3":"status-publish","4":"format-standard","5":"has-post-thumbnail","7":"category-nancy","8":"tag-actu","9":"tag-actualites","10":"tag-cc-de-commercy-void-vaucouleurs-55a","11":"tag-economie","12":"tag-edition-bar-le-duc","13":"tag-eu","14":"tag-europe","15":"tag-fr","16":"tag-france","17":"tag-grand-est","18":"tag-nancy","19":"tag-news","20":"tag-republique-francaise","21":"tag-vie-des-entreprises","22":"tag-void-vacon"},"share_on_mastodon":{"url":"https:\/\/pubeurope.com\/@fr\/114601584472866165","error":""},"_links":{"self":[{"href":"https:\/\/www.europesays.com\/fr\/wp-json\/wp\/v2\/posts\/141275","targetHints":{"allow":["GET"]}}],"collection":[{"href":"https:\/\/www.europesays.com\/fr\/wp-json\/wp\/v2\/posts"}],"about":[{"href":"https:\/\/www.europesays.com\/fr\/wp-json\/wp\/v2\/types\/post"}],"author":[{"embeddable":true,"href":"https:\/\/www.europesays.com\/fr\/wp-json\/wp\/v2\/users\/2"}],"replies":[{"embeddable":true,"href":"https:\/\/www.europesays.com\/fr\/wp-json\/wp\/v2\/comments?post=141275"}],"version-history":[{"count":0,"href":"https:\/\/www.europesays.com\/fr\/wp-json\/wp\/v2\/posts\/141275\/revisions"}],"wp:featuredmedia":[{"embeddable":true,"href":"https:\/\/www.europesays.com\/fr\/wp-json\/wp\/v2\/media\/141276"}],"wp:attachment":[{"href":"https:\/\/www.europesays.com\/fr\/wp-json\/wp\/v2\/media?parent=141275"}],"wp:term":[{"taxonomy":"category","embeddable":true,"href":"https:\/\/www.europesays.com\/fr\/wp-json\/wp\/v2\/categories?post=141275"},{"taxonomy":"post_tag","embeddable":true,"href":"https:\/\/www.europesays.com\/fr\/wp-json\/wp\/v2\/tags?post=141275"}],"curies":[{"name":"wp","href":"https:\/\/api.w.org\/{rel}","templated":true}]}}