{"id":141281,"date":"2025-05-31T08:51:10","date_gmt":"2025-05-31T08:51:10","guid":{"rendered":"https:\/\/www.europesays.com\/fr\/141281\/"},"modified":"2025-05-31T08:51:10","modified_gmt":"2025-05-31T08:51:10","slug":"un-triathlon-atypique-elle-realise-24-heures-defforts-pour-relier-gap-a-toulon-pour-feter-ses-24-ans","status":"publish","type":"post","link":"https:\/\/www.europesays.com\/fr\/141281\/","title":{"rendered":"Un triathlon atypique: elle r\u00e9alise 24 heures d&rsquo;efforts pour relier Gap \u00e0 Toulon pour f\u00eater ses 24 ans"},"content":{"rendered":"<p>S\u2019infliger presque 24 heures cons\u00e9cutives d\u2019efforts en plein air, voil\u00e0 une fa\u00e7on bien originale de f\u00eater son 24e anniversaire. C\u2019est pourtant bien le d\u00e9fi qu\u2019a r\u00e9cemment relev\u00e9 Lou Godet, jeune pr\u00e9paratrice physique install\u00e9e \u00e0 Gap.<\/p>\n<p>Du jeudi 29 au vendredi 30 mai, cette Bretonne d\u2019origine a sillonn\u00e9 les Hautes-Alpes et les Alpes-de-Haute-Provence afin de rallier la c\u00f4te varoise et le quartier du Mourillon, \u00e0 Toulon, o\u00f9 elle poss\u00e8de des attaches.<\/p>\n<p>\u00ab\u00a0Au d\u00e9part, je voulais f\u00eater mon anniversaire en me laissant le challenge de faire un triathlon atypique, un peu sous le format Ironman, rembobine Lou. Ensuite, je me suis dit que je pouvais le r\u00e9aliser \u00e0 fond, en conditions r\u00e9elles. Je me suis donc entra\u00een\u00e9e avec un coach pendant deux mois et demi. J\u2019avais de bonnes bases, mais Christophe m\u2019a permis de me d\u00e9passer. Je ne pensais pas que j\u2019\u00e9tais capable de tout \u00e7a. (sourire) \u00ab\u00a0<\/p>\n<p>\u00ab\u00a0Tout \u00e7a\u00a0\u00bb correspond \u00e0 pas moins de 240km de v\u00e9lo, 2,4km de nage et 18km de course \u00e0 pied. Tout un programme, qui a vu la triathl\u00e8te en herbe parcourir sur son deux-roues Gap, Tallard, La Saulce, Sisteron, Ch\u00e2teau-Arnoux-Saint-Auban, Les M\u00e9es, Vinon-sur-Verdon, La Verdi\u00e8re, Saint-Maximin, La Roquebrussanne, Belgentier, La Farl\u00e8de, La Crau et Le Pradet, pour enfin poser le pied \u00e0 terre dans la capitale du Var.<\/p>\n<p><strong>2,4km de nage en pleine nuit au Mourillon<\/strong><\/p>\n<p>Accompagn\u00e9e tout au long des routes de campagne et des d\u00e9partementales par son papa, chauffeur de la voiture-balai, la sportive fut accueillie par ses proches sur le parking du yacht-club local, avant de plonger dans la M\u00e9diterran\u00e9e pour y multiplier les allers-retours entre le Cap Brun et les anses du Mourillon, malgr\u00e9 la nuit tomb\u00e9e.<\/p>\n<p>\u00ab\u00a0\u00c7a m\u2019a fait du bien de nager avant d\u2019enfiler les baskets\u00a0\u00bb, assure celle qui a termin\u00e9 sa boucle par un parcours entre Toulon et Le Pradet, malgr\u00e9 les crampes, la faim et les courbatures naissantes.<\/p>\n<p>Il faut dire que son \u00e9preuve, baptis\u00e9e \u00ab\u00a0Iron 2.4\u00a0\u00bb, avait d\u00e9but\u00e9 d\u00e8s 5h15 du matin\u2026 pour une ultime arriv\u00e9e au Mourillon le lendemain, \u00e0 3h15 du matin, apr\u00e8s plusieurs heures de lutte contre la chaleur (jusqu\u2019\u00e0 30\u00b0C) et les kilom\u00e8tres.<\/p>\n<p>Au-del\u00e0 de la symbolique, cette course lui \u00ab\u00a0a permis de mieux [se] conna\u00eetre physiquement et de voir du pays\u00a0\u00bb. \u00ab\u00a0On a une tr\u00e8s belle r\u00e9gion. On peut \u00eatre totalement d\u00e9pays\u00e9 avec du voyage local, en se mettant en mouvement. Il suffit de patience, d\u2019entra\u00eenement et de volont\u00e9\u00a0\u00bb, conclut Lou, qui assure ne pas vouloir s\u2019arr\u00eater en si bon chemin. Alors, rendez-vous l\u2019ann\u00e9e prochaine?<\/p>\n","protected":false},"excerpt":{"rendered":"S\u2019infliger presque 24 heures cons\u00e9cutives d\u2019efforts en plein air, voil\u00e0 une fa\u00e7on bien originale de f\u00eater son 24e&hellip;\n","protected":false},"author":2,"featured_media":141282,"comment_status":"","ping_status":"","sticky":false,"template":"","format":"standard","meta":{"footnotes":""},"categories":[9619],"tags":[1111,11,1777,674,1011,27,1393,12,882,25,60,2310,3366],"class_list":{"0":"post-141281","1":"post","2":"type-post","3":"status-publish","4":"format-standard","5":"has-post-thumbnail","7":"category-toulon","8":"tag-actu","9":"tag-actualites","10":"tag-eu","11":"tag-europe","12":"tag-fr","13":"tag-france","14":"tag-loisirs","15":"tag-news","16":"tag-provence-alpes-cote-dazur","17":"tag-republique-francaise","18":"tag-sports","19":"tag-toulon","20":"tag-vie-locale"},"share_on_mastodon":{"url":"https:\/\/pubeurope.com\/@fr\/114601596263308561","error":""},"_links":{"self":[{"href":"https:\/\/www.europesays.com\/fr\/wp-json\/wp\/v2\/posts\/141281","targetHints":{"allow":["GET"]}}],"collection":[{"href":"https:\/\/www.europesays.com\/fr\/wp-json\/wp\/v2\/posts"}],"about":[{"href":"https:\/\/www.europesays.com\/fr\/wp-json\/wp\/v2\/types\/post"}],"author":[{"embeddable":true,"href":"https:\/\/www.europesays.com\/fr\/wp-json\/wp\/v2\/users\/2"}],"replies":[{"embeddable":true,"href":"https:\/\/www.europesays.com\/fr\/wp-json\/wp\/v2\/comments?post=141281"}],"version-history":[{"count":0,"href":"https:\/\/www.europesays.com\/fr\/wp-json\/wp\/v2\/posts\/141281\/revisions"}],"wp:featuredmedia":[{"embeddable":true,"href":"https:\/\/www.europesays.com\/fr\/wp-json\/wp\/v2\/media\/141282"}],"wp:attachment":[{"href":"https:\/\/www.europesays.com\/fr\/wp-json\/wp\/v2\/media?parent=141281"}],"wp:term":[{"taxonomy":"category","embeddable":true,"href":"https:\/\/www.europesays.com\/fr\/wp-json\/wp\/v2\/categories?post=141281"},{"taxonomy":"post_tag","embeddable":true,"href":"https:\/\/www.europesays.com\/fr\/wp-json\/wp\/v2\/tags?post=141281"}],"curies":[{"name":"wp","href":"https:\/\/api.w.org\/{rel}","templated":true}]}}