{"id":141290,"date":"2025-05-31T08:58:09","date_gmt":"2025-05-31T08:58:09","guid":{"rendered":"https:\/\/www.europesays.com\/fr\/141290\/"},"modified":"2025-05-31T08:58:09","modified_gmt":"2025-05-31T08:58:09","slug":"un-homme-de-65-ans-meurt-lors-dun-accident-de-chasse","status":"publish","type":"post","link":"https:\/\/www.europesays.com\/fr\/141290\/","title":{"rendered":"un homme de 65 ans meurt lors d&rsquo;un accident de chasse"},"content":{"rendered":"<p>L\u2019homme s\u2019est fait tirer dessus par son compagnon vendredi soir vers 23h30. Une enqu\u00eate de gendarmerie a \u00e9t\u00e9 ouverte pour d\u00e9terminer les circonstances pr\u00e9cises de l\u2019accident.<\/p>\n<p class=\"fig-paragraph\">Un homme de 65 ans est d\u00e9c\u00e9d\u00e9 vendredi soir dans la commune de Langou\u00ebt, en\u00a0<a href=\"http:\/\/www.lefigaro.fr\/faits-divers\/enfant-de-6-ans-retrouve-mort-en-ille-et-vilaine-la-mere-placee-en-detention-provisoire-20250323\" target=\"_blank\" data-fig-type=\"NewsFlash\" rel=\"noopener\" data-gtm-custom-categorie=\"navigation\" data-gtm-custom-action=\"crossclick\" data-gtm-custom-label=\"Contextuel\" data-gtm-event=\"customEventSPE\" data-fig-domain=\"LEFIGARO\">Ille-et-Vilaine<\/a>, tu\u00e9 par un tir lors d&rsquo;une partie de\u00a0<a href=\"http:\/\/www.lefigaro.fr\/culture\/un-fragment-d-arme-de-chasse-demontre-l-inventivite-des-neandertaliens-20250525\" target=\"_blank\" data-fig-type=\"Article\" rel=\"noopener\" data-gtm-custom-categorie=\"navigation\" data-gtm-custom-action=\"crossclick\" data-gtm-custom-label=\"Contextuel\" data-gtm-event=\"customEventSPE\" data-fig-domain=\"LEFIGARO\">chasse<\/a>, ont indiqu\u00e9 samedi les pompiers, confirmant une information d&rsquo;I<a href=\"https:\/\/www.francebleu.fr\/infos\/faits-divers-justice\/un-homme-de-65-ans-mort-apres-un-accident-de-chasse-en-ille-et-vilaine-7010220\" target=\"_blank\" rel=\"nofollow noopener\" data-gtm-custom-categorie=\"navigation\" data-gtm-custom-action=\"crossclick\" data-gtm-custom-label=\"Contextuel\" data-gtm-event=\"customEventSPE\">ci Armorique.<\/a><\/p>\n<p class=\"fig-paragraph\">Les deux hommes \u00e9taient partis \u00e0 la chasse vendredi soir et l&rsquo;un d&rsquo;entre eux, \u00e2g\u00e9 de 76 ans, a tir\u00e9 sur son compagnon vers 23h30, selon les pompiers. Une enqu\u00eate de gendarmerie a \u00e9t\u00e9 ouverte pour d\u00e9terminer les circonstances pr\u00e9cises de l&rsquo;accident.<\/p>\n<p class=\"fig-paragraph\">Lors de la saison cyn\u00e9g\u00e9tique 2023-2024, six chasseurs sont morts, selon les chiffres de l&rsquo;<a href=\"http:\/\/www.lefigaro.fr\/flash-actu\/matignon-rassure-les-agents-de-l-office-de-la-biodiversite-cibles-recurrentes-des-agriculteurs-20250124\" target=\"_blank\" data-fig-type=\"NewsFlash\" rel=\"noopener\" data-gtm-custom-categorie=\"navigation\" data-gtm-custom-action=\"crossclick\" data-gtm-custom-label=\"Contextuel\" data-gtm-event=\"customEventSPE\" data-fig-domain=\"LEFIGARO\">Office fran\u00e7ais de la biodiversit\u00e9<\/a>\u00a0(OFB), la police de la chasse. \u00abCe chiffre confirme la tendance \u00e0 la baisse des accidents mortels, qui diminue de 77% sur 20 ans\u00bb, selon l&rsquo;OFB. Il y a eu en revanche \u00abune augmentation des accidents, au nombre de 97, dont 58 graves, par rapport aux trois saisons pr\u00e9c\u00e9dentes.\u00bb<\/p>\n","protected":false},"excerpt":{"rendered":"L\u2019homme s\u2019est fait tirer dessus par son compagnon vendredi soir vers 23h30. Une enqu\u00eate de gendarmerie a \u00e9t\u00e9&hellip;\n","protected":false},"author":2,"featured_media":141291,"comment_status":"","ping_status":"","sticky":false,"template":"","format":"standard","meta":{"footnotes":""},"categories":[2821],"tags":[119,1111,11,3694,829,4183,271,2951,3695,1777,674,3696,118,1011,27,2825,1253,303,12,1072,2694,584,25,2949],"class_list":{"0":"post-141290","1":"post","2":"type-post","3":"status-publish","4":"format-standard","5":"has-post-thumbnail","7":"category-rennes","8":"tag-accident","9":"tag-actu","10":"tag-actualites","11":"tag-affaires","12":"tag-bretagne","13":"tag-chasse","14":"tag-crime","15":"tag-criminalite","16":"tag-enquetes","17":"tag-eu","18":"tag-europe","19":"tag-evenements","20":"tag-faits-divers","21":"tag-fr","22":"tag-france","23":"tag-insecurite","24":"tag-islamisme","25":"tag-justice","26":"tag-news","27":"tag-police","28":"tag-proces","29":"tag-rennes","30":"tag-republique-francaise","31":"tag-violences"},"share_on_mastodon":{"url":"https:\/\/pubeurope.com\/@fr\/114601623800455153","error":""},"_links":{"self":[{"href":"https:\/\/www.europesays.com\/fr\/wp-json\/wp\/v2\/posts\/141290","targetHints":{"allow":["GET"]}}],"collection":[{"href":"https:\/\/www.europesays.com\/fr\/wp-json\/wp\/v2\/posts"}],"about":[{"href":"https:\/\/www.europesays.com\/fr\/wp-json\/wp\/v2\/types\/post"}],"author":[{"embeddable":true,"href":"https:\/\/www.europesays.com\/fr\/wp-json\/wp\/v2\/users\/2"}],"replies":[{"embeddable":true,"href":"https:\/\/www.europesays.com\/fr\/wp-json\/wp\/v2\/comments?post=141290"}],"version-history":[{"count":0,"href":"https:\/\/www.europesays.com\/fr\/wp-json\/wp\/v2\/posts\/141290\/revisions"}],"wp:featuredmedia":[{"embeddable":true,"href":"https:\/\/www.europesays.com\/fr\/wp-json\/wp\/v2\/media\/141291"}],"wp:attachment":[{"href":"https:\/\/www.europesays.com\/fr\/wp-json\/wp\/v2\/media?parent=141290"}],"wp:term":[{"taxonomy":"category","embeddable":true,"href":"https:\/\/www.europesays.com\/fr\/wp-json\/wp\/v2\/categories?post=141290"},{"taxonomy":"post_tag","embeddable":true,"href":"https:\/\/www.europesays.com\/fr\/wp-json\/wp\/v2\/tags?post=141290"}],"curies":[{"name":"wp","href":"https:\/\/api.w.org\/{rel}","templated":true}]}}