{"id":141294,"date":"2025-05-31T09:00:11","date_gmt":"2025-05-31T09:00:11","guid":{"rendered":"https:\/\/www.europesays.com\/fr\/141294\/"},"modified":"2025-05-31T09:00:11","modified_gmt":"2025-05-31T09:00:11","slug":"schiltigheim-a-la-roseraie-une-equipe-prete-a-accueillir-les-visiteurs-pour-le-week-end-de-la-pentecote","status":"publish","type":"post","link":"https:\/\/www.europesays.com\/fr\/141294\/","title":{"rendered":"Schiltigheim. \u00c0 la Roseraie, une \u00e9quipe pr\u00eate \u00e0 accueillir les visiteurs pour le week-end de la Pentec\u00f4te"},"content":{"rendered":"<p>La Roseraie de Schiltigheim d\u2019une superficie de 30 ares contient environ 3\u00a0200 rosiers de tout style et de 350 vari\u00e9t\u00e9s. Le th\u00e8me choisi par le minist\u00e8re de la Culture pour son rendez-vous au jardin de l\u2019ann\u00e9e 2025 est \u00ab\u00a0Jardins de pierres, pierres de jardins\u00a0\u00bb, une th\u00e9matique quelque peu myst\u00e9rieuse. Concernant la Roseraie, des pierres sont pr\u00e9sentes pr\u00e8s des murets \u2013certains servant de support aux rosiers grimpants\u2013 et des bordures. Concass\u00e9es, les pierres forment aussi les all\u00e9es ou sont utilis\u00e9es comme paillage min\u00e9ral<\/p>\n<p>Les travaux d\u2019entretien sont assur\u00e9s en grande partie par des b\u00e9n\u00e9voles passionn\u00e9s qui y travaillent les lundis et mercredis matin.\u00a0\u00ab\u00a0Des b\u00e9n\u00e9voles qui y \u0153uvrent r\u00e9guli\u00e8rement y trouvant la satisfaction personnelle de cr\u00e9er ensemble la magie de la Roseraie propre \u00e0 enchanter le visiteur\u00a0\u00bb, d\u2019apr\u00e8s Francis Colin, ing\u00e9nieur forestier, biologiste de formation \u00e0 la retraite depuis l\u2019automne 2024. \u00ab\u00a0\u00c0 part le jardinier Thierry, je suis le seul homme\u00a0!\u00a0\u00bb<\/p>\n<p>Ce contenu est bloqu\u00e9 car vous n&rsquo;avez pas accept\u00e9 les cookies et autres traceurs.<\/p>\n<p>En cliquant sur \u00ab J\u2019accepte \u00bb, les cookies et autres traceurs seront d\u00e9pos\u00e9s et vous pourrez visualiser les contenus  (<a href=\"\" class=\"consentModule_policy\" target=\"_blank\" title=\"Consulter la politique de protection des donn\u00e9es du fournisseur\">plus d&rsquo;informations<\/a>).<\/p>\n<p>En cliquant sur \u00ab J\u2019accepte tous les cookies \u00bb, vous autorisez des d\u00e9p\u00f4ts de cookies et autres traceurs pour le stockage de vos donn\u00e9es sur nos sites et applications \u00e0 des fins de personnalisation et de ciblage publicitaire.<\/p>\n<p class=\"consentModule_secondaryText\">Vous gardez la possibilit\u00e9 de retirer votre consentement \u00e0 tout moment en consultant notre <a href=\"https:\/\/www.dna.fr\/protection-des-donnees\" target=\"_blank\" title=\"Consulter notre politique de protection des donn\u00e9es\" rel=\"noopener\">politique de protection des donn\u00e9es<\/a>. <br \/>&#13;<br \/>\n            <a href=\"https:\/\/www.dna.fr\/environnement\/2025\/05\/31\/javascript:Didomi.notice.show()\" class=\"consentModule_cmp\" target=\"_blank\" rel=\"noopener\">G\u00e9rer mes choix<\/a>&#13;\n        <\/p>\n<p>&#13;<br \/>\n                        J&rsquo;accepte&#13;<br \/>\n            J&rsquo;accepte tous les cookies&#13;\n        <\/p>\n<p>Parmi les b\u00e9n\u00e9voles, Romy Sahm, ancienne informaticienne, intervient depuis trois ans\u00a0: \u00ab\u00a0J\u2019habite dans le coin, je suis \u00e0 la retraite. C\u2019est magique de voir l\u2019\u00e9volution de la rose apr\u00e8s la taille de mars.\u00a0\u00bb<\/p>\n<p>  Labellis\u00e9 Jardin remarquable<\/p>\n<p>La vice-pr\u00e9sidente de l\u2019association Amis des Roses, Esther Mandel, appr\u00e9cie l\u2019ambiance autour des plates-bandes. L\u00e9ontine, passionn\u00e9e par la biodiversit\u00e9 s\u2019instruit sur l\u2019aspect technique avec les cours de taille. Chantal, elle, apprend le bouturage. Marie-No\u00eblle, membre depuis 5-6 ans aime le travail en \u00e9quipe et approfondir ses connaissances. Arriv\u00e9e par hasard \u00e0 la Roseraie, Isabelle aime \u00e0 gratter la terre.<\/p>\n<p>L\u2019\u00e9quipe au grand complet sera sur le pont de 14\u00a0h \u00e0 18\u00a0h les 7, 8 et 9\u00a0juin prochains pour accueillir les visiteurs, r\u00e9pondre \u00e0 leurs questions et \u00e9voquer l\u2019histoire de ce jardin urbain. Des visites guid\u00e9es botaniques et historiques seront propos\u00e9es. \u00c0 savoir que la pr\u00e9sidente Bernadette Algret s\u2019est vue remettre le label Jardin remarquable d\u00e9cern\u00e9 par le minist\u00e8re de la Culture sur proposition de la commission Jardins remarquables de la Direction r\u00e9gionale des affaires culturelles (Drac) Grand Est en 2024. Visiter ce jardin sera un vrai r\u00e9gal pour les yeux et l\u2019odorat.<\/p>\n<p class=\"note\">Le jardin des Amis des roses, Schiltigheim, parc de la Roseraie. Entr\u00e9e libre, espace non fumeurs. Interdit aux chiens<\/p>\n","protected":false},"excerpt":{"rendered":"La Roseraie de Schiltigheim d\u2019une superficie de 30 ares contient environ 3\u00a0200 rosiers de tout style et de&hellip;\n","protected":false},"author":2,"featured_media":141295,"comment_status":"","ping_status":"","sticky":false,"template":"","format":"standard","meta":{"footnotes":""},"categories":[2820],"tags":[1111,11,2880,436,1777,674,107,1011,27,775,12,25,5512,104,640,3265,1631],"class_list":{"0":"post-141294","1":"post","2":"type-post","3":"status-publish","4":"format-standard","5":"has-post-thumbnail","7":"category-strasbourg","8":"tag-actu","9":"tag-actualites","10":"tag-edition-strasbourg","11":"tag-environnement","12":"tag-eu","13":"tag-europe","14":"tag-fil-info","15":"tag-fr","16":"tag-france","17":"tag-grand-est","18":"tag-news","19":"tag-republique-francaise","20":"tag-schiltigheim","21":"tag-societe","22":"tag-strasbourg","23":"tag-strasbourg-nord","24":"tag-vie-associative"},"share_on_mastodon":{"url":"https:\/\/pubeurope.com\/@fr\/114601631589695290","error":""},"_links":{"self":[{"href":"https:\/\/www.europesays.com\/fr\/wp-json\/wp\/v2\/posts\/141294","targetHints":{"allow":["GET"]}}],"collection":[{"href":"https:\/\/www.europesays.com\/fr\/wp-json\/wp\/v2\/posts"}],"about":[{"href":"https:\/\/www.europesays.com\/fr\/wp-json\/wp\/v2\/types\/post"}],"author":[{"embeddable":true,"href":"https:\/\/www.europesays.com\/fr\/wp-json\/wp\/v2\/users\/2"}],"replies":[{"embeddable":true,"href":"https:\/\/www.europesays.com\/fr\/wp-json\/wp\/v2\/comments?post=141294"}],"version-history":[{"count":0,"href":"https:\/\/www.europesays.com\/fr\/wp-json\/wp\/v2\/posts\/141294\/revisions"}],"wp:featuredmedia":[{"embeddable":true,"href":"https:\/\/www.europesays.com\/fr\/wp-json\/wp\/v2\/media\/141295"}],"wp:attachment":[{"href":"https:\/\/www.europesays.com\/fr\/wp-json\/wp\/v2\/media?parent=141294"}],"wp:term":[{"taxonomy":"category","embeddable":true,"href":"https:\/\/www.europesays.com\/fr\/wp-json\/wp\/v2\/categories?post=141294"},{"taxonomy":"post_tag","embeddable":true,"href":"https:\/\/www.europesays.com\/fr\/wp-json\/wp\/v2\/tags?post=141294"}],"curies":[{"name":"wp","href":"https:\/\/api.w.org\/{rel}","templated":true}]}}