{"id":141312,"date":"2025-05-31T09:12:09","date_gmt":"2025-05-31T09:12:09","guid":{"rendered":"https:\/\/www.europesays.com\/fr\/141312\/"},"modified":"2025-05-31T09:12:09","modified_gmt":"2025-05-31T09:12:09","slug":"sur-les-reseaux-sociaux-martine-vassal-danse-et-benoit-payan-pousse-la-chansonnette","status":"publish","type":"post","link":"https:\/\/www.europesays.com\/fr\/141312\/","title":{"rendered":"Sur les r\u00e9seaux sociaux, Martine Vassal danse et Beno\u00eet Payan pousse la chansonnette"},"content":{"rendered":"<p>Ce sont les images de la semaine sur les r\u00e9seaux sociaux. \u00ab\u00a0Merc\u00e9\u00e9\u00e9, la zone\u00a0! Merc\u00e9\u00e9\u00e9, la zone !\u00a0\u00bb Beno\u00eet Payan, t-shirt d\u00e9contract\u00e9, lunettes de soleil de l&rsquo;espace, qui s&rsquo;ambiance au V\u00e9lodrome samedi dernier pour le deuxi\u00e8me concert de Jul (signe avec les doigts de rigueur). Impossible pour le maire de rater <a href=\"https:\/\/www.laprovence.com\/article\/culture-loisirs\/5018650361080614\/jul-au-velodrome-un-concert-sans-fin-150-000-spectateurs-en-deux-jours-nouveau-record-pour-le-j\" target=\"_blank\" rel=\"noopener\">l&rsquo;\u00e9v\u00e9nement le plus \u00ab\u00a0styl\u00e9\u00a0\u00bb de l&rsquo;ann\u00e9e <\/a>(si on a moins de 30 ans).<\/p>\n<p>On le sait plus adepte de Cendrars ou d&rsquo;Aragon, il n&rsquo;a pour autant pas boud\u00e9 son plaisir dans un Vel&rsquo; en fusion. Les vid\u00e9os de ses d\u00e9hanch\u00e9s capt\u00e9es dans les tribunes ont, \u00e0 l&rsquo;insue de ses services de communication, fait le tour de TikTok et des boucles WhatsApp.<\/p>\n<p>Mais c&rsquo;est Ici Provence qui a\u00a0immortalis\u00e9, le maire de Marseille dans sa v\u00e9rit\u00e9 :\u00a0 sur la sc\u00e8ne du Printemps des seniors \u00e0 Bor\u00e9ly, <a href=\"https:\/\/www.laprovence.com\/article\/region\/6446609397482514\/gaza-benoit-payan-debloque-une-nouvelle-aide-financiere-les-lumieres-de-lhotel-de-ville-eteintes-ce-lundi-soir-en-solidarite\" target=\"_blank\" rel=\"noopener\">Beno\u00eet Payan<\/a> chantant du Dave avec entrain. Jamais aussi heureux qu&rsquo;avec un micro en main pour pousser la chansonnette, il ne sera pas du c\u00f4t\u00e9 de chez Swann cette semaine mais plut\u00f4t des minist\u00e8res parisiens et de l&rsquo;\u00c9lys\u00e9e pour faire avancer des dossiers marseillais.<\/p>\n<p>Vassal et TikTok<\/p>\n<p>Martine Vassal, la pr\u00e9sidente de la M\u00e9tropole, n&rsquo;\u00e9tant pas en reste. Son compte TikTok a relay\u00e9 sa performance de doublage de la Reine des neiges &#8211; \u00ab\u00a0J&rsquo;ai dit &lsquo;Assseeeeez\u00a0!'\u00a0\u00bb &#8211; lors de sa visite du Dalida Institute cette semaine \u00e0 Aix-en-Provence. Atelier boxe en jupe et baskets, pas de danse endiabl\u00e9s, Martine Vassal a aussi donn\u00e9 de sa personne lors du rendez-vous \u00ab\u00a0Sport et e-sport pour tous\u00a0\u00bb et l&rsquo;a fait savoir sur les r\u00e9seaux sociaux.<\/p>\n<p>Plus festif que son <a href=\"https:\/\/www.laprovence.com\/article\/elections\/3564636914700714\/pour-sa-mi-mandat-martine-vassal-soffre-une-tournee-departementale\" target=\"_blank\" rel=\"noopener\">bilan de mi-mandat qu&rsquo;elle va vanter<\/a> dans tout le d\u00e9partement cette semaine. \u00c0 quand un duo Vassal-Payan sur \u00ab\u00a0Paroles, paroles et paroles&#8230;\u00a0\u00bb ?\u00a0<\/p>\n","protected":false},"excerpt":{"rendered":"Ce sont les images de la semaine sur les r\u00e9seaux sociaux. \u00ab\u00a0Merc\u00e9\u00e9\u00e9, la zone\u00a0! Merc\u00e9\u00e9\u00e9, la zone !\u00a0\u00bb&hellip;\n","protected":false},"author":2,"featured_media":141313,"comment_status":"","ping_status":"","sticky":false,"template":"","format":"standard","meta":{"footnotes":""},"categories":[2814],"tags":[17,1111,11,5972,1777,674,1011,27,151,884,10203,12,882,16,25,19436,2847,3356,14243],"class_list":{"0":"post-141312","1":"post","2":"type-post","3":"status-publish","4":"format-standard","5":"has-post-thumbnail","7":"category-marseille","8":"tag-17","9":"tag-actu","10":"tag-actualites","11":"tag-danse","12":"tag-eu","13":"tag-europe","14":"tag-fr","15":"tag-france","16":"tag-les","17":"tag-marseille","18":"tag-martine","19":"tag-news","20":"tag-provence-alpes-cote-dazur","21":"tag-region","22":"tag-republique-francaise","23":"tag-reseaux","24":"tag-sociaux","25":"tag-sur","26":"tag-vassal"},"share_on_mastodon":{"url":"https:\/\/pubeurope.com\/@fr\/114601678832836386","error":""},"_links":{"self":[{"href":"https:\/\/www.europesays.com\/fr\/wp-json\/wp\/v2\/posts\/141312","targetHints":{"allow":["GET"]}}],"collection":[{"href":"https:\/\/www.europesays.com\/fr\/wp-json\/wp\/v2\/posts"}],"about":[{"href":"https:\/\/www.europesays.com\/fr\/wp-json\/wp\/v2\/types\/post"}],"author":[{"embeddable":true,"href":"https:\/\/www.europesays.com\/fr\/wp-json\/wp\/v2\/users\/2"}],"replies":[{"embeddable":true,"href":"https:\/\/www.europesays.com\/fr\/wp-json\/wp\/v2\/comments?post=141312"}],"version-history":[{"count":0,"href":"https:\/\/www.europesays.com\/fr\/wp-json\/wp\/v2\/posts\/141312\/revisions"}],"wp:featuredmedia":[{"embeddable":true,"href":"https:\/\/www.europesays.com\/fr\/wp-json\/wp\/v2\/media\/141313"}],"wp:attachment":[{"href":"https:\/\/www.europesays.com\/fr\/wp-json\/wp\/v2\/media?parent=141312"}],"wp:term":[{"taxonomy":"category","embeddable":true,"href":"https:\/\/www.europesays.com\/fr\/wp-json\/wp\/v2\/categories?post=141312"},{"taxonomy":"post_tag","embeddable":true,"href":"https:\/\/www.europesays.com\/fr\/wp-json\/wp\/v2\/tags?post=141312"}],"curies":[{"name":"wp","href":"https:\/\/api.w.org\/{rel}","templated":true}]}}