{"id":141314,"date":"2025-05-31T09:13:09","date_gmt":"2025-05-31T09:13:09","guid":{"rendered":"https:\/\/www.europesays.com\/fr\/141314\/"},"modified":"2025-05-31T09:13:09","modified_gmt":"2025-05-31T09:13:09","slug":"angelique-boudeville-est-une-leonora-ardente","status":"publish","type":"post","link":"https:\/\/www.europesays.com\/fr\/141314\/","title":{"rendered":"Ang\u00e9lique Boudeville est une Leonora ardente"},"content":{"rendered":"<p>\u00ab\u00a0Cet op\u00e9ra c\u2019est comme un r\u00eave devenu r\u00e9alit\u00e9, nous dit-elle dans les fauteuils rouges de<a href=\"https:\/\/www.laprovence.com\/article\/culture-loisirs\/5753167368642314\/l-opera-de-marseille-fete-100-ans-d-airs-populaires\" target=\"_blank\" rel=\"nofollow noopener\"> l\u2019Op\u00e9ra de Marseille<\/a>, un soir apr\u00e8s les r\u00e9p\u00e9titions men\u00e9es depuis un mois. Car, dans mes aspirations les plus profondes, je r\u00eavais d\u2019interpr\u00e9ter ce r\u00f4le un jour. C\u2019est une \u0153uvre bouleversante et Leonora me touche parce que c\u2019est une h\u00e9ro\u00efne noble, de c\u0153ur, d\u2019esprit, d\u2019\u00e2me, qui va jusqu\u2019au sacrifice ultime. C\u2019est un r\u00f4le iconique et transcendant qui nous demande une pr\u00e9cision dans chaque mot, dans chaque note, de pousser loin le curseur de l\u2019\u00e9motion. Il s\u2019agit d\u2019une h\u00e9ro\u00efne ardente comme le b\u00fbcher pr\u00e9sent sur sc\u00e8ne, et c\u2019est un r\u00f4le majeur dans l\u2019op\u00e9ra.\u00a0\u00bb\u00a0<\/p>\n","protected":false},"excerpt":{"rendered":"\u00ab\u00a0Cet op\u00e9ra c\u2019est comme un r\u00eave devenu r\u00e9alit\u00e9, nous dit-elle dans les fauteuils rouges de l\u2019Op\u00e9ra de Marseille,&hellip;\n","protected":false},"author":2,"featured_media":141315,"comment_status":"","ping_status":"","sticky":false,"template":"","format":"standard","meta":{"footnotes":""},"categories":[2814],"tags":[930,17,1111,11,26911,26912,251,1777,674,1011,27,26910,884,12,882,25,10826,26909],"class_list":{"0":"post-141314","1":"post","2":"type-post","3":"status-publish","4":"format-standard","5":"has-post-thumbnail","7":"category-marseille","8":"tag-le","9":"tag-17","10":"tag-actu","11":"tag-actualites","12":"tag-angelique","13":"tag-boudeville","14":"tag-culture","15":"tag-eu","16":"tag-europe","17":"tag-fr","18":"tag-france","19":"tag-lopera","20":"tag-marseille","21":"tag-news","22":"tag-provence-alpes-cote-dazur","23":"tag-republique-francaise","24":"tag-soprano","25":"tag-trouvere"},"share_on_mastodon":{"url":"https:\/\/pubeurope.com\/@fr\/114601682725642009","error":""},"_links":{"self":[{"href":"https:\/\/www.europesays.com\/fr\/wp-json\/wp\/v2\/posts\/141314","targetHints":{"allow":["GET"]}}],"collection":[{"href":"https:\/\/www.europesays.com\/fr\/wp-json\/wp\/v2\/posts"}],"about":[{"href":"https:\/\/www.europesays.com\/fr\/wp-json\/wp\/v2\/types\/post"}],"author":[{"embeddable":true,"href":"https:\/\/www.europesays.com\/fr\/wp-json\/wp\/v2\/users\/2"}],"replies":[{"embeddable":true,"href":"https:\/\/www.europesays.com\/fr\/wp-json\/wp\/v2\/comments?post=141314"}],"version-history":[{"count":0,"href":"https:\/\/www.europesays.com\/fr\/wp-json\/wp\/v2\/posts\/141314\/revisions"}],"wp:featuredmedia":[{"embeddable":true,"href":"https:\/\/www.europesays.com\/fr\/wp-json\/wp\/v2\/media\/141315"}],"wp:attachment":[{"href":"https:\/\/www.europesays.com\/fr\/wp-json\/wp\/v2\/media?parent=141314"}],"wp:term":[{"taxonomy":"category","embeddable":true,"href":"https:\/\/www.europesays.com\/fr\/wp-json\/wp\/v2\/categories?post=141314"},{"taxonomy":"post_tag","embeddable":true,"href":"https:\/\/www.europesays.com\/fr\/wp-json\/wp\/v2\/tags?post=141314"}],"curies":[{"name":"wp","href":"https:\/\/api.w.org\/{rel}","templated":true}]}}