{"id":141316,"date":"2025-05-31T09:14:09","date_gmt":"2025-05-31T09:14:09","guid":{"rendered":"https:\/\/www.europesays.com\/fr\/141316\/"},"modified":"2025-05-31T09:14:09","modified_gmt":"2025-05-31T09:14:09","slug":"la-casa-ricochet-ouvre-ses-portes-pour-accompagner-des-jeunes-de-laide-sociale-a-lenfance","status":"publish","type":"post","link":"https:\/\/www.europesays.com\/fr\/141316\/","title":{"rendered":"la Casa Ricochet ouvre ses portes pour accompagner des jeunes de l&rsquo;Aide Sociale \u00e0 l\u2019Enfance"},"content":{"rendered":"<p>La M\u00e9tropole de Lyon et la Ville de Lyon ont officiellement inaugur\u00e9 la\u00a0Casa Ricochet, \u00ab\u00a0un projet in\u00e9dit d\u2019insertion sociale et de transition \u00e9cologique\u00a0\u00bb, selon le communiqu\u00e9 publi\u00e9 ce vendredi. Ce dispositif s\u2019adresse \u00e0\u00a0des jeunes adultes de moins de 21 ans, confi\u00e9s par l\u2019Aide Sociale \u00e0 l\u2019Enfance, en transition vers l\u2019autonomie.<\/p>\n<p>Implant\u00e9e\u00a0au c\u0153ur du 8e arrondissement, dans le quartier Montplaisir, la Casa Ricochet propose\u00a020 logements (14 dans la M\u00e9tropole et 6 sur site), un accompagnement professionnel par une \u00e9quipe pluridisciplinaire, ainsi qu\u2019un\u00a0jardin partag\u00e9\u00a0anim\u00e9 par Le Passe-Jardins.<\/p>\n<p>Port\u00e9 par les associations\u00a0Alynea \u2013 Samu Social 69\u00a0et\u00a0Le Passe-Jardins, ce projet est soutenu \u00e0 hauteur de\u00a0700 000 \u20ac par an par la M\u00e9tropole, \u00ab\u00a0couvrant a\u0300 la fois l\u2019accompagnement\u00a0des jeunes\u00a0(116 \u20ac\/jour\/jeune) et les subventions aux associations partenaires\u00a0\u00bb. De son c\u00f4t\u00e9,\u00a0la Ville de Lyon met \u00e0 disposition gratuitement pendant 20 ans\u00a0une maison de 500 m\u00b2 et un jardin collectif.<\/p>\n<p>Selon\u00a0Bruno Bernard, pr\u00e9sident de la M\u00e9tropole de Lyon : \u00ab\u00a0La Casa Ricochet apporte une r\u00e9ponse innovante \u00e0 des besoins identifi\u00e9s de longue date : ceux de jeunes majeurs sortis de la Protection de l\u2019Enfance, en rupture et trop souvent laiss\u00e9s sans solution adapt\u00e9e par nos dispositifs traditionnels.\u00a0\u00bb<\/p>\n<p>Le jardin partag\u00e9, situ\u00e9 en pleine ville, est pens\u00e9 comme un\u00a0lieu de rencontre, d\u2019apprentissage et de cr\u00e9ation collective. Il h\u00e9berge \u00e9galement le\u00a0si\u00e8ge de l\u2019association Le Passe-Jardins\u00a0et un espace d\u2019information sur l\u2019\u00e9co-jardinage urbain.<\/p>\n<p>\u00ab\u00a0Gr\u00e2ce \u00e0 une d\u00e9marche participative et \u00e0 la cr\u00e9ation d\u2019un jardin partag\u00e9, il devient un v\u00e9ritable espace d\u2019inclusion et de mixit\u00e9\u00a0\u00bb, a soulign\u00e9\u00a0Gr\u00e9gory Doucet, maire de Lyon.<\/p>\n<p>Les associations parlent d\u2019un\u00a0\u00ab\u00a0espace o\u00f9 l\u2019on r\u00eave, o\u00f9 l\u2019on cr\u00e9e, et o\u00f9 l\u2019on fait pousser bien plus que des plantes : du lien, de la r\u00e9silience, et des possibles\u00a0\u00bb, selon les mots d\u2019Eliana Rapisarda\u00a0(Alynea) et\u00a0Paola Baril\u00a0(Le Passe-Jardins).<\/p>\n<p>Depuis avril 2024, des ateliers participatifs sont en cours avec les habitants du quartier pour am\u00e9nager le jardin. Tous ceux qui le souhaitent sont invit\u00e9s \u00e0 rejoindre le collectif.<\/p>\n","protected":false},"excerpt":{"rendered":"La M\u00e9tropole de Lyon et la Ville de Lyon ont officiellement inaugur\u00e9 la\u00a0Casa Ricochet, \u00ab\u00a0un projet in\u00e9dit d\u2019insertion&hellip;\n","protected":false},"author":2,"featured_media":141317,"comment_status":"","ping_status":"","sticky":false,"template":"","format":"standard","meta":{"footnotes":""},"categories":[1889],"tags":[1111,11,2813,2190,2430,1109,251,1112,2811,1777,674,118,1011,27,1922,1110,1114,2428,2810,12,241,316,25,2812,517,800],"class_list":{"0":"post-141316","1":"post","2":"type-post","3":"status-publish","4":"format-standard","5":"has-post-thumbnail","7":"category-lyon","8":"tag-actu","9":"tag-actualites","10":"tag-article","11":"tag-asvel","12":"tag-auvergne-rhone-alpes","13":"tag-breves","14":"tag-culture","15":"tag-depeches","16":"tag-economique","17":"tag-eu","18":"tag-europe","19":"tag-faits-divers","20":"tag-fr","21":"tag-france","22":"tag-info","23":"tag-informations","24":"tag-infos","25":"tag-lyon","26":"tag-lyonmag","27":"tag-news","28":"tag-ol","29":"tag-politique","30":"tag-republique-francaise","31":"tag-sociale","32":"tag-sport","33":"tag-transports"},"share_on_mastodon":{"url":"https:\/\/pubeurope.com\/@fr\/114601686695105515","error":""},"_links":{"self":[{"href":"https:\/\/www.europesays.com\/fr\/wp-json\/wp\/v2\/posts\/141316","targetHints":{"allow":["GET"]}}],"collection":[{"href":"https:\/\/www.europesays.com\/fr\/wp-json\/wp\/v2\/posts"}],"about":[{"href":"https:\/\/www.europesays.com\/fr\/wp-json\/wp\/v2\/types\/post"}],"author":[{"embeddable":true,"href":"https:\/\/www.europesays.com\/fr\/wp-json\/wp\/v2\/users\/2"}],"replies":[{"embeddable":true,"href":"https:\/\/www.europesays.com\/fr\/wp-json\/wp\/v2\/comments?post=141316"}],"version-history":[{"count":0,"href":"https:\/\/www.europesays.com\/fr\/wp-json\/wp\/v2\/posts\/141316\/revisions"}],"wp:featuredmedia":[{"embeddable":true,"href":"https:\/\/www.europesays.com\/fr\/wp-json\/wp\/v2\/media\/141317"}],"wp:attachment":[{"href":"https:\/\/www.europesays.com\/fr\/wp-json\/wp\/v2\/media?parent=141316"}],"wp:term":[{"taxonomy":"category","embeddable":true,"href":"https:\/\/www.europesays.com\/fr\/wp-json\/wp\/v2\/categories?post=141316"},{"taxonomy":"post_tag","embeddable":true,"href":"https:\/\/www.europesays.com\/fr\/wp-json\/wp\/v2\/tags?post=141316"}],"curies":[{"name":"wp","href":"https:\/\/api.w.org\/{rel}","templated":true}]}}