{"id":141318,"date":"2025-05-31T09:15:12","date_gmt":"2025-05-31T09:15:12","guid":{"rendered":"https:\/\/www.europesays.com\/fr\/141318\/"},"modified":"2025-05-31T09:15:12","modified_gmt":"2025-05-31T09:15:12","slug":"une-bande-de-jeunes-seme-le-chaos-chez-haribo-et-dans-le-metro","status":"publish","type":"post","link":"https:\/\/www.europesays.com\/fr\/141318\/","title":{"rendered":"une bande de jeunes s\u00e8me le chaos chez Haribo et dans le m\u00e9tro"},"content":{"rendered":"<p>Ce mercredi 28 mai, en pleine journ\u00e9e, un groupe d\u2019une dizaine de jeunes a provoqu\u00e9 une sc\u00e8ne de pagaille au magasin Haribo situ\u00e9 26 rue de la R\u00e9publique, dans le 2e arrondissement de Lyon.<\/p>\n<p>Film\u00e9s et diffus\u00e9s sur TikTok, les faits montrent une partie du groupe \u00e0 l\u2019int\u00e9rieur du commerce, choisissant ostensiblement leurs paquets de confiserie, pendant que d&rsquo;autres restent \u00e0 l\u2019ext\u00e9rieur pour immortaliser la sc\u00e8ne et maintenir les portes automatiques ouvertes. L\u2019un mime un geste en direction de la sortie, tandis qu\u2019un autre saisit plusieurs sachets \u00e0 deux mains avant de s\u2019enfuir pr\u00e9cipitamment.\u00a0<\/p>\n<p>Dans sa fuite, un des jeunes percute un passant et chute au sol. Leur cavale est toutefois de courte dur\u00e9e : le vigile du magasin, employ\u00e9 de l\u2019entreprise Securitas, parvient \u00e0 rattraper au moins l\u2019un des fuyards. On l&rsquo;entend m\u00eame, interloqu\u00e9, d\u00e9clarer dans la vid\u00e9o : \u00ab\u00a0c\u2019est des bonbons\u2026\u00a0\u00bb. Les jeunes, eux, s\u2019amusent de la sc\u00e8ne :\u00a0\u201cne coursez pas ce vigile, jamais de la vie\u201d, lance l\u2019un d\u2019eux, admiratif de la rapidit\u00e9 de l\u2019agent. \u00ab\u00a0Ce vigile, il court ch\u00e8re vite les fr\u00e8res [sic]\u201d, ajoute un autre.<\/p>\n<p><strong>Un portique du m\u00e9tro bris\u00e9<\/strong><\/p>\n<p>Une seconde vid\u00e9o, prise sous un autre angle, montre d\u2019autres membres du groupe prenant la fuite en direction du m\u00e9tro. Arriv\u00e9 en station, l\u2019un d\u2019eux brise les vitres du portique d\u2019entr\u00e9e en courant, avant de rejoindre les autres dans la rame, o\u00f9 ils chantent et c\u00e9l\u00e8brent leur acte.<\/p>\n<p>Un responsable du magasin nous explique que: \u00ab\u00a0tout n\u2019a pas \u00e9t\u00e9 restitu\u00e9 et on ne sait pas encore vraiment tout ce qu\u2019ils ont pris. Je pense qu\u2019ils ont fait \u00e7a pour s\u2019amuser, pour mettre sur les r\u00e9seaux, c\u2019est tout\u00a0\u00bb. \u00a0<\/p>\n<p>Une pr\u00e9plainte a \u00e9t\u00e9 d\u00e9pos\u00e9e en ligne et une plainte en commissariat est pr\u00e9vue dans les prochains jours. \u00ab\u00a0Le vigile a fait plus que ce qu\u2019il aurait d\u00fb, il a \u00e9t\u00e9 incroyable\u00a0\u00bb, pr\u00e9cise le magasin\u00a0qui pr\u00e9cise que des consignes de vigilance renforc\u00e9e ont \u00e9t\u00e9 transmises aux \u00e9quipes.<\/p>\n<p>C\u00f4t\u00e9 Haribo le pr\u00e9judice n\u2019a pas encore \u00e9t\u00e9 \u00e9valu\u00e9, mais ne \u00ab\u00a0serait pas si \u00e9lev\u00e9 que \u00e7a\u00a0\u00bb.<\/p>\n","protected":false},"excerpt":{"rendered":"Ce mercredi 28 mai, en pleine journ\u00e9e, un groupe d\u2019une dizaine de jeunes a provoqu\u00e9 une sc\u00e8ne de&hellip;\n","protected":false},"author":2,"featured_media":141319,"comment_status":"","ping_status":"","sticky":false,"template":"","format":"standard","meta":{"footnotes":""},"categories":[1889],"tags":[1111,11,2813,2190,2430,1109,251,1112,2811,1777,674,118,1011,27,1922,1110,1114,2428,2810,12,241,316,25,2812,517,800],"class_list":{"0":"post-141318","1":"post","2":"type-post","3":"status-publish","4":"format-standard","5":"has-post-thumbnail","7":"category-lyon","8":"tag-actu","9":"tag-actualites","10":"tag-article","11":"tag-asvel","12":"tag-auvergne-rhone-alpes","13":"tag-breves","14":"tag-culture","15":"tag-depeches","16":"tag-economique","17":"tag-eu","18":"tag-europe","19":"tag-faits-divers","20":"tag-fr","21":"tag-france","22":"tag-info","23":"tag-informations","24":"tag-infos","25":"tag-lyon","26":"tag-lyonmag","27":"tag-news","28":"tag-ol","29":"tag-politique","30":"tag-republique-francaise","31":"tag-sociale","32":"tag-sport","33":"tag-transports"},"share_on_mastodon":{"url":"https:\/\/pubeurope.com\/@fr\/114601690602416660","error":""},"_links":{"self":[{"href":"https:\/\/www.europesays.com\/fr\/wp-json\/wp\/v2\/posts\/141318","targetHints":{"allow":["GET"]}}],"collection":[{"href":"https:\/\/www.europesays.com\/fr\/wp-json\/wp\/v2\/posts"}],"about":[{"href":"https:\/\/www.europesays.com\/fr\/wp-json\/wp\/v2\/types\/post"}],"author":[{"embeddable":true,"href":"https:\/\/www.europesays.com\/fr\/wp-json\/wp\/v2\/users\/2"}],"replies":[{"embeddable":true,"href":"https:\/\/www.europesays.com\/fr\/wp-json\/wp\/v2\/comments?post=141318"}],"version-history":[{"count":0,"href":"https:\/\/www.europesays.com\/fr\/wp-json\/wp\/v2\/posts\/141318\/revisions"}],"wp:featuredmedia":[{"embeddable":true,"href":"https:\/\/www.europesays.com\/fr\/wp-json\/wp\/v2\/media\/141319"}],"wp:attachment":[{"href":"https:\/\/www.europesays.com\/fr\/wp-json\/wp\/v2\/media?parent=141318"}],"wp:term":[{"taxonomy":"category","embeddable":true,"href":"https:\/\/www.europesays.com\/fr\/wp-json\/wp\/v2\/categories?post=141318"},{"taxonomy":"post_tag","embeddable":true,"href":"https:\/\/www.europesays.com\/fr\/wp-json\/wp\/v2\/tags?post=141318"}],"curies":[{"name":"wp","href":"https:\/\/api.w.org\/{rel}","templated":true}]}}