{"id":141324,"date":"2025-05-31T09:18:10","date_gmt":"2025-05-31T09:18:10","guid":{"rendered":"https:\/\/www.europesays.com\/fr\/141324\/"},"modified":"2025-05-31T09:18:10","modified_gmt":"2025-05-31T09:18:10","slug":"cette-randonnee-aux-portes-de-paris-vous-fait-decouvrir-les-mythiques-guinguettes-du-val-de-marne","status":"publish","type":"post","link":"https:\/\/www.europesays.com\/fr\/141324\/","title":{"rendered":"Cette randonn\u00e9e aux portes de Paris vous fait d\u00e9couvrir les mythiques guinguettes du Val-de-Marne"},"content":{"rendered":"<p>            Par<br \/>\n        <strong><br \/>\n            <a href=\"https:\/\/actu.fr\/auteur\/thomas-martin\" title=\"Consulter tous les articles de Thomas Martin\" target=\"_blank\" rel=\"noopener\">Thomas Martin<\/a><br \/>\n        <\/strong><\/p>\n<p>        Publi\u00e9 le<\/p>\n<p>            31 mai 2025 \u00e0 9h22        <\/p>\n<p>Hormis en fin d\u2019apr\u00e8s-midi, ce samedi 31 mai, la <a href=\"https:\/\/actu.fr\/meteo\/meteo-vigilance-aux-orages-activee-apres-le-pic-de-chaleur-a-paris-et-en-ile-de-france-de-ce-vendredi_62705779.html\" target=\"_blank\" rel=\"noopener\">m\u00e9t\u00e9o<\/a> devrait \u00eatre plut\u00f4t favorable \u00e0 la <a href=\"https:\/\/actu.fr\/tag\/randonnee\" target=\"_blank\" rel=\"noopener\">randonn\u00e9e<\/a> en \u00cele-de-France. Et si vous en profitiez pour partir \u00e0 la d\u00e9couverte des mythiques <a href=\"https:\/\/actu.fr\/tag\/guinguette\" target=\"_blank\" rel=\"noopener\">guinguettes <\/a>du Val-de-Marne o\u00f9 l\u2019on allait guincher les dimanches en bord de Marne ? C\u2019est ce que vous propose une <a href=\"https:\/\/actu.fr\/tag\/balade\" target=\"_blank\" rel=\"noopener\">balade<\/a> s\u00e9lectionn\u00e9e par Val-de-Marne Tourisme. D\u2019une longueur de 8 km au d\u00e9part de Champigny-sur-Marne, elle peut \u00eatre boucl\u00e9e en 2h30 environ, sans difficult\u00e9s particuli\u00e8res.\u00a0<\/p>\n<p>Le parcours de la randonn\u00e9e \u00e0 la d\u00e9couverte des guinguettes<\/p>\n<p class=\" wall-content\">V\u00e9ritable symbole de la culture populaire et festive locale d\u00e8s la fin du XIXe s., les guinguettes sont indissociables des bords de Marne. On s\u2019y rendait le dimanche et les jours f\u00e9ri\u00e9s pour se retrouver autour d\u2019un petit vin blanc, se r\u00e9galer d\u2019une friture, se d\u00e9hancher sur un air d\u2019accord\u00e9on ou encore profiter des nombreuses activit\u00e9s li\u00e9es \u00e0 l\u2019eau. Aujourd\u2019hui encore, trois guinguettes sont encore pr\u00e9sentes dans le Val-de-Marne.\u00a0<\/p>\n<ul class=\" wall-content\">\n<li>La randonn\u00e9e d\u00e9marre \u00e0 la gare du RER A \u00e0 Champigny-sur-Marne. Prenez la sortie du c\u00f4t\u00e9 des bus et traversez le parking pour rejoindre le boulevard de Champigny sur votre gauche. Prenez ce boulevard \u00e0 droite pour rejoindre la Marne et le pont de Champigny. Traversez le pont et descendez sur les bords de Marne \u00e0 gauche, quai Victor Hugo.<\/li>\n<li>Longez la Marne en passant devant la guinguette de l\u2019\u00eele du Martin-P\u00eacheur puis l\u2019ancienne plage de Champigny. Continuez tout droit quai Gallieni (les quais de Champigny sont ferm\u00e9s \u00e0 la circulation tous les dimanches). Passez sous le pont du Petit-Parc et continuez \u00e0 longer la Marne en passant devant le barrage puis le port de plaisance de Joinville. Passez sous le pont de Joinville et continuer sur les bords de Marne jusqu\u2019aux Guinguettes de Polangis dont subsiste celle de Chez G\u00e9g\u00e8ne, ouverte depuis 1918.<\/li>\n<li>Revenez sur vos pas et tournez \u00e0 gauche av. de Calais. Tout au bout, vous longerez le bras de Polangis par la droite, quai de B\u00e9thune.<\/li>\n<li>Apr\u00e8s avoir pass\u00e9 la passerelle, continuez jusqu\u2019au petit pont et continuez en face rue de Courtin pour retrouver les bords de Marne \u00e0 gauche.<\/li>\n<li>Montez sur le pont de Joinville en prenant les escaliers et allez d\u00e9couvrir l\u2019\u00eele Fanac accessible par un ascenseur et des escaliers au milieu du pont (possibilit\u00e9 de faire le tour de l\u2019\u00eele).<\/li>\n<li>Rejoignez la gare de RER de Joinville en continuant la travers\u00e9e du pont et en prenant la rue Jean Mermoz en face.<\/li>\n<\/ul>\n<p class=\" wall-content\">T\u00e9l\u00e9chargez la fiche compl\u00e8te <a href=\"https:\/\/cdt94.media.tourinsoft.eu\/upload\/temps-des-guinguettes.pdf\" target=\"_blank\" rel=\"noopener\">ici<\/a>.\u00a0<\/p>\n<p class=\" wall-content\">Suivez toute l\u2019actualit\u00e9 de vos villes et m\u00e9dias favoris en vous inscrivant \u00e0 <a href=\"https:\/\/moncompte.actu.fr\" title=\"D\u00e9couvez Mon Actu\" rel=\"nofollow noopener\" data-trk=\"{&quot;cta&quot;:{&quot;action&quot;:&quot;https:\\\/\\\/moncompte.actu.fr&quot;,&quot;category&quot;:&quot;mon compte&quot;,&quot;from&quot;:&quot;article footer&quot;,&quot;name&quot;:&quot;Mon actu&quot;,&quot;type&quot;:&quot;cta&quot;}}\" target=\"_blank\">Mon Actu<\/a>.<\/p>\n","protected":false},"excerpt":{"rendered":"Par Thomas Martin Publi\u00e9 le 31 mai 2025 \u00e0 9h22 Hormis en fin d\u2019apr\u00e8s-midi, ce samedi 31 mai,&hellip;\n","protected":false},"author":2,"featured_media":141325,"comment_status":"","ping_status":"","sticky":false,"template":"","format":"standard","meta":{"footnotes":""},"categories":[1888],"tags":[1111,1928,11,1927,7552,1777,674,3727,1011,27,5691,1652,12,1926,626,1925,7553,25],"class_list":{"0":"post-141324","1":"post","2":"type-post","3":"status-publish","4":"format-standard","5":"has-post-thumbnail","7":"category-paris","8":"tag-actu","9":"tag-actu-paris","10":"tag-actualites","11":"tag-actualites-paris","12":"tag-balade","13":"tag-eu","14":"tag-europe","15":"tag-evasion","16":"tag-fr","17":"tag-france","18":"tag-guinguette","19":"tag-loisirs-culture","20":"tag-news","21":"tag-news-paris","22":"tag-paris","23":"tag-paris-news","24":"tag-randonnee","25":"tag-republique-francaise"},"share_on_mastodon":{"url":"https:\/\/pubeurope.com\/@fr\/114601702399943466","error":""},"_links":{"self":[{"href":"https:\/\/www.europesays.com\/fr\/wp-json\/wp\/v2\/posts\/141324","targetHints":{"allow":["GET"]}}],"collection":[{"href":"https:\/\/www.europesays.com\/fr\/wp-json\/wp\/v2\/posts"}],"about":[{"href":"https:\/\/www.europesays.com\/fr\/wp-json\/wp\/v2\/types\/post"}],"author":[{"embeddable":true,"href":"https:\/\/www.europesays.com\/fr\/wp-json\/wp\/v2\/users\/2"}],"replies":[{"embeddable":true,"href":"https:\/\/www.europesays.com\/fr\/wp-json\/wp\/v2\/comments?post=141324"}],"version-history":[{"count":0,"href":"https:\/\/www.europesays.com\/fr\/wp-json\/wp\/v2\/posts\/141324\/revisions"}],"wp:featuredmedia":[{"embeddable":true,"href":"https:\/\/www.europesays.com\/fr\/wp-json\/wp\/v2\/media\/141325"}],"wp:attachment":[{"href":"https:\/\/www.europesays.com\/fr\/wp-json\/wp\/v2\/media?parent=141324"}],"wp:term":[{"taxonomy":"category","embeddable":true,"href":"https:\/\/www.europesays.com\/fr\/wp-json\/wp\/v2\/categories?post=141324"},{"taxonomy":"post_tag","embeddable":true,"href":"https:\/\/www.europesays.com\/fr\/wp-json\/wp\/v2\/tags?post=141324"}],"curies":[{"name":"wp","href":"https:\/\/api.w.org\/{rel}","templated":true}]}}