{"id":141336,"date":"2025-05-31T09:24:09","date_gmt":"2025-05-31T09:24:09","guid":{"rendered":"https:\/\/www.europesays.com\/fr\/141336\/"},"modified":"2025-05-31T09:24:09","modified_gmt":"2025-05-31T09:24:09","slug":"liran-affirme-que-larme-atomique-est-inacceptable-liberation","status":"publish","type":"post","link":"https:\/\/www.europesays.com\/fr\/141336\/","title":{"rendered":"L\u2019Iran affirme que l\u2019arme atomique est \u00abinacceptable\u00bb \u2013 Lib\u00e9ration"},"content":{"rendered":"<p class=\"sc-ksZaOG ehjQrN text-element\">\u00abSi le probl\u00e8me est celui des armes nucl\u00e9aires, oui, nous consid\u00e9rons \u00e9galement que ce type d\u2019arme est inacceptable\u00bb, a d\u00e9clar\u00e9 le chef de la diplomatie iranienne, Abbas Araghchi, lors d\u2019un discours t\u00e9l\u00e9vis\u00e9 samedi 31 mai. Cette d\u00e9claration a lieu alors que l\u2019Iran m\u00e8ne <a href=\"https:\/\/www.liberation.fr\/international\/moyen-orient\/des-pourparlers-entre-les-etats-unis-et-liran-au-sujet-du-nucleaire-ce-samedi-a-rome-20250419_ULQTGL6ALBDJRI4SI4FJX24DX4\/\" target=\"_blank\" rel=\"noopener\" title=\"https:\/\/www.liberation.fr\/international\/moyen-orient\/des-pourparlers-entre-les-etats-unis-et-liran-au-sujet-du-nucleaire-ce-samedi-a-rome-20250419_ULQTGL6ALBDJRI4SI4FJX24DX4\/\">de d\u00e9licats pourparlers<\/a> sur le nucl\u00e9aire avec les Etats-Unis. Les deux pays s\u2019achoppent sur la question de l\u2019enrichissement d\u2019uranium : Washington demande que T\u00e9h\u00e9ran y renonce totalement, ce que les Iraniens refusent cat\u00e9goriquement, arguant de leur droit \u00e0 se doter de capacit\u00e9s nucl\u00e9aires civiles.<\/p>\n<p class=\"sc-ksZaOG ehjQrN text-element\">\u00abNous sommes d\u2019accord avec eux sur cette question\u00bb, a ajout\u00e9 Abbas Araghchi en r\u00e9f\u00e9rence \u00e0 la position am\u00e9ricaine. Les pays occidentaux, Etats-Unis en t\u00eate, et Isra\u00ebl, ennemi jur\u00e9 de l\u2019Iran et consid\u00e9r\u00e9 par des experts comme la seule puissance nucl\u00e9aire au Moyen-Orient, soup\u00e7onnent T\u00e9h\u00e9ran de vouloir se doter de l\u2019arme nucl\u00e9aire. L\u2019Iran se d\u00e9fend d\u2019avoir de telles ambitions militaires mais d\u00e9fend un droit au nucl\u00e9aire civil notamment pour l\u2019\u00e9nergie.<\/p>\n<p class=\"sc-ksZaOG ehjQrN text-element\">Le pays est toutefois le seul Etat non dot\u00e9 d\u2019armes nucl\u00e9aires \u00e0 enrichir de l\u2019uranium \u00e0 un niveau \u00e9lev\u00e9 (60 %), selon l\u2019Agence internationale de l\u2019\u00e9nergie atomique (AIEA). \u00abIls ne peuvent pas avoir d\u2019armes nucl\u00e9aires\u00bb, a r\u00e9it\u00e9r\u00e9 vendredi le pr\u00e9sident am\u00e9ricain Donald Trump, estimant qu\u2019Iran et Etats-Unis <a href=\"https:\/\/www.liberation.fr\/international\/moyen-orient\/nucleaire-iranien-trump-affirme-que-washington-et-teheran-se-rapprochent-dun-accord-20250515_XRMBLA63PVACRKPMYXPQLUS7KA\/\" target=\"_blank\" rel=\"noopener\" title=\"https:\/\/www.liberation.fr\/international\/moyen-orient\/nucleaire-iranien-trump-affirme-que-washington-et-teheran-se-rapprochent-dun-accord-20250515_XRMBLA63PVACRKPMYXPQLUS7KA\/\">\u00e9taient \u00abassez proches d\u2019un accord\u00bb<\/a>. Abbas Araghchi avait toutefois temp\u00e9r\u00e9 tout optimisme am\u00e9ricain dans un message publi\u00e9 jeudi sur X, dans lequel il affirme n\u2019\u00eatre \u00abpas s\u00fbr\u00bb de l\u2019\u00abimminence\u00bb d\u2019un accord.<\/p>\n<p class=\"sc-ksZaOG ehjQrN text-element\">Ennemis depuis quatre d\u00e9cennies, T\u00e9h\u00e9ran et Washington ont tenu le 23 mai \u00e0 Rome un cinqui\u00e8me cycle de pourparlers sous la m\u00e9diation du sultanat d\u2019Oman. Le n\u00e9gociateur iranien, Abbas Araghchi, et son interlocuteur am\u00e9ricain, Steve Witkoff, se sont quitt\u00e9s sans avanc\u00e9e notable mais se disent pr\u00eats \u00e0 de nouvelles discussions. Aucune date n\u2019a pour le moment \u00e9t\u00e9 fix\u00e9e. En cas d\u2019accord avec Washington, l\u2019Iran a affirm\u00e9 mercredi qu\u2019il pourrait autoriser sur son sol une visite d\u2019inspecteurs am\u00e9ricains sous l\u2019\u00e9gide de l\u2019AIEA, l\u2019agence onusienne du nucl\u00e9aire.<\/p>\n<p class=\"sc-ksZaOG ehjQrN text-element\">\u00abSi des questions sont soulev\u00e9es, qu\u2019un accord est conclu et que les demandes de l\u2019Iran sont prises en compte, alors nous reconsid\u00e9rerons la possibilit\u00e9 d\u2019accepter des inspecteurs am\u00e9ricains\u00bb de l\u2019AIEA, a d\u00e9clar\u00e9 Mohammad Eslami, le chef de l\u2019Organisation iranienne de l\u2019\u00e9nergie atomique (OIEA). Il s\u2019agirait d\u2019une premi\u00e8re depuis la R\u00e9volution islamique de 1979, selon le chercheur Ali Vaez, sp\u00e9cialiste de l\u2019Iran \u00e0 l\u2019International Crisis Group, un cercle de r\u00e9flexion am\u00e9ricain.<\/p>\n<p class=\"sc-ksZaOG ehjQrN text-element\">Durant son premier mandat (2017-2021), Donald Trump avait retir\u00e9 unilat\u00e9ralement son pays d\u2019un accord international sur le nucl\u00e9aire conclu avec l\u2019Iran en 2015 et r\u00e9tabli de lourdes sanctions \u00e0 l\u2019encontre de T\u00e9h\u00e9ran. Il cherche dor\u00e9navant \u00e0 n\u00e9gocier un nouvel accord mais menace d\u2019avoir recours \u00e0 l\u2019option militaire en cas d\u2019\u00e9chec de la diplomatie.<\/p>\n","protected":false},"excerpt":{"rendered":"\u00abSi le probl\u00e8me est celui des armes nucl\u00e9aires, oui, nous consid\u00e9rons \u00e9galement que ce type d\u2019arme est inacceptable\u00bb,&hellip;\n","protected":false},"author":2,"featured_media":141337,"comment_status":"","ping_status":"","sticky":false,"template":"","format":"standard","meta":{"footnotes":""},"categories":[1589],"tags":[11,73,1866,3019,4884,12,3020,1864,1865,1863,308],"class_list":{"0":"post-141336","1":"post","2":"type-post","3":"status-publish","4":"format-standard","5":"has-post-thumbnail","7":"category-etats-unis","8":"tag-actualites","9":"tag-etats-unis","10":"tag-etats-unis-damerique","11":"tag-iran","12":"tag-iran-etats-unis","13":"tag-news","14":"tag-nucleaire-iranien","15":"tag-united-states","16":"tag-united-states-of-america","17":"tag-us","18":"tag-usa"},"share_on_mastodon":{"url":"https:\/\/pubeurope.com\/@fr\/114601726088117687","error":""},"_links":{"self":[{"href":"https:\/\/www.europesays.com\/fr\/wp-json\/wp\/v2\/posts\/141336","targetHints":{"allow":["GET"]}}],"collection":[{"href":"https:\/\/www.europesays.com\/fr\/wp-json\/wp\/v2\/posts"}],"about":[{"href":"https:\/\/www.europesays.com\/fr\/wp-json\/wp\/v2\/types\/post"}],"author":[{"embeddable":true,"href":"https:\/\/www.europesays.com\/fr\/wp-json\/wp\/v2\/users\/2"}],"replies":[{"embeddable":true,"href":"https:\/\/www.europesays.com\/fr\/wp-json\/wp\/v2\/comments?post=141336"}],"version-history":[{"count":0,"href":"https:\/\/www.europesays.com\/fr\/wp-json\/wp\/v2\/posts\/141336\/revisions"}],"wp:featuredmedia":[{"embeddable":true,"href":"https:\/\/www.europesays.com\/fr\/wp-json\/wp\/v2\/media\/141337"}],"wp:attachment":[{"href":"https:\/\/www.europesays.com\/fr\/wp-json\/wp\/v2\/media?parent=141336"}],"wp:term":[{"taxonomy":"category","embeddable":true,"href":"https:\/\/www.europesays.com\/fr\/wp-json\/wp\/v2\/categories?post=141336"},{"taxonomy":"post_tag","embeddable":true,"href":"https:\/\/www.europesays.com\/fr\/wp-json\/wp\/v2\/tags?post=141336"}],"curies":[{"name":"wp","href":"https:\/\/api.w.org\/{rel}","templated":true}]}}