{"id":141338,"date":"2025-05-31T09:25:10","date_gmt":"2025-05-31T09:25:10","guid":{"rendered":"https:\/\/www.europesays.com\/fr\/141338\/"},"modified":"2025-05-31T09:25:10","modified_gmt":"2025-05-31T09:25:10","slug":"le-leader-dextreme-droite-nigel-farage-dit-accepter-les-dons-en-crypto-pour-son-parti","status":"publish","type":"post","link":"https:\/\/www.europesays.com\/fr\/141338\/","title":{"rendered":"le leader d\u2019extr\u00eame droite Nigel Farage dit accepter les dons en crypto pour son parti"},"content":{"rendered":"<p>Nigel Farage a annonc\u00e9 que son parti Reform UK accepterait d\u00e9sormais les dons en cryptomonnaies. C\u2019est une premi\u00e8re au Royaume-Uni, mais qui \u00e9veille des interrogations sur la transparence de ces transactions.<\/p>\n<p>\u00ab \u00c0 partir de maintenant, \u00e0 condition que vous soyez un donateur \u00e9ligible au <strong><a href=\"https:\/\/www.rfi.fr\/fr\/tag\/royaume-uni\/\" class=\"link \" rel=\"nofollow noopener\" target=\"_blank\" data-ylk=\"slk:Royaume-Uni;elm:context_link;itc:0;sec:content-canvas\">Royaume-Uni<\/a><\/strong> (&#8230;) nous sommes le premier parti politique en Grande-Bretagne qui peut accepter des dons en bitcoin et autres cryptomonnaies \u00bb, a-t-il d\u00e9clar\u00e9 ce jeudi 29 mai lors de la conf\u00e9rence Bitcoin 2025 \u00e0 Las Vegas, aux \u00c9tats-Unis.<\/p>\n<p>Selon un communiqu\u00e9 de la soci\u00e9t\u00e9 de paiements britannique Radom, charg\u00e9e de mener ces op\u00e9rations, Reform UK serait le \u00ab premier parti politique d&rsquo;importance en Europe \u00e0 accepter les dons en cryptomonnaies \u00bb.<\/p>\n<p>Probl\u00e8mes de transparence<\/p>\n<p>Le site internet de Reform UK offre d\u00e9j\u00e0 cette possibilit\u00e9 d\u00e8s vendredi. Mais les cryptomonnaies suscitent \u00e9galement des inqui\u00e9tudes quant \u00e0 la transparence, \u00e0 la r\u00e9glementation et aux abus potentiels.<\/p>\n<p>\u00ab Je pense que les cryptomonnaies pourraient compliquer la tra\u00e7abilit\u00e9 des dons. Et, pour \u00eatre honn\u00eate, cela compliquerait \u00e9galement la comptabilit\u00e9. Si Nigel Farage esp\u00e8re lever des fonds \u00e0 l&rsquo;\u00e9tranger par cette m\u00e9thode, ce serait extr\u00eamement probl\u00e9matique et probablement ill\u00e9gal \u00bb, poursuit l\u2019universitaire.<\/p>\n<p>\u00c0 \u00e9couter aussi<a href=\"https:\/\/www.rfi.fr\/fr\/podcasts\/d\u00e9bat-du-jour\/20250520-peut-on-r\u00e9guler-les-cryptomonnaies\" class=\"link \" rel=\"nofollow noopener\" target=\"_blank\" data-ylk=\"slk:Peut-on r\u00e9guler les cryptomonnaies ?;elm:context_link;itc:0;sec:content-canvas\">Peut-on r\u00e9guler les cryptomonnaies ?<\/a><\/p>\n<p><a href=\"https:\/\/www.rfi.fr\/fr\/europe\/20250531-royaume-uni-le-leader-d-extr%C3%AAme-droite-nigel-farage-dit-accepter-les-dons-en-crypto-pour-son-parti\" rel=\"nofollow noopener\" target=\"_blank\" data-ylk=\"slk:Lire la suite sur RFI;elm:context_link;itc:0;sec:content-canvas\" class=\"link \">Lire la suite sur RFI<\/a><\/p>\n","protected":false},"excerpt":{"rendered":"Nigel Farage a annonc\u00e9 que son parti Reform UK accepterait d\u00e9sormais les dons en cryptomonnaies. C\u2019est une premi\u00e8re&hellip;\n","protected":false},"author":2,"featured_media":141339,"comment_status":"","ping_status":"","sticky":false,"template":"","format":"standard","meta":{"footnotes":""},"categories":[1588],"tags":[11,1777,674,12,10669,18053,473,1853,1851,1850,1852],"class_list":{"0":"post-141338","1":"post","2":"type-post","3":"status-publish","4":"format-standard","5":"has-post-thumbnail","7":"category-royaume-uni","8":"tag-actualites","9":"tag-eu","10":"tag-europe","11":"tag-news","12":"tag-nigel-farage","13":"tag-reform-uk","14":"tag-royaume-uni","15":"tag-royaume-uni-de-grande-bretagne-et-dirlande-du-nord","16":"tag-uk","17":"tag-united-kingdom","18":"tag-united-kingdom-of-great-britain-and-northern-ireland"},"share_on_mastodon":{"url":"https:\/\/pubeurope.com\/@fr\/114601729976591365","error":""},"_links":{"self":[{"href":"https:\/\/www.europesays.com\/fr\/wp-json\/wp\/v2\/posts\/141338","targetHints":{"allow":["GET"]}}],"collection":[{"href":"https:\/\/www.europesays.com\/fr\/wp-json\/wp\/v2\/posts"}],"about":[{"href":"https:\/\/www.europesays.com\/fr\/wp-json\/wp\/v2\/types\/post"}],"author":[{"embeddable":true,"href":"https:\/\/www.europesays.com\/fr\/wp-json\/wp\/v2\/users\/2"}],"replies":[{"embeddable":true,"href":"https:\/\/www.europesays.com\/fr\/wp-json\/wp\/v2\/comments?post=141338"}],"version-history":[{"count":0,"href":"https:\/\/www.europesays.com\/fr\/wp-json\/wp\/v2\/posts\/141338\/revisions"}],"wp:featuredmedia":[{"embeddable":true,"href":"https:\/\/www.europesays.com\/fr\/wp-json\/wp\/v2\/media\/141339"}],"wp:attachment":[{"href":"https:\/\/www.europesays.com\/fr\/wp-json\/wp\/v2\/media?parent=141338"}],"wp:term":[{"taxonomy":"category","embeddable":true,"href":"https:\/\/www.europesays.com\/fr\/wp-json\/wp\/v2\/categories?post=141338"},{"taxonomy":"post_tag","embeddable":true,"href":"https:\/\/www.europesays.com\/fr\/wp-json\/wp\/v2\/tags?post=141338"}],"curies":[{"name":"wp","href":"https:\/\/api.w.org\/{rel}","templated":true}]}}