{"id":141342,"date":"2025-05-31T09:27:09","date_gmt":"2025-05-31T09:27:09","guid":{"rendered":"https:\/\/www.europesays.com\/fr\/141342\/"},"modified":"2025-05-31T09:27:09","modified_gmt":"2025-05-31T09:27:09","slug":"le-bon-moment-pour-revoir-les-liens-de-leurope-avec-ses-proches-voisins-du-sud","status":"publish","type":"post","link":"https:\/\/www.europesays.com\/fr\/141342\/","title":{"rendered":"le bon moment pour revoir les liens de l&rsquo;Europe avec ses\u00a0proches voisins du Sud \u00bb"},"content":{"rendered":"<p>Le d\u00e9but d&rsquo;ann\u00e9e 2025 focalise l&rsquo;attention sur les \u00c9tats-Unis, l&rsquo;Europe, l&rsquo;Ukraine, la Chine et la Russie, mais les effets de bord sont aussi notables avec un continent peu \u00e9voqu\u00e9 qu&rsquo;est l&rsquo;Afrique. <strong>L&rsquo;annonce en ce<\/strong> <strong>d\u00e9but mai de l&rsquo;arr\u00eat de la contribution des \u00c9tats-Unis aux fonds de la Banque africaine de D\u00e9veloppement (BAD) pour 500 millions de dollars<\/strong>, vise pour la premi\u00e8re fois directement le continent, l&rsquo;arr\u00eat brutal de l&rsquo;USAID avait un impact plus large\u00a0: le\u00a0 premier pays concern\u00e9 par l&rsquo;USAID \u00e9tait l&rsquo;Ukraine m\u00eame si financi\u00e8re cela repr\u00e9sente plus de 15 milliards de dollars impact\u00e9s pour une quinzaine de pays africains dont le Congo RDC, le soudan, l&rsquo;\u00c9gypte sur des pr\u00e9occupations alimentaires et de sant\u00e9 (paludisme, Sida).<\/p>\n<p>D\u00e8s le d\u00e9but de l&rsquo;invasion par la Russie de l&rsquo;Ukraine, les impacts ont \u00e9t\u00e9 lourds en Afrique. Deux exemples illustrent cela\u00a0: l&rsquo;impact sur le coup de la vie sur des produits de base tel le pain, beaucoup de pays africains d\u00e9pendants des approvisionnements ukrainiens et russes\u00a0; les actions dans un grand nombre de pays du continent des agents russes au premier rang desquels Wagner.<\/p>\n<p>La donne nouvelle continue d&rsquo;avoir des impacts sur le continent. Le d\u00e9sengagement de Wagner (mobilis\u00e9 sur d&rsquo;autres terrains), l&rsquo;\u00e9chec russe en Syrie font vaciller des certitudes sur \u00ab\u00a0l&rsquo;alli\u00e9 russe\u00a0\u00bb tandis que les choix de la nouvelle administration am\u00e9ricaine ont aussi un impact fort.<\/p>\n<p>Il s&rsquo;agit peut-\u00eatre l\u00e0 du moment de revoir aussi les liens entre l&rsquo;Union europ\u00e9enne (UE) et l&rsquo;Union africaine (UA) dans le cadre de ces bouleversements. Les sujets \u00e9conomiques, de d\u00e9fense et migratoire sont au c\u0153ur de ce partenariat \u00e0 renouveler.<\/p>\n<p>L&rsquo;Union europ\u00e9enne est le premier partenaire commercial de l&rsquo;Afrique devant la Chine et les \u00c9tats-Unis, repr\u00e9sentant pr\u00e8s de quatre dixi\u00e8mes de son commerce ext\u00e9rieur. Elle repr\u00e9sente la m\u00eame proportion des investissements directs \u00e0 l&rsquo;\u00e9tranger (IDE) en Afrique. Ces \u00e9changes sont favoris\u00e9s par la proximit\u00e9 g\u00e9ographique des march\u00e9s, par la croissance observ\u00e9e en Afrique bien sup\u00e9rieure \u00e0 celle de l&rsquo;Europe, par la d\u00e9mographie qui fait de l&rsquo;Afrique un march\u00e9 jeune.<\/p>\n<p>Des n\u00e9gociations entre l&rsquo;Union europ\u00e9enne et l&rsquo;Afrique pourraient se concevoir comme un laboratoire sur de nouveaux principes que les deux continents souhaiteraient voir adopter au niveau mondial\u00a0: <strong>soutenabilit\u00e9 des secteurs \u00e9conomiques, m\u00e9canismes de compensation repens\u00e9s, mise en avant d&rsquo;un \u00ab\u00a0mieux-disant\u00a0\u00bb environnemental et social<\/strong>. Les deux continents, fili\u00e8res par fili\u00e8res, pourraient convenir d&rsquo;un \u00ab\u00a0protectionnisme\u00a0\u00bb bilat\u00e9ral intelligent au b\u00e9n\u00e9fice des deux ensembles. Ainsi valoriser les ressources naturelles de l&rsquo;Afrique (le continent est bien plus riche en cela que l&rsquo;Ukraine ce que les Chinois ont bien compris) tout en permettant une partie d&rsquo;industrialisation du continent. L&rsquo;enjeu pour l&rsquo;Europe de <strong>r\u00e9industrialiser certaines industries<\/strong> (pharmacie, d\u00e9fense) pourrait passer par un mixte avec l&rsquo;Afrique comme l&rsquo;industrie automobile a su le faire.<\/p>\n<p>Le partenariat de l&rsquo;UE et de l&rsquo;UA en mati\u00e8re de <strong>s\u00e9curit\u00e9 et de d\u00e9fense<\/strong> devrait permettre de r\u00e9pondre \u00e0 deux principaux enjeux : renforcer l&rsquo;autonomie financi\u00e8re de l&rsquo;Afrique en mati\u00e8re militaire et garantir la capacit\u00e9 institutionnelle et militaire africaine \u00e0 r\u00e9pondre aux crises. Les moyens de l&rsquo;Union africaine restent en effet \u00e0 ce jour limit\u00e9s : l&rsquo;Architecture africaine de paix et de s\u00e9curit\u00e9 (AAPS) d\u00e9pend presque enti\u00e8rement de financements ext\u00e9rieurs (dont l&rsquo;Union europ\u00e9enne, Nations unies, mais aussi \u00c9tats-Unis, Russie, Chine) tandis que la Force africaine en attente, composante militaire de l&rsquo;AAPS, rencontre des difficult\u00e9s op\u00e9rationnelles \u00e0 r\u00e9pondre aux menaces sur le continent. Si la paix sur le continent africain est en premier lieu de la responsabilit\u00e9 des Africains, le soutien europ\u00e9en est indispensable pour mettre les pays africains en mesure de la garantir. Dans le cadre d&rsquo;un renforcement de la d\u00e9fense europ\u00e9enne, l&rsquo;Afrique doit \u00eatre int\u00e9gr\u00e9 dans les r\u00e9flexions, car abandonn\u00e9 le continent \u00e0 d&rsquo;autres influences peut \u00e0 terme se r\u00e9v\u00e9ler une catastrophe. Dans les sc\u00e9narios de l&rsquo;arm\u00e9e fran\u00e7aise (Alexandra Saviana, Robert Lafont, 2024) l&rsquo;Afrique concerne 4 des 11 sc\u00e9narios soit autant que la Russie\u00a0!<\/p>\n<p>Le troisi\u00e8me domaine cl\u00e9 est celui des <strong>migrations<\/strong>. M\u00eame si l&rsquo;essentiel des migrations en Afrique sont intra-africaines le contexte peut aller dans le d\u00e9veloppement des migrations africaines vers l&rsquo;Europe. Contrairement aux id\u00e9es re\u00e7ues, aucune d&rsquo;\u00e9tude s\u00e9rieuse n&rsquo;a pu mesurer de mani\u00e8re syst\u00e9mique la corr\u00e9lation directe entre croissance \u00e9conomique, dynamique d\u00e9mographique et \u00e9migration (Base bilat\u00e9rale des migrations utilis\u00e9e pour \u00e9tablir les statistiques de l&rsquo;OCDE, la Banque Mondiale, le FMI&#8230;). Cependant les \u00e9v\u00e9nements r\u00e9cents peuvent sous-tendre que si n&rsquo;ait rien fait l&rsquo;immigration venant d&rsquo;Afrique va augmenter non pas uniquement pour les raisons \u00ab\u00a0classiques\u00a0\u00bb (doublement de la population africaine, proximit\u00e9 avec l&rsquo;Europe, proximit\u00e9 linguistique avec l&rsquo;anglais, le fran\u00e7ais et dans une moindre mesure le portugais), mais bien deux raisons li\u00e9es notamment aux d\u00e9cisions de la nouvelle administration am\u00e9ricaine. D&rsquo;une part l&rsquo;impact n\u00e9gatif sur l&rsquo;aide humanitaire et d&rsquo;autre part le d\u00e9ni de risque climatique alors que le continent est celui qui souffre le plus avec le ph\u00e9nom\u00e8ne de migration climatique. L\u00e0 encore, une logique de travail en commun UE-UA sur ce sujet fait sens pour \u00e9viter que la mer m\u00e9diterran\u00e9e ne devienne encore plus la \u00ab\u00a0fronti\u00e8re\u00a0\u00bb la plus mortelle du monde.<\/p>\n<p>Ces sujets ne sont pas les seuls (financement de l&rsquo;\u00e9conomie africaine, formation des jeunes, etc.), mais ils montrent que dans l&rsquo;analyse holistique de la crise actuelle, l&rsquo;Afrique ne doit pas \u00eatre sortie de l&rsquo;\u00e9quation<\/p>\n","protected":false},"excerpt":{"rendered":"Le d\u00e9but d&rsquo;ann\u00e9e 2025 focalise l&rsquo;attention sur les \u00c9tats-Unis, l&rsquo;Europe, l&rsquo;Ukraine, la Chine et la Russie, mais les&hellip;\n","protected":false},"author":2,"featured_media":141343,"comment_status":"","ping_status":"","sticky":false,"template":"","format":"standard","meta":{"footnotes":""},"categories":[1586],"tags":[17,11,879,9207,1777,674,1011,27,151,9862,12,4536,1427,471,25,26913],"class_list":{"0":"post-141342","1":"post","2":"type-post","3":"status-publish","4":"format-standard","5":"has-post-thumbnail","7":"category-europe","8":"tag-17","9":"tag-actualites","10":"tag-afrique","11":"tag-bon","12":"tag-eu","13":"tag-europe","14":"tag-fr","15":"tag-france","16":"tag-les","17":"tag-moment","18":"tag-news","19":"tag-opinion","20":"tag-opinions","21":"tag-pour","22":"tag-republique-francaise","23":"tag-revoir"},"share_on_mastodon":{"url":"https:\/\/pubeurope.com\/@fr\/114601737814488346","error":""},"_links":{"self":[{"href":"https:\/\/www.europesays.com\/fr\/wp-json\/wp\/v2\/posts\/141342","targetHints":{"allow":["GET"]}}],"collection":[{"href":"https:\/\/www.europesays.com\/fr\/wp-json\/wp\/v2\/posts"}],"about":[{"href":"https:\/\/www.europesays.com\/fr\/wp-json\/wp\/v2\/types\/post"}],"author":[{"embeddable":true,"href":"https:\/\/www.europesays.com\/fr\/wp-json\/wp\/v2\/users\/2"}],"replies":[{"embeddable":true,"href":"https:\/\/www.europesays.com\/fr\/wp-json\/wp\/v2\/comments?post=141342"}],"version-history":[{"count":0,"href":"https:\/\/www.europesays.com\/fr\/wp-json\/wp\/v2\/posts\/141342\/revisions"}],"wp:featuredmedia":[{"embeddable":true,"href":"https:\/\/www.europesays.com\/fr\/wp-json\/wp\/v2\/media\/141343"}],"wp:attachment":[{"href":"https:\/\/www.europesays.com\/fr\/wp-json\/wp\/v2\/media?parent=141342"}],"wp:term":[{"taxonomy":"category","embeddable":true,"href":"https:\/\/www.europesays.com\/fr\/wp-json\/wp\/v2\/categories?post=141342"},{"taxonomy":"post_tag","embeddable":true,"href":"https:\/\/www.europesays.com\/fr\/wp-json\/wp\/v2\/tags?post=141342"}],"curies":[{"name":"wp","href":"https:\/\/api.w.org\/{rel}","templated":true}]}}