{"id":141344,"date":"2025-05-31T09:28:18","date_gmt":"2025-05-31T09:28:18","guid":{"rendered":"https:\/\/www.europesays.com\/fr\/141344\/"},"modified":"2025-05-31T09:28:18","modified_gmt":"2025-05-31T09:28:18","slug":"lhistoire-nous-a-enseigne-quil-ny-a-rien-de-mieux-que-lue","status":"publish","type":"post","link":"https:\/\/www.europesays.com\/fr\/141344\/","title":{"rendered":"\u00ab L\u2019histoire nous a enseign\u00e9 qu\u2019il n\u2019y a rien de mieux que l\u2019UE \u00bb"},"content":{"rendered":"<p>Ce pays de 2,4 millions d\u2019habitants, anciennement communiste, voit son Premier ministre rempiler pour un quatri\u00e8me mandat apr\u00e8s 10 ans au pouvoir. R\u00e9\u00e9lu le 11 mai dernier, Edi Rama a fait campagne sur le th\u00e8me de l\u2019int\u00e9gration \u00e0 l\u2019Union europ\u00e9enne, qu\u2019il esp\u00e8re pour 2030.<\/p>\n<p><strong>\u00ab\u00a0L\u2019Albanie est europ\u00e9anis\u00e9e et l\u2019Europe est balkanis\u00e9e\u00a0\u00bb<\/strong><\/p>\n<p>Est-ce que cette promesse d\u2019adh\u00e9sion \u00e0 l\u2019UE \u00e0 l\u2019horizon 2030, un des principaux th\u00e8mes de sa campagne, a permis de l\u2019emporter sur la droite\u00a0? \u00ab\u00a0C\u2019est un pays assez optimiste. Dans tous les barom\u00e8tres de l\u2019Union europ\u00e9enne, les Albanais sont toujours \u00e0 la premi\u00e8re place sur la question de l\u2019Europe. Ils aiment l\u2019Europe, ils veulent l\u2019Europe. L\u2019histoire nous a donn\u00e9 tout ce qu\u2019il fallait pour comprendre qu\u2019il n\u2019y a rien de mieux que l\u2019UE. Pour nous, c\u2019est un espace de paix et de s\u00e9curit\u00e9 avant tout. Les nouvelles g\u00e9n\u00e9rations de l\u2019Europe elles-m\u00eames ont perdu ce sens, et ont perdu les liens avec l\u2019Histoire qui pour nous sont encore tr\u00e8s forts \u00bb.<\/p>\n<p>Avec 83 si\u00e8ges sur 140, le parti socialiste albanais d\u2019Edi Rama d\u00e9tient la majorit\u00e9 au Parlement, avec une campagne tendue entre gauche et droite : \u00ab Il y a des interpr\u00e9tations diff\u00e9rentes que l\u2019on peut faire. Moi je trouve que c\u2019est plus violent en France o\u00f9 il y a eu une fracture ces derni\u00e8res ann\u00e9es dans la soci\u00e9t\u00e9 et dans la politique. C\u2019est plus violent au Royaume-Uni, par exemple. (\u2026) L\u2019Albanie \u00e9tait seule il y a 20 ans, elle n\u2019est plus seule. Nous on est europ\u00e9anis\u00e9 et l\u2019Europe est plus balkanis\u00e9e. \u00bb<\/p>\n<p><strong>Une influence russe dans les Balkans\u00a0?<\/strong><\/p>\n<p>Interrog\u00e9 sur l\u2019influence de Vladimir Poutine dans les Balkans, le Premier ministre albanais temp\u00e8re : \u00ab Ce sont les st\u00e9r\u00e9otypes occidentaux faciles. Ce n\u2019est pas comme \u00e7a. (\u2026) La Serbie est entre l\u2019Europe et la Russie. En Albanie ou au Mont\u00e9n\u00e9gro, ce n\u2019est pas la m\u00eame chose. Nous en Albanie, ce n\u2019est rien. La popularit\u00e9 de Vladimir Poutine est entre 1,5 et 2,2%, au Mont\u00e9n\u00e9gro, peut-\u00eatre un peu plus, mais ce n\u2019est pas une r\u00e9gion o\u00f9 la Russie a une influence \u00e9norme \u00bb, selon Edi Rama.<\/p>\n<p><strong>Un accord bilat\u00e9ral avec l\u2019Italie controvers\u00e9<\/strong><\/p>\n<p>Enfin, questionn\u00e9 sur l\u2019accord bilat\u00e9ral sur l\u2019immigration sign\u00e9 entre l\u2019Albanie et l\u2019Italie, et d\u00e9nonc\u00e9 par certaines ONG, et qui pr\u00e9voit d\u2019externaliser la demande d\u2019asile sur le territoire albanais, Edi Rama botte en touche : \u00ab Ce ne sont pas nos centres, ce n\u2019est pas notre projet, ce n\u2019est pas \u00e0 moi de r\u00e9pondre, on a seulement donn\u00e9 \u00e0 l\u2019Italie, qui est un pays tr\u00e8s sp\u00e9cial, avec qui on a un rapport compl\u00e9tement particulier, la juridiction sur un terrain. Juridiquement, ce sont des terrains italiens et tout ce qui est li\u00e9 \u00e0 la gestion de ces centres, c\u2019est la responsabilit\u00e9 de l\u2019Italie \u00bb, estime t-il.<\/p>\n","protected":false},"excerpt":{"rendered":"Ce pays de 2,4 millions d\u2019habitants, anciennement communiste, voit son Premier ministre rempiler pour un quatri\u00e8me mandat apr\u00e8s&hellip;\n","protected":false},"author":2,"featured_media":141345,"comment_status":"","ping_status":"","sticky":false,"template":"","format":"standard","meta":{"footnotes":""},"categories":[1586],"tags":[26914,11,26915,22173,1777,674,1779,1011,27,1808,7738,12,3363,25,1778,364],"class_list":{"0":"post-141344","1":"post","2":"type-post","3":"status-publish","4":"format-standard","5":"has-post-thumbnail","7":"category-europe","8":"tag-accord-bilateral","9":"tag-actualites","10":"tag-albanais","11":"tag-edi-rama","12":"tag-eu","13":"tag-europe","14":"tag-european-union","15":"tag-fr","16":"tag-france","17":"tag-leurope","18":"tag-lunion-europeenne","19":"tag-news","20":"tag-premier-ministre","21":"tag-republique-francaise","22":"tag-ue","23":"tag-union-europeenne"},"share_on_mastodon":{"url":"https:\/\/pubeurope.com\/@fr\/114601741740462963","error":""},"_links":{"self":[{"href":"https:\/\/www.europesays.com\/fr\/wp-json\/wp\/v2\/posts\/141344","targetHints":{"allow":["GET"]}}],"collection":[{"href":"https:\/\/www.europesays.com\/fr\/wp-json\/wp\/v2\/posts"}],"about":[{"href":"https:\/\/www.europesays.com\/fr\/wp-json\/wp\/v2\/types\/post"}],"author":[{"embeddable":true,"href":"https:\/\/www.europesays.com\/fr\/wp-json\/wp\/v2\/users\/2"}],"replies":[{"embeddable":true,"href":"https:\/\/www.europesays.com\/fr\/wp-json\/wp\/v2\/comments?post=141344"}],"version-history":[{"count":0,"href":"https:\/\/www.europesays.com\/fr\/wp-json\/wp\/v2\/posts\/141344\/revisions"}],"wp:featuredmedia":[{"embeddable":true,"href":"https:\/\/www.europesays.com\/fr\/wp-json\/wp\/v2\/media\/141345"}],"wp:attachment":[{"href":"https:\/\/www.europesays.com\/fr\/wp-json\/wp\/v2\/media?parent=141344"}],"wp:term":[{"taxonomy":"category","embeddable":true,"href":"https:\/\/www.europesays.com\/fr\/wp-json\/wp\/v2\/categories?post=141344"},{"taxonomy":"post_tag","embeddable":true,"href":"https:\/\/www.europesays.com\/fr\/wp-json\/wp\/v2\/tags?post=141344"}],"curies":[{"name":"wp","href":"https:\/\/api.w.org\/{rel}","templated":true}]}}