{"id":141350,"date":"2025-05-31T09:31:09","date_gmt":"2025-05-31T09:31:09","guid":{"rendered":"https:\/\/www.europesays.com\/fr\/141350\/"},"modified":"2025-05-31T09:31:09","modified_gmt":"2025-05-31T09:31:09","slug":"a-t-elle-une-chance-cette-annee-on-a-demande-a-chatgpt","status":"publish","type":"post","link":"https:\/\/www.europesays.com\/fr\/141350\/","title":{"rendered":"a-t-elle une chance cette ann\u00e9e ? On a demand\u00e9 \u00e0 ChatGPT"},"content":{"rendered":"<p>            Par<br \/>\n        <strong><br \/>\n            <a href=\"https:\/\/actu.fr\/auteur\/timotheelangevin\" title=\"Consulter tous les articles de Timoth\u00e9e L&#039;Angevin\" rel=\"nofollow noopener\" target=\"_blank\">Timoth\u00e9e L&rsquo;Angevin<\/a><br \/>\n        <\/strong><\/p>\n<p>        Publi\u00e9 le<\/p>\n<p>            31 mai 2025 \u00e0 11h16        <\/p>\n<p>La France \u00e0 <a href=\"https:\/\/actu.fr\/tag\/concours-eurovision\" rel=\"nofollow noopener\" target=\"_blank\">l\u2019Eurovision<\/a> et \u00e0 <a href=\"https:\/\/actu.fr\/loisirs-culture\/miss-monde-miss-univers-quelle-est-la-difference-entre-ces-deux-concours-de-beaute_62701955.html\" rel=\"nofollow noopener\" target=\"_blank\">Miss Monde<\/a>, m\u00eame combat ? Presque. Notre pays n\u2019a gagn\u00e9 aucune de ces deux comp\u00e9titions depuis plusieurs d\u00e9cennies. Pour le concours de chant, il faut remonter \u00e0 1977, avec L\u2019Oiseau et l\u2019Enfant, de Marie Myriam. Et pour le concours de beaut\u00e9, c\u2019est encore plus lointain : il s\u2019agit de Denise Perrier, coiff\u00e9e de la couronne en\u2026 1953.<\/p>\n<p class=\" wall-content\">Et depuis, plus rien. Ce compteur (assez fam\u00e9lique) va-t-il enfin \u00eatre d\u00e9bloqu\u00e9 ce samedi 31 mai 2025 ? Une Fran\u00e7aise (il y en a trois) va-t-elle d\u00e9crocher le titre parmi les 108 pr\u00e9tendantes ?<\/p>\n<p>L\u2019une pourrait se glisser parmi les favorites<\/p>\n<p class=\" wall-content\">Voici ce qu\u2019en pense ChatGPT.\u00a0<\/p>\n<ul class=\" wall-content\">\n<li>\u00ab\u00a0<strong>Aur\u00e9lie Joachim<\/strong>, Miss Martinique, part favorite parmi les Fran\u00e7aises : elle a remport\u00e9 le d\u00e9fi Top Model pour sa r\u00e9gion, termin\u00e9 2e au d\u00e9fi sportif et s\u2019est illustr\u00e9e dans l\u2019\u00e9preuve de talent. Un profil complet qui lui assure une place dans le Top 40.\u00a0\u00bb<\/li>\n<li>\u00ab\u00a0<strong>No\u00e9mie Milne<\/strong>, Miss Guadeloupe, impressionne par son engagement. M\u00e9decin en formation et autrice, elle d\u00e9fend un projet humanitaire salu\u00e9 dans la cat\u00e9gorie \u00ab Beauty With a Purpose \u00bb. Moins performante dans les d\u00e9fis physiques, elle reste une candidate s\u00e9rieuse.\u00a0\u00bb<\/li>\n<li>\u00ab\u00a0<a href=\"https:\/\/actu.fr\/hauts-de-france\/lille_59350\/qui-est-agathe-cauet-notre-nouvelle-miss-nord-pas-de-calais_54559546.html\" rel=\"nofollow noopener\" target=\"_blank\"><strong>Agathe Cauet,<\/strong><\/a> premi\u00e8re dauphine \u00e0 Miss France, a r\u00e9alis\u00e9 un parcours solide (Top 20 en Multim\u00e9dia et D\u00e9bat), mais sans victoire d\u2019\u00e9preuve. Elle pourrait souffrir de la comparaison avec ses deux compatriotes ultramarines.\u00a0\u00bb<\/li>\n<li>\n<\/li>\n<\/ul>\n<p>\u00ab\u00a0Une concurrence particuli\u00e8rement intense pour nos Fran\u00e7aises\u00a0\u00bb<\/p>\n<p class=\" wall-content\">Et si on les compare aux autres candidates, nos trois Tricolores risquent de subir de plein fouet une concurrence internationale \u00ab\u00a0particuli\u00e8rement intense cette ann\u00e9e\u00a0\u00bb, selon l\u2019assistant IA. Ce dernier voit plusieurs favorites se distinguer :\u00a0<\/p>\n<p>Vid\u00e9os : en ce moment sur Actu<\/p>\n<ul class=\" wall-content\">\n<li><strong>Nandini Gupta<\/strong> (Inde) : \u00ab\u00a0\u00e2g\u00e9e de 21 ans, Nandini repr\u00e9sente l\u2019Inde sur ses terres. Elle a remport\u00e9 le d\u00e9fi \u00ab\u00a0Top Model\u00a0\u00bb pour la r\u00e9gion Asie-Oc\u00e9anie, ce qui lui a assur\u00e9 une place dans le Top 40. Elle s\u2019est \u00e9galement distingu\u00e9e lors du Talent Challenge. Son profil polyvalent et son charisme font d\u2019elle une candidate s\u00e9rieuse pour la victoire.\u00a0\u00bb<\/li>\n<li><strong>Athenna Crosby<\/strong> (\u00c9tats-Unis) : \u2018d\u2018origine v\u00e9n\u00e9zu\u00e9lienne, Athenna est une journaliste et artiste accomplie, ma\u00eetrisant plusieurs instruments de musique. Son engagement social, notamment aupr\u00e8s de la communaut\u00e9 autiste, et sa forte pr\u00e9sence m\u00e9diatique ont \u00e9t\u00e9 salu\u00e9s par des intelligences artificielles comme Grok et ChatGPT, qui la placent parmi les favorites.\u2019<\/li>\n<li><strong>Valeria P\u00e9rez<\/strong> (Porto Rico) : \u00ab\u00a0Valeria\u00a0est la seule candidate latino-am\u00e9ricaine \u00e0 avoir remport\u00e9 deux distinctions majeures : \u00ab\u00a0Beauty With a Purpose\u00a0\u00bb et \u00ab\u00a0World Fashion Designer\u00a0\u00bb pour la r\u00e9gion Am\u00e9riques et Cara\u00efbes. Professeure de sciences et musicienne, elle incarne l\u2019esprit du concours.\u00a0\u00bb<\/li>\n<li><strong>Suchata Chuangsri<\/strong> (Tha\u00eflande) : \u00ab\u00a0ancienne finaliste de Miss Univers 2024, Suchata a \u00e9t\u00e9 nomm\u00e9e Miss Monde Tha\u00eflande 2025. Elle a remport\u00e9 le d\u00e9fi \u00ab\u00a0Multimedia\u00a0\u00bb, assurant sa place dans le Top 40, et est reconnue pour son \u00e9loquence et son engagement.\u00a0\u00bb<\/li>\n<li><strong>Krishnah Gravidez<\/strong> (Philippines) : \u00ab\u00a0\u00e9tudiante en g\u00e9nie civil et fondatrice de l\u2019association \u00ab\u00a0Colors of Kindness\u00a0\u00bb, Krishnah a brill\u00e9 lors des d\u00e9fis de talent et de mode. Son apparence en tenue traditionnelle indienne a \u00e9t\u00e9 particuli\u00e8rement remarqu\u00e9e.\u00a0\u00bb<\/li>\n<li><strong>Valeria Cannav\u00f2<\/strong> (Venezuela) : \u00ab\u00a0styliste de formation, Valeria a \u00e9t\u00e9 finaliste dans les d\u00e9fis \u00ab\u00a0Top Model\u00a0\u00bb et \u00ab\u00a0Multimedia\u00a0\u00bb. Le Venezuela, avec six titres, est l\u2019un des pays les plus titr\u00e9s de l\u2019histoire du concours, ce qui renforce ses chances.\u00a0\u00bb<\/li>\n<\/ul>\n<p class=\" wall-content\">Vous l\u2019aurez compris, \u00e7a risque d\u2019\u00eatre compliqu\u00e9 pour cette ann\u00e9e.<\/p>\n<p class=\" wall-content\">Suivez toute l\u2019actualit\u00e9 de vos villes et m\u00e9dias favoris en vous inscrivant \u00e0 <a href=\"https:\/\/moncompte.actu.fr\" title=\"D\u00e9couvez Mon Actu\" rel=\"nofollow noopener\" data-trk=\"{&quot;cta&quot;:{&quot;action&quot;:&quot;https:\\\/\\\/moncompte.actu.fr&quot;,&quot;category&quot;:&quot;mon compte&quot;,&quot;from&quot;:&quot;article footer&quot;,&quot;name&quot;:&quot;Mon actu&quot;,&quot;type&quot;:&quot;cta&quot;}}\" target=\"_blank\">Mon Actu<\/a>.<\/p>\n<ul class=\"ac-article-tag wall-content\">\n<li><a href=\"https:\/\/actu.fr\/tag\/miss-france\" data-trk=\"{&quot;cta&quot;:{&quot;action&quot;:&quot;Miss France&quot;,&quot;category&quot;:&quot;tag&quot;,&quot;from&quot;:&quot;article footer&quot;,&quot;name&quot;:&quot;Miss France&quot;,&quot;type&quot;:&quot;cta&quot;}}\" rel=\"nofollow noopener\" target=\"_blank\">#Miss France<\/a><\/li>\n<li><a href=\"https:\/\/actu.fr\/tag\/television\" data-trk=\"{&quot;cta&quot;:{&quot;action&quot;:&quot;T\\u00e9l\\u00e9vision&quot;,&quot;category&quot;:&quot;tag&quot;,&quot;from&quot;:&quot;article footer&quot;,&quot;name&quot;:&quot;T\\u00e9l\\u00e9vision&quot;,&quot;type&quot;:&quot;cta&quot;}}\" rel=\"nofollow noopener\" target=\"_blank\">#T\u00e9l\u00e9vision<\/a><\/li>\n<\/ul>\n","protected":false},"excerpt":{"rendered":"Par Timoth\u00e9e L&rsquo;Angevin Publi\u00e9 le 31 mai 2025 \u00e0 11h16 La France \u00e0 l\u2019Eurovision et \u00e0 Miss Monde,&hellip;\n","protected":false},"author":2,"featured_media":141351,"comment_status":"","ping_status":"","sticky":false,"template":"","format":"standard","meta":{"footnotes":""},"categories":[4],"tags":[11,1011,27,1652,3034,12,25,252],"class_list":{"0":"post-141350","1":"post","2":"type-post","3":"status-publish","4":"format-standard","5":"has-post-thumbnail","7":"category-france","8":"tag-actualites","9":"tag-fr","10":"tag-france","11":"tag-loisirs-culture","12":"tag-miss-france","13":"tag-news","14":"tag-republique-francaise","15":"tag-television"},"share_on_mastodon":{"url":"https:\/\/pubeurope.com\/@fr\/114601753525754702","error":""},"_links":{"self":[{"href":"https:\/\/www.europesays.com\/fr\/wp-json\/wp\/v2\/posts\/141350","targetHints":{"allow":["GET"]}}],"collection":[{"href":"https:\/\/www.europesays.com\/fr\/wp-json\/wp\/v2\/posts"}],"about":[{"href":"https:\/\/www.europesays.com\/fr\/wp-json\/wp\/v2\/types\/post"}],"author":[{"embeddable":true,"href":"https:\/\/www.europesays.com\/fr\/wp-json\/wp\/v2\/users\/2"}],"replies":[{"embeddable":true,"href":"https:\/\/www.europesays.com\/fr\/wp-json\/wp\/v2\/comments?post=141350"}],"version-history":[{"count":0,"href":"https:\/\/www.europesays.com\/fr\/wp-json\/wp\/v2\/posts\/141350\/revisions"}],"wp:featuredmedia":[{"embeddable":true,"href":"https:\/\/www.europesays.com\/fr\/wp-json\/wp\/v2\/media\/141351"}],"wp:attachment":[{"href":"https:\/\/www.europesays.com\/fr\/wp-json\/wp\/v2\/media?parent=141350"}],"wp:term":[{"taxonomy":"category","embeddable":true,"href":"https:\/\/www.europesays.com\/fr\/wp-json\/wp\/v2\/categories?post=141350"},{"taxonomy":"post_tag","embeddable":true,"href":"https:\/\/www.europesays.com\/fr\/wp-json\/wp\/v2\/tags?post=141350"}],"curies":[{"name":"wp","href":"https:\/\/api.w.org\/{rel}","templated":true}]}}