{"id":141358,"date":"2025-05-31T09:37:18","date_gmt":"2025-05-31T09:37:18","guid":{"rendered":"https:\/\/www.europesays.com\/fr\/141358\/"},"modified":"2025-05-31T09:37:18","modified_gmt":"2025-05-31T09:37:18","slug":"gp-de-grande-bretagne-motogp-2025-les-resultats-complets","status":"publish","type":"post","link":"https:\/\/www.europesays.com\/fr\/141358\/","title":{"rendered":"GP de Grande-Bretagne MotoGP 2025 : Les r\u00e9sultats complets"},"content":{"rendered":"<p style=\"text-align: justify;\"><strong>Retrouvez ici le programme TV complet, les horaires des essais, qualifications et course, ainsi que les r\u00e9sultats en temps r\u00e9el du Grand Prix de Grande-Bretagne 2025 de MotoGP.\u00a0<\/strong><\/p>\n<p style=\"text-align: justify;\">Le <strong>Grand Prix de Grande-Bretagne 2025 de MotoGP<\/strong> se d\u00e9roule du <strong>vendredi 23 au dimanche 25 mai<\/strong>, sur le circuit de Silverstone. Soyez incollables avant la 7\u00e8me manche du <a href=\"https:\/\/dicodusport.fr\/blog\/actualites\/sports-mecaniques\/moto\/motogp-2025\/\" rel=\"nofollow noopener\" target=\"_blank\"><strong>Championnat du monde de MotoGP 2025<\/strong><\/a>. Ne manquez rien du <strong>Grand Prix de Grande-Bretagne<\/strong>\u00a0:\u00a0performances des pilotes, analyses et classements actualis\u00e9s. Tout ce qu\u2019il faut savoir pour suivre le <strong>GP de Grande-Bretagne<\/strong>\u00a0en direct !<\/p>\n<p>L\u2019Histoire du Grand Prix de Grande-Bretagne de MotoGP<\/p>\n<p style=\"text-align: justify;\">Le\u00a0<strong>Grand Prix de Grande-Bretagne<\/strong>\u00a0est une \u00e9tape incontournable du\u00a0<strong>championnat du monde de MotoGP<\/strong>, qui est inscrite au calendrier depuis 1977. Il se d\u00e9roule sur le circuit automobile de Silverstone et tous les plus grands pilotes s\u2019y sont d\u00e9j\u00e0 impos\u00e9s. La l\u00e9gende<strong>\u00a0Valentino Rossi<\/strong>\u00a0compte 6 victoires sur ce circuit (2000, 2001, 2002, 2004, 2005 et 2015). L\u2019Australien\u00a0<strong>Casey Stoner\u00a0<\/strong>a glan\u00e9 3 succ\u00e8s (2007, 2008 et 2011) tout comme l\u2019Espagnol\u00a0<strong>Jorge Lorenzo<\/strong>\u00a0(2010, 2012 et 2013). L\u2019Italien\u00a0<strong>Andrea Dovizioso<\/strong>\u00a0l\u2019a, de son c\u00f4t\u00e9, remport\u00e9 deux fois en 2009 et 2017. Enfin,\u00a0<strong>Marc Marquez<\/strong>\u00a0(2014),\u00a0<b>Maverick Vi\u00f1ales<\/b>\u00a0(2016),\u00a0<strong>Alex Rins<\/strong>\u00a0(2019),\u00a0<strong>Fabio Quartararo<\/strong> (2021), <strong>Francesco Bagnaia<\/strong> (2022) et <strong>Enea Bastianini<\/strong> (2024) n\u2019ont gagn\u00e9 qu\u2019une seule fois en Grande-Bretagne.<\/p>\n<p><a href=\"https:\/\/dicodusport.fr\/blog\/motogp-classement-du-grand-prix-de-grande-bretagne-2024\/\" class=\"vlp-link\" title=\"MotoGP - Classement du Grand Prix de Grande-Bretagne 2024\" rel=\"nofollow noopener\" target=\"_blank\"><img loading=\"lazy\" decoding=\"async\" style=\"max-width: 792px;\" width=\"792\" height=\"445\" class=\"attachment-800x445 size-800x445 perfmatters-lazy\" alt=\"MotoGP - Classement du Grand Prix de Grande-Bretagne 2024\" src=\"https:\/\/www.europesays.com\/fr\/wp-content\/uploads\/2025\/05\/MotoGP-Classement-du-Grand-Prix-de-Grande-Bretagne-2024.png\"  data-\/><\/p>\n<p>MotoGP &#8211; Classement du Grand Prix de Grande-Bretagne 2024<\/p>\n<p>MOTOGP \u2013 GRAND PRIX DE GRANDE-BRETAGNE 2024 \u2013 Retrouvez le classement complet du Grand Prix de Grande-Bretagne 2024 sur le circuit de Silverstone.<\/p>\n<p>Lire l&rsquo;article<\/p>\n<p>dicodusport.fr<\/p>\n<p>Les sp\u00e9cificit\u00e9s du circuit de Silverstone de MotoGP<\/p>\n<p style=\"text-align: justify;\">Un tour du\u00a0<strong>circuit de Silverstone<\/strong>, c\u2019est 5,9 km ! Ce dernier<strong>\u00a0<\/strong>se trouve au nord-ouest de Londres, en Angleterre. Le sport reste populaire en Grande-Bretagne malgr\u00e9 l\u2019absence de pilote britannique sur la grille de MotoGP. Le trac\u00e9 comporte 18 virages, 8 \u00e0 gauche et 10 \u00e0 droite. Il est consid\u00e9r\u00e9 comme l\u2019un des circuits les plus prestigieux des sports m\u00e9caniques. La course se d\u00e9roulera sur 20 tours, soit environ 118 km. La plus longue ligne droite mesure 770 m, o\u00f9 les pilotes atteignent g\u00e9n\u00e9ralement les 335 km\/h.<\/p>\n<p><img loading=\"lazy\" decoding=\"async\" width=\"521\" height=\"533\" class=\"size-full wp-image-248765 perfmatters-lazy\" alt=\"&lt;yoastmark class=\" src=\"https:\/\/www.europesays.com\/fr\/wp-content\/uploads\/2025\/05\/MotoGP-Circuit-de-Silverstone-GP-de-Grande-Bretagne.png\"  data-\/><\/p>\n<p style=\"text-align: justify;\">C\u00f4t\u00e9 m\u00e9t\u00e9o, une alternance entre soleil et pluie est attendue tout le week-end. Les temp\u00e9ratures devraient osciller entre 17 et 19 degr\u00e9s durant les trois jours, mais le circuit devrait rester au sec.<\/p>\n<p>MotoGP Grand Prix de Grande-Bretagne 2025 \u2013 Programme TV et horaires<\/p>\n<p>Les enjeux du Grand Prix de Grande-Bretagne de MotoGP<\/p>\n<p style=\"text-align: justify;\">Cette manche est la septi\u00e8me du championnat de monde de MotoGP 2025. Apr\u00e8s six courses, plusieurs questions ont re\u00e7u des r\u00e9ponses, et notamment concernant l\u2019arriv\u00e9e de <strong>Marc M\u00e1rquez<\/strong>\u00a0chez Ducati aux c\u00f4t\u00e9s de <strong>Francesco Bagnaia.<\/strong> Il a remport\u00e9 toutes les courses (sprint + GP) depuis le d\u00e9but de l\u2019ann\u00e9e, sauf celles d\u2019Austin dans laquelle il a chut\u00e9, en Espagne et en France. Le champion du monde en titre, <strong>Jorge Mart\u00edn<\/strong><strong>, <\/strong>est lui parti de chez Pramac Ducati pour Aprilia et a fait sa rentr\u00e9e au Qatar apr\u00e8s avoir subi une fracture de la main droite et du pied gauche. N\u00e9anmoins, l\u2019Espagnol a rechut\u00e9 aux \u00c9tats-Unis.<\/p>\n<p style=\"text-align: justify;\">De son c\u00f4t\u00e9, <strong>Francesco Bagnaia<\/strong> a donc repris son ancien num\u00e9ro, le 63, et aura \u00e0 c\u0153ur de rejouer le titre encore cette saison. N\u00e9anmoins, son co\u00e9quipier lui m\u00e8ne la vie dure. Un autre outsider a \u00e9merg\u00e9 cette saison :<strong> Alex Marquez<\/strong> (Gresini). Le fr\u00e8re de l\u2019octuple champion du Monde a conquis sa premi\u00e8re victoire en Espagne. Il est men\u00e9 au classement par son fr\u00e8re de 22 points qui lui en totalise 171. Trois rookies ont d\u00e9but\u00e9 dans la cat\u00e9gorie, dont deux pilotes asiatiques. Le Tha\u00eflandais <strong>Somkiat Chantra<\/strong> est pilote chez LCR Honda (forfait pour blessure ce week-end), l\u2019Espagnol <strong>Ferm\u00edn Aldeguer<\/strong> chez Gresini Racing, et enfin le Japonais <strong>Ai Ogura<\/strong> chez Trackhouse MotoGP Team. Cette semaine marque aussi le retour de Miguel Oliveira (Pramac Yamaha) de retour de blessure.<\/p>\n<p>\n<a href=\"https:\/\/dicodusport.fr\/blog\/offres\/abonnements-sans-pub\/\" rel=\"nofollow noopener\" target=\"_blank\"><img loading=\"lazy\" decoding=\"async\" class=\"alignnone size-full wp-image-501284 perfmatters-lazy\" alt=\"\" width=\"1200\" height=\"200\" src=\"https:\/\/www.europesays.com\/fr\/wp-content\/uploads\/2025\/04\/Abonnements-sans-pubs-Dicodusport.png\"\/><\/a><\/p>\n<p style=\"text-align: justify;\">Enfin, deux pilotes fran\u00e7ais sont encore pr\u00e9sents cette ann\u00e9e. <a href=\"https:\/\/dicodusport.fr\/blog\/motogp-2025-lheure-du-rebond-pour-fabio-quartararo\/\" rel=\"nofollow noopener\" target=\"_blank\"><strong>Fabio Quartararo<\/strong><\/a>, champion du monde 2021, est toujours dans l\u2019\u00e9quipe officielle Yamaha. Apr\u00e8s trois ans difficiles, la moto semble avoir fait des progr\u00e8s d\u2019apr\u00e8s les derniers r\u00e9sultats. Il a d\u2019ailleurs termin\u00e9 deuxi\u00e8me de la course en Espagne apr\u00e8s plus de deux ans sans podium. <a href=\"https:\/\/dicodusport.fr\/blog\/motogp-grand-prix-de-france-2025-fabio-quartararo-rafle-encore-la-pole-devant-marc-marquez\/\" rel=\"nofollow noopener\" target=\"_blank\">Il a \u00e9galement r\u00e9alis\u00e9 la pole position en France, \u00e0 domicile<\/a>. Une autre \u00e9curie d\u2019usine a rejoint Yamaha, il s\u2019agit de <strong>Pramac<\/strong>. L\u2019ancienne \u00e9curie motoris\u00e9e par Ducati s\u2019allie au constructeur japonais et emploie deux pilotes exp\u00e9riment\u00e9s : <strong>Jack Miller<\/strong> et <strong>Miguel Oliveira<\/strong>.<\/p>\n<p style=\"text-align: justify;\">L\u2019autre Fran\u00e7ais, <strong>Johann Zarco<\/strong>, entame sa deuxi\u00e8me ann\u00e9e chez LCR Honda et continue de vouloir faire revenir la marque au meilleur niveau. De plus, il a m\u00eame r\u00e9ussi \u00e0 terminer 7\u00e8me puis 6\u00e8me des deux premi\u00e8res courses de la saison. <a href=\"https:\/\/dicodusport.fr\/blog\/motogp-france-2025-johann-zarco-cree-lexploit-et-remporte-le-grand-prix-au-mans\/\" rel=\"nofollow noopener\" target=\"_blank\">Il a m\u00eame profit\u00e9 de sa capacit\u00e9 \u00e0 exceller sur piste mouill\u00e9e pour remporter le Grand Prix de France<\/a> il y a deux semaines, historique ! <strong>Joan Mir<\/strong> et <strong>Luca Marini<\/strong> sont eux chez Honda HRC Castrol.<\/p>\n","protected":false},"excerpt":{"rendered":"Retrouvez ici le programme TV complet, les horaires des essais, qualifications et course, ainsi que les r\u00e9sultats en&hellip;\n","protected":false},"author":2,"featured_media":141359,"comment_status":"","ping_status":"","sticky":false,"template":"","format":"standard","meta":{"footnotes":""},"categories":[1413],"tags":[2113,1011,27,1457,1456,1458,60],"class_list":{"0":"post-141358","1":"post","2":"type-post","3":"status-publish","4":"format-standard","5":"has-post-thumbnail","7":"category-moto","8":"tag-breve","9":"tag-fr","10":"tag-france","11":"tag-moto","12":"tag-motocycle","13":"tag-motogp","14":"tag-sports"},"share_on_mastodon":{"url":"https:\/\/pubeurope.com\/@fr\/114601777502816710","error":""},"_links":{"self":[{"href":"https:\/\/www.europesays.com\/fr\/wp-json\/wp\/v2\/posts\/141358","targetHints":{"allow":["GET"]}}],"collection":[{"href":"https:\/\/www.europesays.com\/fr\/wp-json\/wp\/v2\/posts"}],"about":[{"href":"https:\/\/www.europesays.com\/fr\/wp-json\/wp\/v2\/types\/post"}],"author":[{"embeddable":true,"href":"https:\/\/www.europesays.com\/fr\/wp-json\/wp\/v2\/users\/2"}],"replies":[{"embeddable":true,"href":"https:\/\/www.europesays.com\/fr\/wp-json\/wp\/v2\/comments?post=141358"}],"version-history":[{"count":0,"href":"https:\/\/www.europesays.com\/fr\/wp-json\/wp\/v2\/posts\/141358\/revisions"}],"wp:featuredmedia":[{"embeddable":true,"href":"https:\/\/www.europesays.com\/fr\/wp-json\/wp\/v2\/media\/141359"}],"wp:attachment":[{"href":"https:\/\/www.europesays.com\/fr\/wp-json\/wp\/v2\/media?parent=141358"}],"wp:term":[{"taxonomy":"category","embeddable":true,"href":"https:\/\/www.europesays.com\/fr\/wp-json\/wp\/v2\/categories?post=141358"},{"taxonomy":"post_tag","embeddable":true,"href":"https:\/\/www.europesays.com\/fr\/wp-json\/wp\/v2\/tags?post=141358"}],"curies":[{"name":"wp","href":"https:\/\/api.w.org\/{rel}","templated":true}]}}