{"id":141360,"date":"2025-05-31T09:38:12","date_gmt":"2025-05-31T09:38:12","guid":{"rendered":"https:\/\/www.europesays.com\/fr\/141360\/"},"modified":"2025-05-31T09:38:12","modified_gmt":"2025-05-31T09:38:12","slug":"personne-ne-sattendait-au-debut-de-saison-de-hadjar-sauf-marko","status":"publish","type":"post","link":"https:\/\/www.europesays.com\/fr\/141360\/","title":{"rendered":"Personne ne s&rsquo;attendait\u00a0\u00bb au d\u00e9but de saison de Hadjar, \u00ab\u00a0sauf Marko"},"content":{"rendered":"<p>S&rsquo;il y a bien un rookie qui fait sensation cette saison, c&rsquo;est\u00a0<a href=\"https:\/\/fr.motorsport.com\/driver\/isack-hadjar\/876622\/\" target=\"_blank\" rel=\"noopener\">Isack Hadjar<\/a>. Bien que <a href=\"https:\/\/fr.motorsport.com\/driver\/kimi-antonelli\/947765\/\" target=\"_blank\" rel=\"noopener\">Kimi Antonelli<\/a> soit le mieux class\u00e9 au championnat, et aussi impressionnant depuis le d\u00e9but de l&rsquo;ann\u00e9e, c&rsquo;est bien le Fran\u00e7ais qui sort du lot depuis quelques courses.\u00a0 Pourtant, tout le monde n&rsquo;aurait pas pari\u00e9 sur lui au moment de pronostiquer le meilleur jeune pilote parmi les six qu&rsquo;accueille la F1 cette saison.<\/p>\n<p>M\u00eame sa propre \u00e9quipe ne pr\u00e9voyait pas \u00e0 une telle entr\u00e9e en mati\u00e8re. En effet, \u00e0 la question de savoir s&rsquo;il s&rsquo;attendait \u00e0 ce d\u00e9but de saison pour Hadjar, Laurent Mekies, le directeur de <a href=\"https:\/\/fr.motorsport.com\/team\/racing-bulls-610\/610\/\" target=\"_blank\" rel=\"noopener\">Racing Bulls<\/a>, a r\u00e9pondu : \u00ab\u00a0Non, non, on ne s&rsquo;y attendait pas. Je pense que personne ne s&rsquo;y attendait, sauf peut-\u00eatre Helmut [Marko]. Donc non, la v\u00e9rit\u00e9, c&rsquo;est que le point de d\u00e9part d&rsquo;Isack a \u00e9t\u00e9 extraordinaire.\u00a0\u00bb<\/p>\n<p>\u00ab\u00a0Donc oui, on a \u00e9t\u00e9 surpris\u00a0\u00bb, a ajout\u00e9 le patron fran\u00e7ais ce vendredi \u00e0 Barcelone. \u00ab\u00a0Et comme vous le savez, nous croyons beaucoup \u00e0 la progression des pilotes, \u00e0 leur d\u00e9veloppement, aux \u00e9tapes qu&rsquo;ils franchissent au fil des courses. On se concentre donc l\u00e0-dessus, pour s&rsquo;assurer qu&rsquo;il ait l&rsquo;environnement n\u00e9cessaire autour de lui pour continuer \u00e0 progresser. Mais son point de d\u00e9part ? Aucun doute l\u00e0-dessus : personne ne s&rsquo;attendait \u00e0 un tel niveau.\u00a0\u00bb<\/p>\n<p>Lire aussi :<\/p>\n<p>Helmut Marko, en plus d&rsquo;\u00eatre le conseiller sp\u00e9cial de <a href=\"https:\/\/fr.motorsport.com\/team\/red-bull\/553\/\" target=\"_blank\" rel=\"noopener\">Red Bull<\/a>, est \u00e9galement \u00e0 la t\u00eate de l&rsquo;acad\u00e9mie junior de l&rsquo;\u00e9quipe et supervise donc tous les talents qui participent au programme de d\u00e9veloppement du Taureau rouge. Bien qu&rsquo;il se soit parfois montr\u00e9 dur avec Hadjar &#8211; comme avec tous ses juniors -, l&rsquo;Autrichien a toujours soutenu le Fran\u00e7ais, premi\u00e8rement en lui offrant un baquet en F1, ce qui reste une tr\u00e8s bonne preuve de confiance.<\/p>\n<p>L&rsquo;investissement semble donc payer pour le moment. La saison est encore longue, mais Hadjar a pour l&rsquo;instant l&rsquo;ascendant sur son co\u00e9quipier, <a href=\"https:\/\/fr.motorsport.com\/driver\/liam-lawson\/826061\/\" target=\"_blank\" rel=\"noopener\">Liam Lawson<\/a>, qu&rsquo;il a domin\u00e9 cinq fois sur six en qualifications. Le Fran\u00e7ais a m\u00eame inscrit plus de points que <a href=\"https:\/\/fr.motorsport.com\/driver\/yuki-tsunoda\/828578\/\" target=\"_blank\" rel=\"noopener\">Yuki Tsunoda<\/a> depuis que ce dernier a \u00e9t\u00e9 promu dans le deuxi\u00e8me baquet Red Bull, avec 15 points marqu\u00e9s depuis le Grand Prix du Japon pour Hadjar, contre sept pour Tsunoda.\u00a0<\/p>\n<p>   <img decoding=\"async\" draggable=\"false\" src=\"https:\/\/www.europesays.com\/fr\/wp-content\/uploads\/2025\/05\/1748684292_878_isack-hadjar-racing-bulls-team.jpg\" alt=\"Isack Hadjar \u00e0 Monaco.\" width=\"1200\" height=\"800\" loading=\"lazy\"\/> <\/p>\n<p class=\"title\">Isack Hadjar \u00e0 Monaco.<\/p>\n<p class=\"photographer\">Photo de: Glenn Dunbar \/ Motorsport Images<\/p>\n<p>Et Isack Hadjar n&rsquo;impressionne pas que dans sa propre \u00e9curie. Christian Horner, patron de Red Bull, a lui aussi chant\u00e9 les louanges du jeune pilote : \u00ab\u00a0Je pense que c&rsquo;est lui qui s&rsquo;est le plus distingu\u00e9 parmi les rookies, et les attentes \u00e0 son \u00e9gard n&rsquo;\u00e9taient pas aussi \u00e9lev\u00e9es que ce qu&rsquo;il a montr\u00e9\u00a0\u00bb, a d\u00e9clar\u00e9 le Britannique au micro de Canal+.<\/p>\n<p>\u00ab\u00a0Il a d\u00e9pass\u00e9 toutes nos attentes : il a \u00e9t\u00e9 rapide, constant, et il a livr\u00e9 de solides performances \u00e0 chaque fois. C&rsquo;est un excellent d\u00e9but de carri\u00e8re en Formule 1. Il doit maintenant maintenir cette dynamique. S&rsquo;il continue \u00e0 performer de cette mani\u00e8re, son avenir s&rsquo;annonce tr\u00e8s prometteur.\u00a0\u00bb<\/p>\n<p>Un bapt\u00eame mon\u00e9gasque qui donne des ailes<\/p>\n<p>Le Grand Prix de Monaco a peut-\u00eatre \u00e9t\u00e9 le week-end le plus abouti d&rsquo;Isack Hadjar cette saison. Alors que les choses commen\u00e7aient mal avec deux crashs en essais libres, le Parisien a su rebondir pour aller chercher une sixi\u00e8me place en qualifications, sa meilleure performance &#8211; et celle de son \u00e9quipe &#8211; dans l&rsquo;exercice jusqu&rsquo;alors. Il a ensuite termin\u00e9 la course \u00e0 la m\u00eame position, inscrivant son meilleur r\u00e9sultat de 2025.\u00a0<\/p>\n<p>Alors que le trac\u00e9 mon\u00e9gasque est l&rsquo;un des plus impressionnants et difficiles \u00e0 appr\u00e9hender, la t\u00e2che \u00e9tait ardue pour les rookies, qui roulaient pour la premi\u00e8re fois entre les murs \u00e9troits de Monte Carlo dans une F1. Ainsi, terminer ce week-end sur un si bonne note ne pouvait qu&rsquo;\u00eatre un boost de confiance pour Hadjar.\u00a0<\/p>\n<p>\u00ab\u00a0Je n&rsquo;avais encore jamais pilot\u00e9 une F1 sur un circuit urbain, un vrai\u00a0\u00bb, a d\u00e9clar\u00e9 le pilote fran\u00e7ais ce jeudi en Espagne. \u00ab\u00a0Donc j&rsquo;\u00e9tais un peu inquiet, et la confiance \u00e9tait assez basse apr\u00e8s quelques s\u00e9ances d&rsquo;essais libres. Mais d&rsquo;une mani\u00e8re ou d&rsquo;une autre, on a r\u00e9ussi \u00e0 inverser la tendance en qualifications. Donc oui, c&rsquo;est clairement un bon coup de boost pour la confiance, de savoir que je peux ma\u00eetriser cette voiture partout.\u00a0\u00bb<\/p>\n<p style=\"text-align: right;\">Propos recueillis par Haydn Cobb et Filip Cleeren<\/p>\n<p>Dans cet article<\/p>\n<p>    T\u00e9ha Courbon\n<\/p>\n<p>    Formule 1\n<\/p>\n<p>    Isack Hadjar\n<\/p>\n<p>    Racing Bulls\n<\/p>\n<p>Soyez le premier inform\u00e9 et souscrivez aux alertes mails pour recevoir les infos en temps r\u00e9el<\/p>\n<p>    S&rsquo;abonner aux alertes de news<\/p>\n","protected":false},"excerpt":{"rendered":"S&rsquo;il y a bien un rookie qui fait sensation cette saison, c&rsquo;est\u00a0Isack Hadjar. Bien que Kimi Antonelli soit&hellip;\n","protected":false},"author":2,"featured_media":141361,"comment_status":"","ping_status":"","sticky":false,"template":"","format":"standard","meta":{"footnotes":""},"categories":[1412],"tags":[25466,1451,1452,1453,1454,1455,1011,27,12529,10299,2244,26916,2253,60],"class_list":{"0":"post-141360","1":"post","2":"type-post","3":"status-publish","4":"format-standard","5":"has-post-thumbnail","7":"category-f1","8":"tag-circuit-de-barcelona-catalunya","9":"tag-f1","10":"tag-formula-1","11":"tag-formula1","12":"tag-formule-1","13":"tag-formule1","14":"tag-fr","15":"tag-france","16":"tag-gp-despagne","17":"tag-helmut-marko","18":"tag-isack-hadjar","19":"tag-laurent-mekies","20":"tag-racing-bulls","21":"tag-sports"},"share_on_mastodon":{"url":"https:\/\/pubeurope.com\/@fr\/114601781052002833","error":""},"_links":{"self":[{"href":"https:\/\/www.europesays.com\/fr\/wp-json\/wp\/v2\/posts\/141360","targetHints":{"allow":["GET"]}}],"collection":[{"href":"https:\/\/www.europesays.com\/fr\/wp-json\/wp\/v2\/posts"}],"about":[{"href":"https:\/\/www.europesays.com\/fr\/wp-json\/wp\/v2\/types\/post"}],"author":[{"embeddable":true,"href":"https:\/\/www.europesays.com\/fr\/wp-json\/wp\/v2\/users\/2"}],"replies":[{"embeddable":true,"href":"https:\/\/www.europesays.com\/fr\/wp-json\/wp\/v2\/comments?post=141360"}],"version-history":[{"count":0,"href":"https:\/\/www.europesays.com\/fr\/wp-json\/wp\/v2\/posts\/141360\/revisions"}],"wp:featuredmedia":[{"embeddable":true,"href":"https:\/\/www.europesays.com\/fr\/wp-json\/wp\/v2\/media\/141361"}],"wp:attachment":[{"href":"https:\/\/www.europesays.com\/fr\/wp-json\/wp\/v2\/media?parent=141360"}],"wp:term":[{"taxonomy":"category","embeddable":true,"href":"https:\/\/www.europesays.com\/fr\/wp-json\/wp\/v2\/categories?post=141360"},{"taxonomy":"post_tag","embeddable":true,"href":"https:\/\/www.europesays.com\/fr\/wp-json\/wp\/v2\/tags?post=141360"}],"curies":[{"name":"wp","href":"https:\/\/api.w.org\/{rel}","templated":true}]}}