{"id":141386,"date":"2025-05-31T09:52:09","date_gmt":"2025-05-31T09:52:09","guid":{"rendered":"https:\/\/www.europesays.com\/fr\/141386\/"},"modified":"2025-05-31T09:52:09","modified_gmt":"2025-05-31T09:52:09","slug":"les-bulgares-ne-veulent-pas-rejoindre-la-zone-euro","status":"publish","type":"post","link":"https:\/\/www.europesays.com\/fr\/141386\/","title":{"rendered":"les Bulgares ne veulent pas rejoindre la zone euro"},"content":{"rendered":"<p>En Bulgarie, la fronde monte contre l\u2019entr\u00e9e imminente du pays des Balkans dans la zone euro.<\/p>\n<p class=\"fig-paragraph\">Manifestations, appel au r\u00e9f\u00e9rendum et d\u00e9sinformation\u00a0: la col\u00e8re gronde en Bulgarie, o\u00f9 la perspective de rejoindre la zone euro au 1er janvier 2026 ne fait pas l&rsquo;unanimit\u00e9. Apr\u00e8s un retard li\u00e9 \u00e0 son instabilit\u00e9 politique, le pays des Balkans\u00a0<a href=\"https:\/\/www.lefigaro.fr\/actualite\/2007\/08\/09\/01001-20070809ARTWWW90376-elargissement_europe_bulgarie_roumanie_ce_qui_va_changer_.php\" data-fig-type=\"Article\" data-gtm-custom-categorie=\"navigation\" data-gtm-custom-action=\"crossclick\" data-gtm-custom-label=\"Contextuel\" data-gtm-event=\"customEventSPE\" data-fig-domain=\"LEFIGARO\" target=\"_blank\" rel=\"noopener\">membre de l&rsquo;UE depuis 2007<\/a>\u00a0devrait prochainement devenir le 21e \u00c9tat \u00e0 adopter la monnaie unique, trois ans apr\u00e8s la Croatie. Le feu vert de Bruxelles est attendu courant juin.<\/p>\n<p class=\"fig-paragraph\">\u00abAdopter l&rsquo;euro reviendrait \u00e0 embarquer sur le Titanic\u00bb, assure Nikolai Ivanov, haut fonctionnaire \u00e0 la retraite, venu \u00absoutenir le lev (la monnaie bulgare utilis\u00e9e depuis 1881, NDLR)\u00bb lors d&rsquo;un r\u00e9cent \u00e9v\u00e9nement de promotion de la devise nationale \u00e0 Sofia. Selon des sondages r\u00e9cents, pr\u00e8s de la moiti\u00e9 des personnes interrog\u00e9es se disent oppos\u00e9es \u00e0 l&rsquo;entr\u00e9e du pays dans la zone euro d\u00e8s l&rsquo;an prochain.<\/p>\n<p class=\"fig-paragraph\">Pour Boriana Dimitrova, directrice de l&rsquo;institut Alpha Research, ce d\u00e9samour de la monnaie unique s&rsquo;explique avant tout par \u00abla m\u00e9fiance envers les institutions\u00bb, provoqu\u00e9e par le chaos politique de ces derni\u00e8res ann\u00e9es. Les habitants redoutent les cons\u00e9quences sur leur quotidien de ce changement historique. \u00abLes pauvres ont peur de devenir encore plus pauvres\u00bb, r\u00e9sume-t-elle, dans ce pays de 6,4 millions d&rsquo;habitants, le moins riche du bloc.<\/p>\n<p class=\"fig-body-link\">\n            \u00c0 lire aussi<br \/>\n        <a class=\"fig-body-link__link fig-premium-mark\" href=\"https:\/\/www.lefigaro.fr\/conjoncture\/jean-pierre-robin-l-euro-est-devenu-une-monnaie-de-singe-comparee-au-franc-suisse-20220904\" target=\"_blank\" data-fig-type=\"Article\" rel=\"noopener\" data-gtm-custom-categorie=\"navigation\" data-gtm-custom-action=\"crossclick\" data-gtm-custom-label=\"Contextuel\" data-gtm-event=\"customEventSPE\" data-fig-domain=\"LEFIGARO\">Jean-Pierre Robin: \u00abL\u2019euro est devenu une monnaie de singe, compar\u00e9e au franc suisse\u00bb<br \/>\n    <\/a>\n<\/p>\n<p>Craintes sur le pouvoir d\u2019achat<\/p>\n<p class=\"fig-paragraph\">Les r\u00e9ticences sont particuli\u00e8rement fortes dans les zones rurales, o\u00f9 certains Bulgares n&rsquo;ont jamais voyag\u00e9 \u00e0 l&rsquo;\u00e9tranger et n&rsquo;ont pas l&rsquo;habitude des transactions internationales. D&rsquo;autant que perdure le souvenir de la grave crise \u00e9conomique de 1996-97, accompagn\u00e9e de la faillite de 14 banques et d&rsquo;une hyperinflation d\u00e9passant 300%. Nombreux sont les \u00e9lus \u00e0 exploiter ces craintes, estime l&rsquo;experte, \u00e0 l&rsquo;image du\u00a0<a href=\"http:\/\/www.lefigaro.fr\/international\/bulgarie-un-vote-tendu-dans-un-chaos-favorable-a-l-extreme-droite-prorusse-20241027\" data-fig-type=\"NewsFlash\" data-gtm-custom-categorie=\"navigation\" data-gtm-custom-action=\"crossclick\" data-gtm-custom-label=\"Contextuel\" data-gtm-event=\"customEventSPE\" data-fig-domain=\"LEFIGARO\" target=\"_blank\" rel=\"noopener\">parti d&rsquo;extr\u00eame droite Vazrajdane<\/a>, qui a convoqu\u00e9 un nouveau rassemblement samedi dans la capitale.<\/p>\n<p class=\"fig-paragraph\">Le pr\u00e9sident Roumen Radev a surpris d\u00e9but mai en r\u00e9clamant l&rsquo;organisation d&rsquo;un r\u00e9f\u00e9rendum sur le sujet. Et il a rench\u00e9ri cette semaine en accusant le gouvernement de ne pas avoir mis en place les mesures n\u00e9cessaires pour permettre aux \u00abplus vuln\u00e9rables\u00bb de supporter un \u00e9ventuel choc des prix. Un tiers des Bulgares vivaient l&rsquo;an dernier sous la menace de la pauvret\u00e9 ou de l&rsquo;exclusion sociale, d&rsquo;apr\u00e8s les statistiques d&rsquo;Eurostat.<\/p>\n<p class=\"fig-paragraph\">Le chef d&rsquo;\u00c9tat \u00abf\u00e9d\u00e8re les peurs et s&rsquo;adresse aux d\u00e9sabus\u00e9s, aux oubli\u00e9s. C&rsquo;est un geste politique bien calcul\u00e9\u00bb, commente Boriana Dimitrova. Cette proposition jug\u00e9e \u00abinconstitutionnelle\u00bb a soulev\u00e9 un toll\u00e9 du c\u00f4t\u00e9 des juristes et la pr\u00e9sidente de l&rsquo;Assembl\u00e9e Natalia Kisselova a refus\u00e9 de la soumettre au vote. Mais elle a suffi \u00e0 raviver la propagande anti-UE.<\/p>\n<p class=\"fig-body-link\">\n            \u00c0 lire aussi<br \/>\n        <a class=\"fig-body-link__link fig-premium-mark\" href=\"http:\/\/www.lefigaro.fr\/histoire\/archives\/il-y-a-20-ans-l-euro-s-installait-dans-les-porte-monnaie-20211229\" target=\"_blank\" data-fig-type=\"Article\" rel=\"noopener\" data-gtm-custom-categorie=\"navigation\" data-gtm-custom-action=\"crossclick\" data-gtm-custom-label=\"Contextuel\" data-gtm-event=\"customEventSPE\" data-fig-domain=\"LEFIGARO\">Il y a 20 ans, l&rsquo;euro s&rsquo;installait dans les porte-monnaie<br \/>\n    <\/a>\n<\/p>\n<p>Infox sur les r\u00e9seaux sociaux<\/p>\n<p class=\"fig-paragraph\">Parmi les infox les plus r\u00e9pandues sur les r\u00e9seaux sociaux, on apprend que \u00abBruxelles va confisquer vos \u00e9conomies pour financer l&rsquo;Ukraine\u00bb. Ou encore que le lev serait la monnaie la plus ancienne d&rsquo;Europe et qu&rsquo;il faut donc \u00e0 tout prix sauver \u00able lion bulgare\u00bb, signification du mot \u00ablev\u00bb. M\u00eame des humoristes relaient ces fausses informations \u00e0 travers des clips vid\u00e9o cumulant des millions de vues sur Facebook et TikTok.<\/p>\n<p class=\"fig-paragraph\">En face, les voix pro-europ\u00e9ennes ont bien du mal \u00e0 se faire entendre. Pour ces d\u00e9fenseurs d&rsquo;un passage \u00e0 l&rsquo;euro, ce serait un pas important vers l&rsquo;ancrage g\u00e9opolitique occidental et une protection\u00a0<a href=\"http:\/\/www.lefigaro.fr\/flash-actu\/zelensky-en-bulgarie-kiev-tente-d-entrainer-plus-de-pays-dans-le-conflit-selon-le-kremlin-20230706\" data-fig-type=\"NewsFlash\" data-gtm-custom-categorie=\"navigation\" data-gtm-custom-action=\"crossclick\" data-gtm-custom-label=\"Contextuel\" data-gtm-event=\"customEventSPE\" data-fig-domain=\"LEFIGARO\" target=\"_blank\" rel=\"noopener\">contre l&rsquo;influence du Kremlin<\/a>. \u00ab\u00c0 Sofia et dans les grandes villes, la population &#8211; plus riche, plus instruite et plus jeune &#8211; y voit une \u00e9tape logique dans le processus d&rsquo;int\u00e9gration europ\u00e9enne, apr\u00e8s l&rsquo;adh\u00e9sion \u00e0 l&rsquo;UE et \u00e0 l&rsquo;espace Schengen\u00bb d\u00e9but 2025, souligne Boriana Dimitrova.<\/p>\n<p class=\"fig-paragraph\">Les institutions et les banques sont pr\u00eates, et le design des pi\u00e8ces a m\u00eame \u00e9t\u00e9 choisi, avec pour celles de deux euros l&rsquo;inscription\u00a0: \u00abDieu, prot\u00e8ge la Bulgarie\u00bb. Mais signe du manque d&rsquo;information et du sentiment d&rsquo;inf\u00e9riorit\u00e9 encore tr\u00e8s r\u00e9pandu dans ce pays p\u00e9riph\u00e9rique, \u00abcertains me demandent encore si l&rsquo;euro bulgare sera valable et aura la m\u00eame valeur\u00bb en France ou en Allemagne, s&rsquo;amuse l&rsquo;analyste.<\/p>\n","protected":false},"excerpt":{"rendered":"En Bulgarie, la fronde monte contre l\u2019entr\u00e9e imminente du pays des Balkans dans la zone euro. Manifestations, appel&hellip;\n","protected":false},"author":2,"featured_media":141387,"comment_status":"","ping_status":"","sticky":false,"template":"","format":"standard","meta":{"footnotes":""},"categories":[5],"tags":[339,11,340,2360,9043,343,345,350,130,344,352,349,33,341,313,450,1011,27,346,342,14,353,351,347,12,348,354,28,8408],"class_list":{"0":"post-141386","1":"post","2":"type-post","3":"status-publish","4":"format-standard","5":"has-post-thumbnail","7":"category-international","8":"tag-actualite-economique","9":"tag-actualites","10":"tag-bourse","11":"tag-bruxelles","12":"tag-bulgarie","13":"tag-cac-40","14":"tag-chef-dentreprise","15":"tag-concurrence","16":"tag-consommation","17":"tag-creation-dentreprise","18":"tag-crise","19":"tag-delocalisations","20":"tag-economie","21":"tag-emploi","22":"tag-entreprises","23":"tag-euro","24":"tag-fr","25":"tag-france","26":"tag-grands-patrons","27":"tag-impots","28":"tag-international","29":"tag-licenciements","30":"tag-monopole","31":"tag-multinationales","32":"tag-news","33":"tag-privatisation","34":"tag-unio","35":"tag-world","36":"tag-zone-euro"},"share_on_mastodon":{"url":"https:\/\/pubeurope.com\/@fr\/114601836124580139","error":""},"_links":{"self":[{"href":"https:\/\/www.europesays.com\/fr\/wp-json\/wp\/v2\/posts\/141386","targetHints":{"allow":["GET"]}}],"collection":[{"href":"https:\/\/www.europesays.com\/fr\/wp-json\/wp\/v2\/posts"}],"about":[{"href":"https:\/\/www.europesays.com\/fr\/wp-json\/wp\/v2\/types\/post"}],"author":[{"embeddable":true,"href":"https:\/\/www.europesays.com\/fr\/wp-json\/wp\/v2\/users\/2"}],"replies":[{"embeddable":true,"href":"https:\/\/www.europesays.com\/fr\/wp-json\/wp\/v2\/comments?post=141386"}],"version-history":[{"count":0,"href":"https:\/\/www.europesays.com\/fr\/wp-json\/wp\/v2\/posts\/141386\/revisions"}],"wp:featuredmedia":[{"embeddable":true,"href":"https:\/\/www.europesays.com\/fr\/wp-json\/wp\/v2\/media\/141387"}],"wp:attachment":[{"href":"https:\/\/www.europesays.com\/fr\/wp-json\/wp\/v2\/media?parent=141386"}],"wp:term":[{"taxonomy":"category","embeddable":true,"href":"https:\/\/www.europesays.com\/fr\/wp-json\/wp\/v2\/categories?post=141386"},{"taxonomy":"post_tag","embeddable":true,"href":"https:\/\/www.europesays.com\/fr\/wp-json\/wp\/v2\/tags?post=141386"}],"curies":[{"name":"wp","href":"https:\/\/api.w.org\/{rel}","templated":true}]}}