{"id":141392,"date":"2025-05-31T09:55:08","date_gmt":"2025-05-31T09:55:08","guid":{"rendered":"https:\/\/www.europesays.com\/fr\/141392\/"},"modified":"2025-05-31T09:55:08","modified_gmt":"2025-05-31T09:55:08","slug":"saint-etienne-les-velos-en-libre-service-evoluent-voici-les-nouvelles-regles","status":"publish","type":"post","link":"https:\/\/www.europesays.com\/fr\/141392\/","title":{"rendered":"Saint-Etienne. Les v\u00e9los en libre service \u00e9voluent : voici les nouvelles r\u00e8gles"},"content":{"rendered":"<p>            Par<br \/>\n        <strong><br \/>\n            <a href=\"https:\/\/actu.fr\/auteur\/mathias-souteyrat\" title=\"Consulter tous les articles de Mathias Souteyrat\" target=\"_blank\" rel=\"noopener\">Mathias Souteyrat<\/a><br \/>\n        <\/strong><\/p>\n<p>        Publi\u00e9 le<\/p>\n<p>            31 mai 2025 \u00e0 11h30        <\/p>\n<p>La <a href=\"https:\/\/actu.fr\/tag\/saint-etienne-metropole\" target=\"_blank\" rel=\"noopener\">M\u00e9tropole de Saint-Etienne<\/a> esp\u00e8re un nouvel \u00e9lan pour les <a href=\"https:\/\/actu.fr\/auvergne-rhone-alpes\/saint-etienne_42218\/saint-etienne-ou-sont-passes-les-veliverts-le-coup-de-gueule-d-un-habitant_61834858.html\" target=\"_blank\" rel=\"noopener\">V\u00e9liverts<\/a>. Apr\u00e8s de gros probl\u00e8mes (pannes, maintenance, casses, incivilit\u00e9s), le nombre de <a href=\"https:\/\/actu.fr\/auvergne-rhone-alpes\/saint-etienne_42218\/saint-etienne-voici-les-stations-velivert-les-plus-utilisees-des-chiffres-devoiles_62474866.html\" target=\"_blank\" rel=\"noopener\">v\u00e9los<\/a> en libre-service disponibles \u00e9tait tomb\u00e9 \u00e0 150 en juillet\u00a02024 en plein JO. La disponibilit\u00e9 des bicyclettes est remont\u00e9e \u00e0 l\u2019hiver 2024\/2025 \u00e0 400-450 v\u00e9los. L\u2019objectif est de 700 au printemps.<br \/>Gratuit\u00e9, p\u00e9nalit\u00e9\u2026 \u00c0 partir du 1er\u00a0juin 2025, les r\u00e8gles concernant leur utilisation \u00e9voluent.<\/p>\n<p>La gratuit\u00e9 passe de 30\u00a0minutes par trajet \u00e0 1h par jour<\/p>\n<p class=\" wall-content\">La gratuit\u00e9 passe de 30\u00a0minutes par trajet \u00e0 1h par jour. Le but\u2009? Limiter les d\u00e9rives (v\u00e9los rendus en station et repris imm\u00e9diatement, plusieurs fois par jour). \u00ab\u2009C\u2019est plus de v\u00e9los en station\u2009!\u2009\u00bb<\/p>\n<p>P\u00e9nalit\u00e9s financi\u00e8res<\/p>\n<p class=\" wall-content\">La m\u00e9tropole annonce l\u2019instauration de p\u00e9nalit\u00e9s financi\u00e8res pour les mauvais usages.<\/p>\n<p class=\" wall-content\">\u00ab\u2009\u00catre deux sur un seul v\u00e9lo, c\u2019est l\u2019ab\u00eemer, engendrant une immobilisation et des co\u00fbts d\u2019entretien suppl\u00e9mentaires, support\u00e9s par tous. Un v\u00e9lo abandonn\u00e9 n\u2019importe o\u00f9, c\u2019est un v\u00e9lo qui n\u2019est pas disponible pour d\u2019autres, et une \u00e9quipe mobilis\u00e9e pour aller le chercher. Ces mauvais usages, d\u00e9sormais, c\u2019est\u2009: <strong>35\u00a0\u20ac d\u2019amende<\/strong>, plus l\u2019\u00e9ventuel co\u00fbt des r\u00e9parations.\u2009\u00bb<\/p>\n<p>De nouvelles modalit\u00e9s d\u2019abonnement<\/p>\n<p class=\" wall-content\">Jusqu\u2019\u00e0 pr\u00e9sent, la cr\u00e9ation d\u2019un compte pour un abonnement n\u2019\u00e9tait soumise qu\u2019au d\u00e9p\u00f4t d\u2019une adresse mail et d\u2019un num\u00e9ro de carte bancaire. Ce qui ne permettait pas de contacter les usagers en cas de probl\u00e8me.<\/p>\n<p class=\" wall-content\">Pour s\u2019abonner, il faudra d\u00e9sormais d\u00e9poser un justificatif de domicile et d\u2019un document d\u2019identit\u00e9 seront d\u00e9sormais n\u00e9cessaires. \u00ab\u2009Les auteurs de mauvais usages seront plus facilement identifi\u00e9s, et sanctionn\u00e9s.\u2009\u00bb<\/p>\n<p>V\u00e9livert en chiffres<\/p>\n<p>Depuis la mise en place des v\u00e9los \u00e9lectriques :<br \/>&#8211; 1890 trajets par jour<br \/>&#8211; 1,3 million de trajets<br \/>&#8211; Plus de 1 000 utilisateurs par jour<br \/>&#8211; 3,6 millions de kms depuis le lancement<br \/>&#8211; 240 tonnes de CO\u00b2 \u00e9vit\u00e9es dans l&rsquo;atmosph\u00e8re<\/p>\n<p>Voir toutDes d\u00e9lais de paiement rallong\u00e9s, une application mobile pour la location<\/p>\n<p class=\" wall-content\">Fini le paiement au trajet : vous serez d\u00e9bit\u00e9s apr\u00e8s 10 jours ou 10 \u20ac de consommation.<\/p>\n<p class=\" wall-content\">\u00ab\u00a0Vous pouvez emprunter un v\u00e9lo rapidement depuis l\u2019application V\u00e9livert et le d\u00e9verrouiller en scannant son QR code, ou via votre carte O\u00f9RA\u2009!\u2009Un souci sur votre v\u00e9lo\u2009? Signalez directement depuis l\u2019application gratuite V\u00e9livert, pour permettre une intervention rapide des techniciens\u00a0\u00bb, termine la M\u00e9tropole.<\/p>\n<p class=\" wall-content\">Suivez toute l\u2019actualit\u00e9 de vos villes et m\u00e9dias favoris en vous inscrivant \u00e0 <a href=\"https:\/\/moncompte.actu.fr\" title=\"D\u00e9couvez Mon Actu\" rel=\"nofollow noopener\" data-trk=\"{&quot;cta&quot;:{&quot;action&quot;:&quot;https:\\\/\\\/moncompte.actu.fr&quot;,&quot;category&quot;:&quot;mon compte&quot;,&quot;from&quot;:&quot;article footer&quot;,&quot;name&quot;:&quot;Mon actu&quot;,&quot;type&quot;:&quot;cta&quot;}}\" target=\"_blank\">Mon Actu<\/a>.<\/p>\n<ul class=\"ac-article-tag wall-content\">\n<li><a href=\"https:\/\/actu.fr\/tag\/saint-etienne-metropole\" data-trk=\"{&quot;cta&quot;:{&quot;action&quot;:&quot;Saint-\\u00c9tienne M\\u00e9tropole&quot;,&quot;category&quot;:&quot;tag&quot;,&quot;from&quot;:&quot;article footer&quot;,&quot;name&quot;:&quot;Saint-\\u00c9tienne M\\u00e9tropole&quot;,&quot;type&quot;:&quot;cta&quot;}}\" target=\"_blank\" rel=\"noopener\">#Saint-\u00c9tienne M\u00e9tropole<\/a><\/li>\n<li><a href=\"https:\/\/actu.fr\/tag\/velo\" data-trk=\"{&quot;cta&quot;:{&quot;action&quot;:&quot;V\\u00e9lo&quot;,&quot;category&quot;:&quot;tag&quot;,&quot;from&quot;:&quot;article footer&quot;,&quot;name&quot;:&quot;V\\u00e9lo&quot;,&quot;type&quot;:&quot;cta&quot;}}\" target=\"_blank\" rel=\"noopener\">#V\u00e9lo<\/a><\/li>\n<\/ul>\n","protected":false},"excerpt":{"rendered":"Par Mathias Souteyrat Publi\u00e9 le 31 mai 2025 \u00e0 11h30 La M\u00e9tropole de Saint-Etienne esp\u00e8re un nouvel \u00e9lan&hellip;\n","protected":false},"author":2,"featured_media":141393,"comment_status":"","ping_status":"","sticky":false,"template":"","format":"standard","meta":{"footnotes":""},"categories":[9653],"tags":[1111,11,2430,1777,674,1011,27,12,25,4001,10060,104,208],"class_list":{"0":"post-141392","1":"post","2":"type-post","3":"status-publish","4":"format-standard","5":"has-post-thumbnail","7":"category-saint-etienne","8":"tag-actu","9":"tag-actualites","10":"tag-auvergne-rhone-alpes","11":"tag-eu","12":"tag-europe","13":"tag-fr","14":"tag-france","15":"tag-news","16":"tag-republique-francaise","17":"tag-saint-etienne","18":"tag-saint-etienne-metropole","19":"tag-societe","20":"tag-velo"},"share_on_mastodon":{"url":"https:\/\/pubeurope.com\/@fr\/114601847923468138","error":""},"_links":{"self":[{"href":"https:\/\/www.europesays.com\/fr\/wp-json\/wp\/v2\/posts\/141392","targetHints":{"allow":["GET"]}}],"collection":[{"href":"https:\/\/www.europesays.com\/fr\/wp-json\/wp\/v2\/posts"}],"about":[{"href":"https:\/\/www.europesays.com\/fr\/wp-json\/wp\/v2\/types\/post"}],"author":[{"embeddable":true,"href":"https:\/\/www.europesays.com\/fr\/wp-json\/wp\/v2\/users\/2"}],"replies":[{"embeddable":true,"href":"https:\/\/www.europesays.com\/fr\/wp-json\/wp\/v2\/comments?post=141392"}],"version-history":[{"count":0,"href":"https:\/\/www.europesays.com\/fr\/wp-json\/wp\/v2\/posts\/141392\/revisions"}],"wp:featuredmedia":[{"embeddable":true,"href":"https:\/\/www.europesays.com\/fr\/wp-json\/wp\/v2\/media\/141393"}],"wp:attachment":[{"href":"https:\/\/www.europesays.com\/fr\/wp-json\/wp\/v2\/media?parent=141392"}],"wp:term":[{"taxonomy":"category","embeddable":true,"href":"https:\/\/www.europesays.com\/fr\/wp-json\/wp\/v2\/categories?post=141392"},{"taxonomy":"post_tag","embeddable":true,"href":"https:\/\/www.europesays.com\/fr\/wp-json\/wp\/v2\/tags?post=141392"}],"curies":[{"name":"wp","href":"https:\/\/api.w.org\/{rel}","templated":true}]}}