{"id":141396,"date":"2025-05-31T09:57:11","date_gmt":"2025-05-31T09:57:11","guid":{"rendered":"https:\/\/www.europesays.com\/fr\/141396\/"},"modified":"2025-05-31T09:57:11","modified_gmt":"2025-05-31T09:57:11","slug":"nancy-un-appartement-en-location-detruit-par-le-feu-place-saint-epvre","status":"publish","type":"post","link":"https:\/\/www.europesays.com\/fr\/141396\/","title":{"rendered":"Nancy. Un appartement en location d\u00e9truit par le feu, place Saint-Epvre"},"content":{"rendered":"<p>Les pompiers de la caserne Rives-de-Meurthe sont intervenus ce samedi 31\u00a0mai, vers 6\u00a0h\u00a015, pour un incendie qui s\u2019\u00e9tait d\u00e9clar\u00e9 dans un logement du 3e  et dernier \u00e9tage d\u2019un immeuble du n\u00b0\u00a011 place Saint-Epvre, \u00e0 Nancy. Le b\u00e2timent abrite plusieurs appartements \u00e0 louer sur des plateformes de r\u00e9servation en ligne. Au rez-de-chauss\u00e9e, la Mer \u00c9g\u00e9e, un \u00e9tablissement de restauration rapide, ne semblait pas avoir subi de d\u00e9gradations des suites du sinistre.<\/p>\n<p>Le logement d\u2019une trentaine de m\u00e8tres carr\u00e9s, a priori vide \u00e0 l\u2019arriv\u00e9e des pompiers, a \u00e9t\u00e9 totalement d\u00e9truit. L\u2019intervention des secours a permis d\u2019\u00e9viter que le feu ne se propage \u00e0 l\u2019ensemble de l\u2019immeuble ainsi qu\u2019\u00e0 ceux mitoyens, dans le c\u0153ur de la vieille ville.<\/p>\n<p>Deux personnes, qui logeaient sur le m\u00eame palier que l\u2019appartement sinistr\u00e9, ont \u00e9t\u00e9 \u00e9vacu\u00e9es.<\/p>\n<p>Pour l\u2019heure, l\u2019origine du feu est ind\u00e9termin\u00e9e. Samedi matin, vers 10 heures, une patrouille de police attendait le propri\u00e9taire pour les besoins de l\u2019enqu\u00eate.<\/p>\n","protected":false},"excerpt":{"rendered":"Les pompiers de la caserne Rives-de-Meurthe sont intervenus ce samedi 31\u00a0mai, vers 6\u00a0h\u00a015, pour un incendie qui s\u2019\u00e9tait&hellip;\n","protected":false},"author":2,"featured_media":141397,"comment_status":"","ping_status":"","sticky":false,"template":"","format":"standard","meta":{"footnotes":""},"categories":[9635],"tags":[1111,11,1704,1777,674,274,1011,27,775,1310,3457,1702,1703,12,25],"class_list":{"0":"post-141396","1":"post","2":"type-post","3":"status-publish","4":"format-standard","5":"has-post-thumbnail","7":"category-nancy","8":"tag-actu","9":"tag-actualites","10":"tag-edition-nancy-et-agglomeration","11":"tag-eu","12":"tag-europe","13":"tag-faits-divers-justice","14":"tag-fr","15":"tag-france","16":"tag-grand-est","17":"tag-incendie","18":"tag-meurthe-et-moselle","19":"tag-nancy","20":"tag-nancy-ville-54b","21":"tag-news","22":"tag-republique-francaise"},"share_on_mastodon":{"url":"https:\/\/pubeurope.com\/@fr\/114601855811589140","error":""},"_links":{"self":[{"href":"https:\/\/www.europesays.com\/fr\/wp-json\/wp\/v2\/posts\/141396","targetHints":{"allow":["GET"]}}],"collection":[{"href":"https:\/\/www.europesays.com\/fr\/wp-json\/wp\/v2\/posts"}],"about":[{"href":"https:\/\/www.europesays.com\/fr\/wp-json\/wp\/v2\/types\/post"}],"author":[{"embeddable":true,"href":"https:\/\/www.europesays.com\/fr\/wp-json\/wp\/v2\/users\/2"}],"replies":[{"embeddable":true,"href":"https:\/\/www.europesays.com\/fr\/wp-json\/wp\/v2\/comments?post=141396"}],"version-history":[{"count":0,"href":"https:\/\/www.europesays.com\/fr\/wp-json\/wp\/v2\/posts\/141396\/revisions"}],"wp:featuredmedia":[{"embeddable":true,"href":"https:\/\/www.europesays.com\/fr\/wp-json\/wp\/v2\/media\/141397"}],"wp:attachment":[{"href":"https:\/\/www.europesays.com\/fr\/wp-json\/wp\/v2\/media?parent=141396"}],"wp:term":[{"taxonomy":"category","embeddable":true,"href":"https:\/\/www.europesays.com\/fr\/wp-json\/wp\/v2\/categories?post=141396"},{"taxonomy":"post_tag","embeddable":true,"href":"https:\/\/www.europesays.com\/fr\/wp-json\/wp\/v2\/tags?post=141396"}],"curies":[{"name":"wp","href":"https:\/\/api.w.org\/{rel}","templated":true}]}}