{"id":141406,"date":"2025-05-31T10:02:17","date_gmt":"2025-05-31T10:02:17","guid":{"rendered":"https:\/\/www.europesays.com\/fr\/141406\/"},"modified":"2025-05-31T10:02:17","modified_gmt":"2025-05-31T10:02:17","slug":"la-banksy-modeste-collection-investit-le-musee-parcelle473","status":"publish","type":"post","link":"https:\/\/www.europesays.com\/fr\/141406\/","title":{"rendered":"la Banksy Modeste Collection investit le mus\u00e9e Parcelle473"},"content":{"rendered":"<p>\n\t\t\t\t\tDu 31 mai au 15 juin la Bansky Modeste Collection d\u00e9barque \u00e0 Montpellier au mus\u00e9e Parcelle473, avec plus de 250 oeuvres et objets pour d\u00e9couvrir l&rsquo;artiste.\t\t\t\t<\/p>\n<p>\n\t\t\t\t\t\t\t\t\t\u00a9 InfOccitanie \u2013 A.F \/ Plus de 250 oeuvres sont \u00e0 d\u00e9couvrir.\t\t\t\t\t\t\t\t<\/p>\n<p>Le street-artiste Banksy est \u00e0 l\u2019honneur pendant quinze jours au mus\u00e9e <strong>Parcelle473<\/strong> \u00e0 <a href=\"https:\/\/infoccitanie.fr\/tag\/montpellier\/\" rel=\"nofollow noopener\" target=\"_blank\"><strong>Montpellier <\/strong><\/a>avec la venue de la <strong><a href=\"https:\/\/www.banksymodestecollection.fr\/\" target=\"_blank\" rel=\"nofollow noopener\">Banksy Modeste Collection<\/a><\/strong>. Durant l\u2019exposition le public peut ainsi d\u00e9couvrir les <strong>plus de 250 oeuvres et objets afin de d\u00e9couvrir l\u2019artiste<\/strong> et comprendre son parcours et son engagement. \u00ab\u00a0Pour nous, c\u2019est tr\u00e8s important d\u2019accueillir la collection ici parce que \u00e7a correspond \u00e0 nos valeurs. On ne veut pas que l\u2019art soit \u00e9litiste\u00a0\u00bb, explique Laurent Rigail, fondateur de <strong>Parcelle473<\/strong>.<\/p>\n<p><img fetchpriority=\"high\" decoding=\"async\" width=\"1024\" height=\"768\" src=\"https:\/\/www.europesays.com\/fr\/wp-content\/uploads\/2025\/05\/4585-montpellier-1024x768.jpg\" alt=\"\" class=\"wp-image-114613\"  \/>InfOccitanie \u2013 A.F \/ Banksy Modeste Collection<\/p>\n<p>Perp\u00e9tuer les valeurs de Banksy<\/p>\n<p>Des valeurs partag\u00e9es par la Banksy Modeste Collection. \u00ab\u00a0Notre objectif est de mettre en lumi\u00e8re les associations, celles qui font vraiment bouger la soci\u00e9t\u00e9 dans le bon sens. Il ne s\u2019agit pas de faire la promotion de Banksy. Il n\u2019a pas besoin de nous pour \u00e7a. Mais il a accept\u00e9 que nous utilisions sa notori\u00e9t\u00e9 pour servir cette cause\u00a0\u00bb, insiste Thierry Angles, fondateur de la Banksy Modeste Collection. Alors, pour perp\u00e9tuer les valeurs de Banksy, l\u2019exposition est gratuite : elle offre aux visiteurs la possibilit\u00e9 de faire un don \u00e0 la sortie, <strong>don <\/strong>qui sera revers\u00e9 \u00e0 des associations.<\/p>\n<p>Les associations au coeur du projet<\/p>\n<p>Ces derni\u00e8res sont \u00e9galement pr\u00e9sentes tout au long de l\u2019exposition afin d\u2019assurer un r\u00f4le de m\u00e9diation aupr\u00e8s des visiteurs. Parmi elles, le <strong>Comit\u00e9 de quartier des Hauts de Massane<\/strong> qui oeuvre \u00ab\u00a0pour l\u2019accompagnement vers l\u2019autonomie et l\u2019\u00e9mancipation, principalement \u00e0 travers la culture\u00a0\u00bb, lance Manuella, pr\u00e9sidente de l\u2019association. Le Comit\u00e9 de quartier des Hauts de Massane a pour objectif d\u2019utiliser la culture comme un m\u00e9diateur social, en l\u2019installant dans l\u2019espace public, notamment avec la cr\u00e9ation de <strong>L\u2019Air Libre \u00e0 la Paillade<\/strong>. Un projet visant \u00e0 installer un kiosque en plein air, mutualis\u00e9 et \u00e0 disposition des associations pour y organiser des activit\u00e9s culturelles ouvertes \u00e0 tous. \u00ab\u00a0Nous avons aussi cr\u00e9\u00e9 la premi\u00e8re galerie d\u2019exposition de la Paillade\u00a0\u00bb, explique la pr\u00e9sidente. Alors soutenir la <strong>Banksy Modeste Collection<\/strong> est apparu comme une \u00e9vidence. \u00ab\u00a0Cette exposition s\u2019inscrit parfaitement dans cette logique. D\u00e8s que nous avons re\u00e7u l\u2019e-mail de la BMC, j\u2019ai imm\u00e9diatement r\u00e9pondu\u00a0\u00bb, d\u00e9clare Manuella.<\/p>\n<p><strong>L\u2019exposition est \u00e0 d\u00e9couvrir jusqu\u2019au 15 juin prochain au mus\u00e9e Parcelle 473.<\/strong><\/p>\n<p><img loading=\"lazy\" decoding=\"async\" width=\"1024\" height=\"768\" src=\"https:\/\/www.europesays.com\/fr\/wp-content\/uploads\/2025\/05\/4666-montpellier-1024x768.jpg\" alt=\"\" class=\"wp-image-114619\"  \/>InfOccitanie \u2013 A.F \/ Banksy Modeste Collection<\/p>\n<p><img loading=\"lazy\" decoding=\"async\" width=\"1024\" height=\"768\" src=\"https:\/\/www.europesays.com\/fr\/wp-content\/uploads\/2025\/05\/4620-montpellier-1024x768.jpg\" alt=\"\" class=\"wp-image-114618\"  \/>InfOccitanie \u2013 A.F \/ Banksy Modeste Collection<\/p>\n<p><img loading=\"lazy\" decoding=\"async\" width=\"1024\" height=\"768\" src=\"https:\/\/www.europesays.com\/fr\/wp-content\/uploads\/2025\/05\/4613-montpellier-1024x768.jpg\" alt=\"\" class=\"wp-image-114617\"  \/>InfOccitanie \u2013 A.F \/ Banksy Modeste Collection<\/p>\n<p><img loading=\"lazy\" decoding=\"async\" width=\"1024\" height=\"768\" src=\"https:\/\/www.europesays.com\/fr\/wp-content\/uploads\/2025\/05\/4592-montpellier-1024x768.jpg\" alt=\"\" class=\"wp-image-114614\"  \/>InfOccitanie \u2013 A.F \/ Banksy Modeste Collection<\/p>\n","protected":false},"excerpt":{"rendered":"Du 31 mai au 15 juin la Bansky Modeste Collection d\u00e9barque \u00e0 Montpellier au mus\u00e9e Parcelle473, avec plus&hellip;\n","protected":false},"author":2,"featured_media":141407,"comment_status":"","ping_status":"","sticky":false,"template":"","format":"standard","meta":{"footnotes":""},"categories":[9599],"tags":[1111,11,1777,674,3293,1011,27,2208,12,2680,25],"class_list":{"0":"post-141406","1":"post","2":"type-post","3":"status-publish","4":"format-standard","5":"has-post-thumbnail","7":"category-montpellier","8":"tag-actu","9":"tag-actualites","10":"tag-eu","11":"tag-europe","12":"tag-exposition","13":"tag-fr","14":"tag-france","15":"tag-montpellier","16":"tag-news","17":"tag-occitanie","18":"tag-republique-francaise"},"share_on_mastodon":{"url":"https:\/\/pubeurope.com\/@fr\/114601875639862056","error":""},"_links":{"self":[{"href":"https:\/\/www.europesays.com\/fr\/wp-json\/wp\/v2\/posts\/141406","targetHints":{"allow":["GET"]}}],"collection":[{"href":"https:\/\/www.europesays.com\/fr\/wp-json\/wp\/v2\/posts"}],"about":[{"href":"https:\/\/www.europesays.com\/fr\/wp-json\/wp\/v2\/types\/post"}],"author":[{"embeddable":true,"href":"https:\/\/www.europesays.com\/fr\/wp-json\/wp\/v2\/users\/2"}],"replies":[{"embeddable":true,"href":"https:\/\/www.europesays.com\/fr\/wp-json\/wp\/v2\/comments?post=141406"}],"version-history":[{"count":0,"href":"https:\/\/www.europesays.com\/fr\/wp-json\/wp\/v2\/posts\/141406\/revisions"}],"wp:featuredmedia":[{"embeddable":true,"href":"https:\/\/www.europesays.com\/fr\/wp-json\/wp\/v2\/media\/141407"}],"wp:attachment":[{"href":"https:\/\/www.europesays.com\/fr\/wp-json\/wp\/v2\/media?parent=141406"}],"wp:term":[{"taxonomy":"category","embeddable":true,"href":"https:\/\/www.europesays.com\/fr\/wp-json\/wp\/v2\/categories?post=141406"},{"taxonomy":"post_tag","embeddable":true,"href":"https:\/\/www.europesays.com\/fr\/wp-json\/wp\/v2\/tags?post=141406"}],"curies":[{"name":"wp","href":"https:\/\/api.w.org\/{rel}","templated":true}]}}