{"id":141408,"date":"2025-05-31T10:03:08","date_gmt":"2025-05-31T10:03:08","guid":{"rendered":"https:\/\/www.europesays.com\/fr\/141408\/"},"modified":"2025-05-31T10:03:08","modified_gmt":"2025-05-31T10:03:08","slug":"cest-quoi-le-protoxyde-dazote-retrouve-dans-les-voitures-en-feu","status":"publish","type":"post","link":"https:\/\/www.europesays.com\/fr\/141408\/","title":{"rendered":"c&rsquo;est quoi le protoxyde d&rsquo;azote retrouv\u00e9 dans les voitures en feu\u00a0?"},"content":{"rendered":"<p>            Par<br \/>\n        <strong><br \/>\n            <a href=\"https:\/\/actu.fr\/auteur\/julien-bouteiller\" title=\"Consulter tous les articles de Julien Bouteiller\" target=\"_blank\" rel=\"noopener\">Julien Bouteiller<\/a><br \/>\n        <\/strong><\/p>\n<p>        Publi\u00e9 le<\/p>\n<p>            31 mai 2025 \u00e0 11h47        <\/p>\n<p><strong>Un accident dramatique<\/strong> est survenu dans la nuit du 30 au 31 mai 2025 <a href=\"https:\/\/actu.fr\/normandie\/le-petit-quevilly_76498\" target=\"_blank\" rel=\"noopener\">au Petit-Quevilly<\/a>, pr\u00e8s de Rouen. <a href=\"https:\/\/actu.fr\/normandie\/le-petit-quevilly_76498\/accident-au-petit-quevilly-les-voitures-s-embrasent-un-mort-et-deux-blesses-en-urgence-absolue_62711278.html\" target=\"_blank\" rel=\"noopener\">Un homme est mort et deux autres sont dans un \u00e9tat critique<\/a> apr\u00e8s le choc entre deux v\u00e9hicules <strong>qui ont pris feu.\u00a0<\/strong><br \/><strong>Des bonbonnes de protoxyde d\u2019azote<\/strong> ont \u00e9t\u00e9 retrouv\u00e9es \u00e0 bord d\u2019une des voitures. De quoi s\u2019agit-il et comment ont-elles pu contribuer \u00e0 ce drame ? Explications.<\/p>\n<p>Le protoxyde d\u2019azote d\u00e9tourn\u00e9<\/p>\n<p class=\" wall-content\">Originellement, le protoxyde d\u2019azote est utilis\u00e9 en m\u00e9decine, pour de l\u2019anesth\u00e9sie, dans l\u2019industrie, ou bien en cuisine, pour les siphons \u00e0 chantilly. Il peut aussi \u00eatre utilis\u00e9 pour augmenter les performances des moteurs de voiture dans les milieux des courses automobiles ou du tuning. Une pratique interdite en France, hors des circuits homologu\u00e9s.<\/p>\n<p class=\" wall-content\">Mais depuis plusieurs ann\u00e9es,<strong> ce gaz est d\u00e9tourn\u00e9 de ses usages initiaux<\/strong>, pour ses propri\u00e9t\u00e9s euphorisantes. <strong>Inhal\u00e9 dans des ballons ou bien directement dans les cartouches et bonbonnes<\/strong>, il n\u2019est pas rare de voir des conducteurs, souvent jeunes, en consommer au volant.\u00a0<\/p>\n<p>A-t-il contribu\u00e9 \u00e0 l\u2019incendie des voitures au Petit-Quevilly ?<\/p>\n<p class=\" wall-content\">\u00c0 ce stade, rien ne permet d\u2019affirmer que les bonbonnes retrouv\u00e9es sur l\u2019accident ont \u00e9t\u00e9 consomm\u00e9es par l\u2019un des impliqu\u00e9s.<\/p>\n<p class=\" wall-content\">Toutefois, bien qu\u2019elles ne soient pas inflammables directement, <strong>ces bonbonnes peuvent favoriser la combustion<\/strong>, acc\u00e9l\u00e9rant et intensifiant un feu si elles se trouvent \u00e0 proximit\u00e9.\u00a0<\/p>\n<p class=\" wall-content\">Sous pression et confront\u00e9es \u00e0 une chaleur importante, elles peuvent aussi provoquer une explosion.<strong> \u00ab\u00a0Il y a eu trois explosions\u00a0\u00bb<\/strong>, nous indique une femme t\u00e9moin de l\u2019accident au Petit-Quevilly.<\/p>\n<p>Quelles lois pour encadrer le \u00ab\u00a0gaz hilarant\u00a0\u00bb ?<\/p>\n<p class=\" wall-content\"><strong>Le \u00ab\u00a0gaz hilarant\u00a0\u00bb<\/strong> a par ailleurs de nombreux autres risques pour les consommateurs : br\u00fblures par le froid, perte de connaissance, cons\u00e9quences neurologiques graves, troubles psychologiques, addiction, d\u00e9c\u00e8s par manque d\u2019oxyg\u00e8ne\u2026<\/p>\n<p class=\" wall-content\">Selon les Centres d\u2019\u00e9valuation et d\u2019information sur la pharmacod\u00e9pendance-addictovigilance (CEIP-A), la consommation d\u00e9tourn\u00e9e de protoxyde d\u2019azote<strong> a bondi de 30% entre 2022 et 2023<\/strong>. Une enqu\u00eate de l\u2019l\u2019Observatoire fran\u00e7ais des drogues et des tendances addictives (OFDT) rel\u00e8ve que<strong> 6,7% des adultes en ont d\u00e9j\u00e0 consomm\u00e9<\/strong> au cours de leur vie.\u00a0<\/p>\n<p class=\" wall-content\"><strong>La vente de ce produit est interdite aux mineurs<\/strong> depuis 2021. En janvier 2026, l\u2019interdiction totale de la vente aux particuliers, sauf distribution destin\u00e9e aux professionnels, sera effective.\u00a0<\/p>\n<p class=\" wall-content\">En mars dernier, le S\u00e9nat a adopt\u00e9 une proposition de loi<strong> visant \u00e0 punir d\u2019une amende de 450 euros la consommation d\u00e9tourn\u00e9e<\/strong> du protoxyde d\u2019azote. Mais elle n\u2019est pas encore d\u00e9finitivement adopt\u00e9e.<\/p>\n<p>Suivez l\u2019actualit\u00e9 de Rouen <a href=\"https:\/\/www.whatsapp.com\/channel\/0029VaKfnf99hXF2ddApFB1D\" target=\"_blank\" rel=\"noopener\">sur notre cha\u00eene WhatsApp<\/a> et <a href=\"https:\/\/www.tiktok.com\/@76actu.fr?lang=fr\" target=\"_blank\" rel=\"noopener\">sur notre compte TikTok<\/a><\/p>\n<p class=\" wall-content\">Suivez toute l\u2019actualit\u00e9 de vos villes et m\u00e9dias favoris en vous inscrivant \u00e0 <a href=\"https:\/\/moncompte.actu.fr\" title=\"D\u00e9couvez Mon Actu\" rel=\"nofollow noopener\" data-trk=\"{&quot;cta&quot;:{&quot;action&quot;:&quot;https:\\\/\\\/moncompte.actu.fr&quot;,&quot;category&quot;:&quot;mon compte&quot;,&quot;from&quot;:&quot;article footer&quot;,&quot;name&quot;:&quot;Mon actu&quot;,&quot;type&quot;:&quot;cta&quot;}}\" target=\"_blank\">Mon Actu<\/a>.<\/p>\n<p>                    <script async src=\"\/\/www.tiktok.com\/embed.js\"><\/script><\/p>\n","protected":false},"excerpt":{"rendered":"Par Julien Bouteiller Publi\u00e9 le 31 mai 2025 \u00e0 11h47 Un accident dramatique est survenu dans la nuit&hellip;\n","protected":false},"author":2,"featured_media":141409,"comment_status":"","ping_status":"","sticky":false,"template":"","format":"standard","meta":{"footnotes":""},"categories":[9587],"tags":[119,1111,11,1052,1777,674,118,1011,27,12,5161,25,9590,5009],"class_list":{"0":"post-141408","1":"post","2":"type-post","3":"status-publish","4":"format-standard","5":"has-post-thumbnail","7":"category-rouen","8":"tag-accident","9":"tag-actu","10":"tag-actualites","11":"tag-drogue","12":"tag-eu","13":"tag-europe","14":"tag-faits-divers","15":"tag-fr","16":"tag-france","17":"tag-news","18":"tag-normandie","19":"tag-republique-francaise","20":"tag-rouen","21":"tag-securite-routiere"},"share_on_mastodon":{"url":"https:\/\/pubeurope.com\/@fr\/114601879416660139","error":""},"_links":{"self":[{"href":"https:\/\/www.europesays.com\/fr\/wp-json\/wp\/v2\/posts\/141408","targetHints":{"allow":["GET"]}}],"collection":[{"href":"https:\/\/www.europesays.com\/fr\/wp-json\/wp\/v2\/posts"}],"about":[{"href":"https:\/\/www.europesays.com\/fr\/wp-json\/wp\/v2\/types\/post"}],"author":[{"embeddable":true,"href":"https:\/\/www.europesays.com\/fr\/wp-json\/wp\/v2\/users\/2"}],"replies":[{"embeddable":true,"href":"https:\/\/www.europesays.com\/fr\/wp-json\/wp\/v2\/comments?post=141408"}],"version-history":[{"count":0,"href":"https:\/\/www.europesays.com\/fr\/wp-json\/wp\/v2\/posts\/141408\/revisions"}],"wp:featuredmedia":[{"embeddable":true,"href":"https:\/\/www.europesays.com\/fr\/wp-json\/wp\/v2\/media\/141409"}],"wp:attachment":[{"href":"https:\/\/www.europesays.com\/fr\/wp-json\/wp\/v2\/media?parent=141408"}],"wp:term":[{"taxonomy":"category","embeddable":true,"href":"https:\/\/www.europesays.com\/fr\/wp-json\/wp\/v2\/categories?post=141408"},{"taxonomy":"post_tag","embeddable":true,"href":"https:\/\/www.europesays.com\/fr\/wp-json\/wp\/v2\/tags?post=141408"}],"curies":[{"name":"wp","href":"https:\/\/api.w.org\/{rel}","templated":true}]}}