{"id":141420,"date":"2025-05-31T10:10:09","date_gmt":"2025-05-31T10:10:09","guid":{"rendered":"https:\/\/www.europesays.com\/fr\/141420\/"},"modified":"2025-05-31T10:10:09","modified_gmt":"2025-05-31T10:10:09","slug":"zeus-keffieh-bowling-et-foret-qui-parle-2","status":"publish","type":"post","link":"https:\/\/www.europesays.com\/fr\/141420\/","title":{"rendered":"Zeus, keffieh, bowling et for\u00eat qui parle"},"content":{"rendered":"<p>  La citation de la semaine<\/p>\n<p>\u00ab\u00a0Strasbourg ne peut \u00eatre per\u00e7ue comme une collectivit\u00e9 prenant parti.\u00a0\u00bb<\/p>\n<p>C\u2019est le rappel <a href=\"https:\/\/www.dna.fr\/defense-guerre-conflit\/2025\/05\/26\/jumelage-avec-un-camp-palestinien-deux-photos-de-jeanne-barseghian-avec-une-carte-equivoque-et-un-keffieh-sement-la-discorde\" target=\"_blank\" rel=\"nofollow noopener\">lanc\u00e9 par les trois groupes d\u2019opposition municipale<\/a> \u2013 celui de Pierre Jakubowicz (Centristes et Progressistes), de <a href=\"https:\/\/www.dna.fr\/p\/catherine-trautmann\" target=\"_blank\" rel=\"nofollow noopener\">Catherine Trautmann<\/a> (Faire ensemble Strasbourg) et de Jean-Philippe Vetter (Union de la droite et du centre) \u2013 \u00e0 la maire <a href=\"https:\/\/www.dna.fr\/p\/jeanne-barseghian\" target=\"_blank\" rel=\"nofollow noopener\">Jeanne Barseghian<\/a> (Les \u00c9cologistes), apr\u00e8s la publication de deux clich\u00e9s pol\u00e9miques\u00a0: l\u2019un o\u00f9 elle pose avec un keffieh, l\u2019autre o\u00f9 elle re\u00e7oit une carte de la Palestine \u00e0 la fin de la Premi\u00e8re Guerre mondiale \u2013 donc sans Isra\u00ebl.<\/p>\n<p>Alors qu\u2019un jumelage est \u00e0 l\u2019\u00e9tude entre Strasbourg et le camp palestinien d\u2019A\u00efda, situ\u00e9 pr\u00e8s de Bethl\u00e9em, cette image cristallise les critiques\u00a0: accusations de diplomatie unilat\u00e9rale, de calcul \u00e9lectoral, et d\u2019importation du conflit isra\u00e9lo-palestinien dans une ville traditionnellement plac\u00e9e sous le signe du dialogue (europ\u00e9en mais pas que) et de la r\u00e9conciliation.<\/p>\n<p>Un \u00ab\u00a0cadeau protocolaire\u00a0\u00bb qui (para\u00eet-il) ne se refuse pas\u2026<\/p>\n<p>Dans un communiqu\u00e9 publi\u00e9 lundi 26\u00a0mai, la Ville a tenu \u00e0 pr\u00e9ciser le cadre de cette rencontre officielle\u00a0: la d\u00e9l\u00e9gation palestinienne, men\u00e9e par Said Mohammad Abdelrahman Alazzeh, pr\u00e9sident du comit\u00e9 populaire du camp d\u2019A\u00efda, a \u00e9t\u00e9 re\u00e7ue selon les formes habituelles de la diplomatie municipale.<\/p>\n<p>Des \u00e9lus de tous bords avaient \u00e9t\u00e9 invit\u00e9s \u00e0 \u00e9changer avec les visiteurs, pr\u00e9cise le cabinet. Et la maire, affirme son entourage, a r\u00e9it\u00e9r\u00e9 \u00ab\u00a0son engagement en faveur de la paix, du respect des droits humains, de la solution \u00e0 deux \u00c9tats, de la lib\u00e9ration des otages et de l\u2019acc\u00e8s \u00e0 l\u2019aide humanitaire \u00e0 Gaza\u00a0\u00bb.<\/p>\n<p>Quant \u00e0 la carte controvers\u00e9e remise \u00e0 l\u2019h\u00f4tel de ville, elle est pr\u00e9sent\u00e9e comme un \u00ab\u00a0pr\u00e9sent d\u2019usage\u00a0\u00bb, accept\u00e9 dans le cadre du protocole, \u00ab\u00a0sans adh\u00e9sion implicite \u00e0 son contenu\u00a0\u00bb.<\/p>\n<p>  L\u2019histoire de la semaine<\/p>\n<p>M\u00eame les arbres se mettent au storytelling. Cet \u00e9t\u00e9, la place du Ch\u00e2teau <a href=\"https:\/\/www.dna.fr\/culture-loisirs\/2025\/05\/28\/cet-ete-une-petite-foret-va-pousser-sur-la-place-du-chateau\" target=\"_blank\" rel=\"nofollow noopener\">accueillera une installation immersive<\/a> baptis\u00e9e Der Wald\/La for\u00eat\/The forest \u2013 parce qu\u2019\u00e0 Strasbourg, un projet sans trilinguisme, ce n\u2019est pas s\u00e9rieux. Six grands arbres (en bois et feuillages d\u2019aluminium), dont trois bavards, susurreront des contes \u00e0 l\u2019oreille des promeneurs. Oui, vous avez bien lu\u00a0: des arbres qui parlent (probablement sans avoir \u00e9t\u00e9 consult\u00e9s).<\/p>\n<p>L\u2019id\u00e9e\u00a0? Cr\u00e9er un \u00e9crin \u00e0 la fois chill, festif, et \u00ab\u00a0simple d\u2019acc\u00e8s\u00a0\u00bb, pour une programmation estivale orchestr\u00e9e par Fimalac Entertainment (ce n\u2019est plus une animation estivale, c\u2019est la start-up nation aux manettes l\u00e0). Les mercredis, vendredis, samedis soirs et dimanches seront anim\u00e9s de sport, concerts live et autres happenings doux.<\/p>\n<p>C\u00f4t\u00e9 budget, la for\u00eat co\u00fbtera 420\u00a0000\u00a0euros par an\u2026 et reviendra en 2026. Un contrat de deux ans \u00ab\u00a0pour ne pas prendre de court la prochaine municipalit\u00e9\u00a0\u00bb, glisse Guillaume Libsig. S\u00fbr que si alternance il y a, les suivants vont appr\u00e9cier\u2026<\/p>\n<p>  L\u2019histoire de la semaine (bis)<\/p>\n<p>C\u2019est un chantier discret\u2026 mais symbolique\u00a0: le nouveau bowling du parc de l\u2019Orangerie sort de terre \u00e0 vive allure, avec ses 32 pistes, ses 4\u00a0700\u00a0m\u00b2 de surface et ses murs en b\u00e9ton \u00ab\u00a0bas carbone\u00a0\u00bb pr\u00e9fabriqu\u00e9s \u00e0 Bischwiller.<\/p>\n<p>L\u2019ouverture <a href=\"https:\/\/www.dna.fr\/economie\/2025\/05\/26\/a-l-orangerie-un-nouveau-bowling-decarbone-pousse-entre-les-arbres\" target=\"_blank\" rel=\"nofollow noopener\">est annonc\u00e9e pour le 2\u00a0d\u00e9cembre 2025<\/a> , juste \u00e0 temps pour la haute saison des strikes hivernaux.<\/p>\n<p>B\u00e9ton ocre, charpente en bois, panneaux solaires et toilettes publiques (tr\u00e8s) attendues\u00a0: le projet coche toutes les cases du green building\u2026 y compris celle de la paix diplomatique avec les B\u00e2timents de France.<\/p>\n<p>\u00c0 ce rythme, les boules seront compostables d\u2019ici l\u2019inauguration.<\/p>\n<p>Il avait \u00e9lectris\u00e9 la Seine, ensorcel\u00e9 la c\u00e9r\u00e9monie d\u2019ouverture des JO de Paris, et foudroy\u00e9 de sa silhouette d\u2019aluminium les m\u00e9moires mondiales. Dix mois plus tard, Zeus, le cheval d\u2019argent imagin\u00e9 par l\u2019Atelier blam, fait une halte plus calme mais tout aussi saisissante sur la terrasse du palais Rohan.<\/p>\n<p>Une tonne de m\u00e9tal, du galop dans les rouages, et une m\u00e9canique hypnotique qui, m\u00eame immobile, semble vibrer de souvenirs olympiques. Ce n\u2019est pas tous les jours qu\u2019un dieu traverse le Grand-Est, alors on sort les \u00e9coliers, les adjoints, les drapeaux et la musique officielle des JO.<\/p>\n<p>\u00c0 l\u2019unisson, mains pos\u00e9es fa\u00e7on mousquetaires, la maire et les enfants de Sainte-Madeleine <a href=\"https:\/\/www.dna.fr\/culture-loisirs\/2025\/05\/27\/zeus-le-mythique-destrier-des-jo-galope-devant-le-palais-rohan\" target=\"_blank\" rel=\"nofollow noopener\">ont \u00ab\u00a0lib\u00e9r\u00e9 Zeus\u00a0\u00bb pour une chevauch\u00e9e stationnaire<\/a> mais \u00e9mouvante.<\/p>\n<p>\u00c0 voir jusqu\u2019au 8\u00a0juin. Entr\u00e9e gratuite, \u00e9motion garantie (pas de sarcasme ici).<\/p>\n<p>  Le chiffre de la semaine<\/p>\n<p>5,2\u00a0millions d\u2019euros<\/p>\n<p>C\u2019est le budget allou\u00e9 \u00e0 la <a href=\"https:\/\/www.dna.fr\/culture-loisirs\/2025\/05\/29\/grandes-manoeuvres-au-hall-des-chars-le-club-et-l-espace-k-prennent-leur-independance\" target=\"_blank\" rel=\"nofollow noopener\">r\u00e9habilitation du Hall des Chars, \u00e0 la Laiterie<\/a>. Objectif\u00a0: scinder proprement deux \u00e2mes artistiques jusque-l\u00e0 colocataires \u2014 l\u2019Espace K et le Club \u2014 et leur offrir un peu d\u2019intimit\u00e9 (et d\u2019insonorisation).<\/p>\n<p>Concr\u00e8tement\u00a0: deux salles, deux ambiances. Une entr\u00e9e ind\u00e9pendante rue du Ban-de-la-Roche pour le Club, des gradins semi-r\u00e9tractables pour l\u2019Espace K, un sas double peau, des espaces tampons pour ne pas f\u00e2cher les voisins\u2026 et un chantier pr\u00e9vu pour 19 mois \u00e0 partir de septembre\u00a02026.<\/p>\n<p>S\u00e9parer pour mieux r\u00e9concilier\u00a0: la paix des sc\u00e8nes, version Strasbourg.<\/p>\n","protected":false},"excerpt":{"rendered":"La citation de la semaine \u00ab\u00a0Strasbourg ne peut \u00eatre per\u00e7ue comme une collectivit\u00e9 prenant parti.\u00a0\u00bb C\u2019est le rappel&hellip;\n","protected":false},"author":2,"featured_media":141419,"comment_status":"","ping_status":"","sticky":false,"template":"","format":"standard","meta":{"footnotes":""},"categories":[2820],"tags":[1111,11,1984,1687,2880,1777,674,107,1011,27,775,12,316,25,640,2879],"class_list":{"0":"post-141420","1":"post","2":"type-post","3":"status-publish","4":"format-standard","5":"has-post-thumbnail","7":"category-strasbourg","8":"tag-actu","9":"tag-actualites","10":"tag-conseil-municipal","11":"tag-culture-loisirs","12":"tag-edition-strasbourg","13":"tag-eu","14":"tag-europe","15":"tag-fil-info","16":"tag-fr","17":"tag-france","18":"tag-grand-est","19":"tag-news","20":"tag-politique","21":"tag-republique-francaise","22":"tag-strasbourg","23":"tag-strasbourg-ville"},"share_on_mastodon":{"url":"https:\/\/pubeurope.com\/@fr\/114601906879867189","error":""},"_links":{"self":[{"href":"https:\/\/www.europesays.com\/fr\/wp-json\/wp\/v2\/posts\/141420","targetHints":{"allow":["GET"]}}],"collection":[{"href":"https:\/\/www.europesays.com\/fr\/wp-json\/wp\/v2\/posts"}],"about":[{"href":"https:\/\/www.europesays.com\/fr\/wp-json\/wp\/v2\/types\/post"}],"author":[{"embeddable":true,"href":"https:\/\/www.europesays.com\/fr\/wp-json\/wp\/v2\/users\/2"}],"replies":[{"embeddable":true,"href":"https:\/\/www.europesays.com\/fr\/wp-json\/wp\/v2\/comments?post=141420"}],"version-history":[{"count":0,"href":"https:\/\/www.europesays.com\/fr\/wp-json\/wp\/v2\/posts\/141420\/revisions"}],"wp:featuredmedia":[{"embeddable":true,"href":"https:\/\/www.europesays.com\/fr\/wp-json\/wp\/v2\/media\/141419"}],"wp:attachment":[{"href":"https:\/\/www.europesays.com\/fr\/wp-json\/wp\/v2\/media?parent=141420"}],"wp:term":[{"taxonomy":"category","embeddable":true,"href":"https:\/\/www.europesays.com\/fr\/wp-json\/wp\/v2\/categories?post=141420"},{"taxonomy":"post_tag","embeddable":true,"href":"https:\/\/www.europesays.com\/fr\/wp-json\/wp\/v2\/tags?post=141420"}],"curies":[{"name":"wp","href":"https:\/\/api.w.org\/{rel}","templated":true}]}}