{"id":141425,"date":"2025-05-31T10:13:28","date_gmt":"2025-05-31T10:13:28","guid":{"rendered":"https:\/\/www.europesays.com\/fr\/141425\/"},"modified":"2025-05-31T10:13:28","modified_gmt":"2025-05-31T10:13:28","slug":"au-moulin-dangreviers-lelectricite-est-associative","status":"publish","type":"post","link":"https:\/\/www.europesays.com\/fr\/141425\/","title":{"rendered":"Au moulin d\u2019Angreviers, l\u2019\u00e9lectricit\u00e9 est associative"},"content":{"rendered":"<p>Dans la commune de Gorges (Loire-Atlantique), le moulin qui borde la S\u00e8vre Nantaise est le lieu d\u2019une initiative unique en France. En plus d\u2019\u00eatre verte, l\u2019\u00e9lectricit\u00e9 produite ici, au lieu-dit Angreviers est surtout l\u2019\u0153uvre d\u2019un projet associatif. En autogestion et sans aucune logique de profit, assure fi\u00e8rement \u00c9lodie Lancar.<\/p>\n<p>L\u2019id\u00e9e est n\u00e9e dans le sillage de feu le mouvement politique Nantes en commun. Il y avait un besoin d\u2019agir. Reprendre la main sur nos factures d\u2019\u00e9lectricit\u00e9, se r\u00e9approprier les moyens de production, \u00e0 la source, s\u2019enthousiasme la b\u00e9n\u00e9vole. Un petit groupe d\u2019habitants cr\u00e9e une association en 2021 : \u00c9nergie de Nantes. Et tombe sur ce b\u00e2timent assez imposant, install\u00e9 en bordure de la S\u00e8vre Nantaise, en aval de Clisson. Assez vite, les militants associatifs s\u2019entendent avec le propri\u00e9taire du g\u00eete d\u2019Angreviers, qui cherchait \u00e0 d\u00e9l\u00e9guer l\u2019usage de la turbine qu\u2019il avait remise en marche quelques ann\u00e9es plus t\u00f4t.<\/p>\n<p>L\u2019\u00e9nergie de la rivi\u00e8re est convertie en \u00e9nergie \u00e9lectrique, qui peut couvrir les besoins de 40 \u00e0 60 foyers, poursuit \u00c9lodie Lancar. Le syst\u00e8me est implant\u00e9 au premier niveau de l\u2019imposant b\u00e2timent.<\/p>\n<p>\u00ab Moulinistes \u00bb b\u00e9n\u00e9voles<\/p>\n<p>\u00c9nergie de Nantes n\u2019a aucun salari\u00e9, mais turbine gr\u00e2ce \u00e0 15 membres actifs et sa centaine de b\u00e9n\u00e9voles qui donnent ponctuellement des coups de main. Notre \u00e9quipe de moulinistes est mobilis\u00e9e, jusqu\u2019\u00e0 deux fois par semaine en automne, pour nettoyer les grilles qui permet de filtrer l\u2019eau entrant dans la turbine, explique \u00c9lodie Lancar. Sit\u00f4t les grilles nettoy\u00e9es, le d\u00e9bit s\u2019acc\u00e9l\u00e8re et les kW produits remontent en fl\u00e8che.<\/p>\n<p>L\u2019association n\u2019est pas seulement productrice d\u2019\u00e9nergie, elle a \u00e9galement obtenu un agr\u00e9ment minist\u00e9riel pour \u00eatre fournisseur. Elle a sign\u00e9 son premier contrat il y a un an et d\u00e9velopp\u00e9 sa production, en s\u2019associant avec le parc \u00e9olien de Z\u00e9phyr \u00e9nergies, au nord du d\u00e9partement.<\/p>\n<p>Le syst\u00e8me fonctionne ainsi : \u00c9nergie de Nantes injecte dans le r\u00e9seau l\u2019\u00e9quivalent de ce qui est consomm\u00e9 par ses souscripteurs. Concr\u00e8tement, l\u2019\u00e9lectricit\u00e9 d\u2019Angreviers est consomm\u00e9e par le voisinage. Les souscripteurs de tout le d\u00e9partement re\u00e7oivent l\u2019\u00e9quivalent via Enedis.<\/p>\n<p>Un tarif solidaire vot\u00e9<\/p>\n<p>Les tarifs sont d\u00e9cid\u00e9s en assembl\u00e9e en fonction de la sant\u00e9 financi\u00e8re de l\u2019association et des tarifs en cours, explique Steffie Kerzulec, co-pr\u00e9sidente de l\u2019association. Nous ne sommes pas d\u00e9pendants du march\u00e9 et des contextes internationaux. L\u2019association est quasiment autosuffisante : elle produit plus de 90 % de son \u00e9nergie. Elle ach\u00e8te exceptionnellement de l\u2019\u00e9nergie sur les march\u00e9s, d\u2019ordinaire lors de pics de consommation hivernaux. La derni\u00e8re grille tarifaire vot\u00e9e est \u00e9quivalente \u00e0 celle d\u2019EDF. Un tarif solidaire vient aussi d\u2019\u00eatre mis en place, pour les plus pr\u00e9caires. Il permettra d\u2019all\u00e9ger les factures de 10 \u00e0 15 %. Et pour faire baisser sa facture, on peut aussi faire valoir ses coups de main au moulin.<\/p>\n<p>\t<img decoding=\"async\" src=\"https:\/\/www.europesays.com\/fr\/wp-content\/uploads\/2025\/05\/P35260278D6831857G_px_640_.jpg\" alt=\"photo steffie kerzulec et elodie lancar, deux des b\u00e9n\u00e9voles de l\u2019association energie de nantes. un cycle de permanence d\u2019entretien est dress\u00e9 pour assurer le bon fonctionnement de la turbine. ici : le nettoyage des grilles.  \u00a9  elina barbereau \/ ouest-france.\" width=\"640\" title=\" Steffie Kerzulec et Elodie Lancar, deux des b\u00e9n\u00e9voles de l\u2019association Energie de Nantes. Un cycle de permanence d\u2019entretien est dress\u00e9 pour assurer le bon fonctionnement de la turbine. Ici : le nettoyage des grilles.   Elina Barbereau \/ Ouest-France. \"\/><\/p>\n<p class=\"elmt-legende\"> Steffie Kerzulec et Elodie Lancar, deux des b\u00e9n\u00e9voles de l\u2019association Energie de Nantes. Un cycle de permanence d\u2019entretien est dress\u00e9 pour assurer le bon fonctionnement de la turbine. Ici : le nettoyage des grilles.   Elina Barbereau \/ Ouest-France. <\/p>\n<p>La crainte principale des citoyens est celle de la faillite. Mais Steffie Kerzulec se veut rassurante\u2026 Si c\u2019\u00e9tait le cas, il n\u2019y aurait aucune coupure. Enedis continuerait \u00e0 fournir de l\u2019\u00e9nergie et les contrats seraient repris par d\u2019autres fournisseurs. De plus, les assembl\u00e9es permettent r\u00e9guli\u00e8rement de faire le point sur la sant\u00e9 de l\u2019association, et de d\u00e9cider des orientations \u00e0 prendre.<\/p>\n<p>Association ressource<\/p>\n<p>La force motrice de la rivi\u00e8re, elle, ne s\u2019arr\u00eate jamais. \u00c9nergie de Nantes fourmille de projet. L\u2019un d\u2019entre eux consiste \u00e0 remplacer la turbine d\u2019Angreviers par une roue \u00e0 aube, plus performante. Et elle envisage de r\u00e9habiliter d\u2019autres moulins. La S\u00e8vre Nantaise en compte plus de 200. L\u2019association, qui souhaite rester locale, se positionne aussi comme ressource. L\u2019association a une agence, \u00e0 Nantes, o\u00f9 les citoyens sont accueillis et renseign\u00e9s. Afin que fleurissent partout des petites centrales hydrauliques, locales et citoyennes\u2026<\/p>\n<p>Selon la carte dite \u201cde Cassini\u201d, r\u00e9cemment mise en ligne sur le site de l\u2019IGN, on estime que pr\u00e8s de 80 000 moulins sont \u00e0 l\u2019abandon en France, note l\u2019association. Certes, beaucoup d\u2019entre eux sont en ruine, mais pas leurs seuils\u2026 L\u00e0, les b\u00e2timents pourraient \u00eatre reconstruits.<\/p>\n<p>Renseignements : 2, rue de Coulmiers, 44 000 Nantes. T\u00e9l\u00e9phone : 07 49 58 47 45. Visite du site d\u2019Angreviers au mois de juin. <a href=\"https:\/\/energie-de-nantes.fr\/decouvrir\/manifeste\/\" target=\"_self\" rel=\"noopener\">www.energie-de-nantes.fr<\/a><\/p>\n<p>&#8212;&#8212;&#8212;&#8212;&#8212;&#8212;&#8212;&#8212;&#8212;&#8212;&#8212;&#8212;&#8212;&#8212;&#8212;&#8212;&#8212;&#8212;&#8212;&#8212;&#8212;&#8212;&#8212;&#8212;&#8212;&#8212;&#8212;&#8212;&#8212;&#8212;&#8212;&#8212;&#8212;&#8212;&#8212;&#8212;&#8212;&#8212;&#8212;&#8212;<\/p>\n<p>Deux moulins, une turbine<\/p>\n<p>L\u2019existence de deux moulins \u00e0 c\u00e9r\u00e9ales est attest\u00e9e d\u00e8s 1544, \u00e0 Angreviers. En 1826, l\u2019architecte \u00c9tienne Blon lance la reconversion de l\u2019un d\u2019entre eux, pour en faire un grand b\u00e2timent destin\u00e9 \u00e0 une filature du lin et du coton. De 1892 \u00e0 1941, il devient une tannerie. Une roue en bois est d\u2019abord install\u00e9e, puis une turbine, en 1910, qui permet de produire de l\u2019\u00e9lectricit\u00e9 pour l\u2019usine.<\/p>\n<p>Pendant la Seconde Guerre mondiale, l\u2019usine devient le lieu de refuge de pr\u00e8s de 1 200 enfants de Nantes et Saint-Nazaire, menac\u00e9s par les bombardements. \u00c0 l\u2019issue du conflit, le b\u00e2timent devient un internat.<\/p>\n<p>La turbine est utilis\u00e9e jusque dans les ann\u00e9es 1975, quand le r\u00e9seau EDF est en panne. EN 2011, un priv\u00e9 rach\u00e8te les lieux pour y faire un lieu d\u2019accueil : <a href=\"https:\/\/www.lemoulinideal.fr\/fr\/les-gites-du-moulin-ideal\/gite-de-la-filature\" target=\"_self\" rel=\"noopener\">La Filature.<\/a> Il y d\u00e9couvre la turbine hydro\u00e9lectrique, relance la production d\u2019\u00e9lectricit\u00e9 en 2015, avant de passer la main en 2023 \u00e0 \u00c9nergie de Nantes.<\/p>\n<p>Quant au petit moulin, install\u00e9 sur la berge gauche, <a href=\"https:\/\/www.loire-atlantique.fr\/44\/nature-balades\/le-moulin-d-angreviers\/c_1394444\" target=\"_self\" rel=\"noopener\">il est lui propri\u00e9t\u00e9 du D\u00e9partement<\/a> depuis 2002. Et n\u2019a pas de turbine. Pour l\u2019instant\u2026<\/p>\n<p>\t<img decoding=\"async\" src=\"https:\/\/www.europesays.com\/fr\/wp-content\/uploads\/2025\/05\/P35260279D6831857G_px_640_.jpg\" alt=\"photo cet article est extrait de notre suppl\u00e9ment en qu\u00eate de demain, paru mercredi 28 mai avec le quotidien ouest-france.  \u00a9  sparknews \/ ouest-france.\" width=\"640\" title=\" Cet article est extrait de notre suppl\u00e9ment En Qu\u00eate de demain, paru mercredi 28 mai avec le quotidien Ouest-France.   Sparknews \/ Ouest-France. \"\/><\/p>\n<p class=\"elmt-legende\"> Cet article est extrait de notre suppl\u00e9ment En Qu\u00eate de demain, paru mercredi 28 mai avec le quotidien Ouest-France.   Sparknews \/ Ouest-France. <\/p>\n<p>\t<img decoding=\"async\" src=\"https:\/\/www.europesays.com\/fr\/wp-content\/uploads\/2025\/05\/P35260280D6831857G_px_640_.jpg\" alt=\"photo en qu\u00eate de demain est un projet \u00e9ditorial imagin\u00e9 avec sparknews et une cinquantaine de journaux de presse quotidienne r\u00e9gionale.  \u00a9  sparknews.\" width=\"640\" title=\" En Qu\u00eate de demain est un projet \u00e9ditorial imagin\u00e9 avec Sparknews et une cinquantaine de journaux de presse quotidienne r\u00e9gionale.   Sparknews. \"\/><\/p>\n<p class=\"elmt-legende\"> En Qu\u00eate de demain est un projet \u00e9ditorial imagin\u00e9 avec Sparknews et une cinquantaine de journaux de presse quotidienne r\u00e9gionale.   Sparknews. <\/p>\n<p>\u00a0<\/p>\n","protected":false},"excerpt":{"rendered":"Dans la commune de Gorges (Loire-Atlantique), le moulin qui borde la S\u00e8vre Nantaise est le lieu d\u2019une initiative&hellip;\n","protected":false},"author":2,"featured_media":141426,"comment_status":"","ping_status":"","sticky":false,"template":"","format":"standard","meta":{"footnotes":""},"categories":[2818],"tags":[1111,11,26919,26920,579,1777,674,1011,27,2047,26918,766,12,2636,25],"class_list":{"0":"post-141425","1":"post","2":"type-post","3":"status-publish","4":"format-standard","5":"has-post-thumbnail","7":"category-nantes","8":"tag-actu","9":"tag-actualites","10":"tag-angreviers","11":"tag-associative","12":"tag-electricite","13":"tag-eu","14":"tag-europe","15":"tag-fr","16":"tag-france","17":"tag-mans","18":"tag-moulin","19":"tag-nantes","20":"tag-news","21":"tag-pays-de-la-loire","22":"tag-republique-francaise"},"share_on_mastodon":{"url":"https:\/\/pubeurope.com\/@fr\/114601918970588429","error":""},"_links":{"self":[{"href":"https:\/\/www.europesays.com\/fr\/wp-json\/wp\/v2\/posts\/141425","targetHints":{"allow":["GET"]}}],"collection":[{"href":"https:\/\/www.europesays.com\/fr\/wp-json\/wp\/v2\/posts"}],"about":[{"href":"https:\/\/www.europesays.com\/fr\/wp-json\/wp\/v2\/types\/post"}],"author":[{"embeddable":true,"href":"https:\/\/www.europesays.com\/fr\/wp-json\/wp\/v2\/users\/2"}],"replies":[{"embeddable":true,"href":"https:\/\/www.europesays.com\/fr\/wp-json\/wp\/v2\/comments?post=141425"}],"version-history":[{"count":0,"href":"https:\/\/www.europesays.com\/fr\/wp-json\/wp\/v2\/posts\/141425\/revisions"}],"wp:featuredmedia":[{"embeddable":true,"href":"https:\/\/www.europesays.com\/fr\/wp-json\/wp\/v2\/media\/141426"}],"wp:attachment":[{"href":"https:\/\/www.europesays.com\/fr\/wp-json\/wp\/v2\/media?parent=141425"}],"wp:term":[{"taxonomy":"category","embeddable":true,"href":"https:\/\/www.europesays.com\/fr\/wp-json\/wp\/v2\/categories?post=141425"},{"taxonomy":"post_tag","embeddable":true,"href":"https:\/\/www.europesays.com\/fr\/wp-json\/wp\/v2\/tags?post=141425"}],"curies":[{"name":"wp","href":"https:\/\/api.w.org\/{rel}","templated":true}]}}