{"id":141427,"date":"2025-05-31T10:14:08","date_gmt":"2025-05-31T10:14:08","guid":{"rendered":"https:\/\/www.europesays.com\/fr\/141427\/"},"modified":"2025-05-31T10:14:08","modified_gmt":"2025-05-31T10:14:08","slug":"la-demi-finale-de-ligue-des-champions-diffusee-a-la-h-arena","status":"publish","type":"post","link":"https:\/\/www.europesays.com\/fr\/141427\/","title":{"rendered":"la demi-finale de Ligue des champions diffus\u00e9e \u00e0 la H Arena"},"content":{"rendered":"<p>            Par<br \/>\n        <strong><br \/>\n            <a href=\"https:\/\/actu.fr\/auteur\/thomas-bernard\" title=\"Consulter tous les articles de Thomas Bernard\" rel=\"nofollow noopener\" target=\"_blank\">Thomas Bernard<\/a><br \/>\n        <\/strong><\/p>\n<p>        Publi\u00e9 le<\/p>\n<p>            31 mai 2025 \u00e0 12h02        <\/p>\n<p>Pour la troisi\u00e8me fois de son histoire,<strong> le HBC Nantes<\/strong> va participer au <strong>Final four de la Ligue des champions de handball<\/strong>, organis\u00e9 \u00e0 Cologne (Allemagne). Les co\u00e9quipiers de Nicolas Tournat affronteront Berlin, <strong>ce samedi 14\u00a0juin \u00e0 15h<\/strong>.<\/p>\n<p class=\" wall-content\">Un peu <strong>plus de 600 supporters du H<\/strong> donneront de la voix Outre-Rhin pour encourager les Violets. \u00c0 l\u2019occasion de la demi-finale, Nantes M\u00e9tropole et le HBC Nantes organisent <strong>la diffusion de la demi-finale \u00e0 la H Arena du palais des sports de Beaulieu<\/strong>.<\/p>\n<p>Billetterie ouverte<\/p>\n<p class=\" wall-content\">L\u2019entr\u00e9e \u00e0 la H Arena sera <strong>gratuite<\/strong> ce samedi 14\u00a0juin. Les supporters devront toutefois se munir d\u2019un billet. <a href=\"https:\/\/billetterie.hbcnantes.com\/diffusion-final4-ligue-des-champions-sport-h-arena-palais-des-sports-de-beaulieu-nantes-du-14-au-15-juin-2025-css5-hbcnantes-pg101-ri11102171.html\" rel=\"nofollow noopener\" target=\"_blank\">La billetterie est d\u2019ores et d\u00e9j\u00e0 mise en ligne sur le site du club<\/a>.<\/p>\n<p class=\" wall-content\">Si les co\u00e9quipiers de Valero Rivera parviennent \u00e0 se qualifier en finale, la finale sera \u00e9galement retransmise dans la salle nantaise du H. Le billet du samedi sera \u00e9galement valable le dimanche en cas de finale.<\/p>\n<p>Informations pratiques\u2009:<br \/>\nLa billetterie est <a href=\"https:\/\/billetterie.hbcnantes.com\/diffusion-final4-ligue-des-champions-sport-h-arena-palais-des-sports-de-beaulieu-nantes-du-14-au-15-juin-2025-css5-hbcnantes-pg101-ri11102171.html\" rel=\"nofollow noopener\" target=\"_blank\">disponible sur le site du club<\/a>.<br \/>\nGratuit, mais un billet est obligatoire. Le billet sera valable pour les deux jours (samedi et dimanche).<br \/>\nL\u2019ouverture des portes s\u2019effectuera 1h avant le d\u00e9but du match et la fermeture 1h apr\u00e8s la fin du match soit 14h \u00e0 17h30 le samedi et 17h \u00e0 20h30 le dimanche (si le H se qualifie pour la finale).<br \/>\nEntr\u00e9e \u00e0 la H Arena par la rue Ren\u00e9 Viviani, sur pr\u00e9sentation du billet.<br \/>\nEn cas de qualification pour la finale du H et donc de retransmission du match dimanche, la billetterie sera accessible, dans la limite des billets disponibles.<\/p>\n<p class=\" wall-content\">Suivez toute l\u2019actualit\u00e9 de vos villes et m\u00e9dias favoris en vous inscrivant \u00e0 <a href=\"https:\/\/moncompte.actu.fr\" title=\"D\u00e9couvez Mon Actu\" rel=\"nofollow noopener\" data-trk=\"{&quot;cta&quot;:{&quot;action&quot;:&quot;https:\\\/\\\/moncompte.actu.fr&quot;,&quot;category&quot;:&quot;mon compte&quot;,&quot;from&quot;:&quot;article footer&quot;,&quot;name&quot;:&quot;Mon actu&quot;,&quot;type&quot;:&quot;cta&quot;}}\" target=\"_blank\">Mon Actu<\/a>.<\/p>\n","protected":false},"excerpt":{"rendered":"Par Thomas Bernard Publi\u00e9 le 31 mai 2025 \u00e0 12h02 Pour la troisi\u00e8me fois de son histoire, le&hellip;\n","protected":false},"author":2,"featured_media":141428,"comment_status":"","ping_status":"","sticky":false,"template":"","format":"standard","meta":{"footnotes":""},"categories":[2818],"tags":[1111,11,1777,674,1011,27,1792,766,12,2636,25,60],"class_list":{"0":"post-141427","1":"post","2":"type-post","3":"status-publish","4":"format-standard","5":"has-post-thumbnail","7":"category-nantes","8":"tag-actu","9":"tag-actualites","10":"tag-eu","11":"tag-europe","12":"tag-fr","13":"tag-france","14":"tag-handball","15":"tag-nantes","16":"tag-news","17":"tag-pays-de-la-loire","18":"tag-republique-francaise","19":"tag-sports"},"share_on_mastodon":{"url":"https:\/\/pubeurope.com\/@fr\/114601922658328186","error":""},"_links":{"self":[{"href":"https:\/\/www.europesays.com\/fr\/wp-json\/wp\/v2\/posts\/141427","targetHints":{"allow":["GET"]}}],"collection":[{"href":"https:\/\/www.europesays.com\/fr\/wp-json\/wp\/v2\/posts"}],"about":[{"href":"https:\/\/www.europesays.com\/fr\/wp-json\/wp\/v2\/types\/post"}],"author":[{"embeddable":true,"href":"https:\/\/www.europesays.com\/fr\/wp-json\/wp\/v2\/users\/2"}],"replies":[{"embeddable":true,"href":"https:\/\/www.europesays.com\/fr\/wp-json\/wp\/v2\/comments?post=141427"}],"version-history":[{"count":0,"href":"https:\/\/www.europesays.com\/fr\/wp-json\/wp\/v2\/posts\/141427\/revisions"}],"wp:featuredmedia":[{"embeddable":true,"href":"https:\/\/www.europesays.com\/fr\/wp-json\/wp\/v2\/media\/141428"}],"wp:attachment":[{"href":"https:\/\/www.europesays.com\/fr\/wp-json\/wp\/v2\/media?parent=141427"}],"wp:term":[{"taxonomy":"category","embeddable":true,"href":"https:\/\/www.europesays.com\/fr\/wp-json\/wp\/v2\/categories?post=141427"},{"taxonomy":"post_tag","embeddable":true,"href":"https:\/\/www.europesays.com\/fr\/wp-json\/wp\/v2\/tags?post=141427"}],"curies":[{"name":"wp","href":"https:\/\/api.w.org\/{rel}","templated":true}]}}