{"id":141433,"date":"2025-05-31T10:17:11","date_gmt":"2025-05-31T10:17:11","guid":{"rendered":"https:\/\/www.europesays.com\/fr\/141433\/"},"modified":"2025-05-31T10:17:11","modified_gmt":"2025-05-31T10:17:11","slug":"pres-de-toulouse-completement-metamorphosee-la-nouvelle-allure-de-cette-grande-halle-medievale-divise","status":"publish","type":"post","link":"https:\/\/www.europesays.com\/fr\/141433\/","title":{"rendered":"Pr\u00e8s de Toulouse. Compl\u00e8tement m\u00e9tamorphos\u00e9e, la nouvelle allure de cette grande halle m\u00e9di\u00e9vale divise"},"content":{"rendered":"<p>            Par<br \/>\n        <strong><br \/>\n            <a href=\"https:\/\/actu.fr\/auteur\/mareva-laville-actu-fr\" title=\"Consulter tous les articles de Mar\u00e9va Laville\" rel=\"nofollow noopener\" target=\"_blank\">Mar\u00e9va Laville<\/a><br \/>\n        <\/strong><\/p>\n<p>        Publi\u00e9 le<\/p>\n<p>            31 mai 2025 \u00e0 11h46        <\/p>\n<p><a href=\"https:\/\/actu.fr\/occitanie\/grenade_31232\" rel=\"nofollow noopener\" target=\"_blank\"><strong>Grenade<\/strong> <\/a>jouirait-elle de sa popularit\u00e9 qui monte en fl\u00e8che\u2009? Alors que, r\u00e9cemment, le site de r\u00e9servation de logements de vacances<a href=\"https:\/\/actu.fr\/occitanie\/grenade_31232\/improbable-cette-commune-proche-de-toulouse-fait-partie-des-petites-villes-les-plus-populaires-de-france_62521700.html\" rel=\"nofollow noopener\" target=\"_blank\"> Holidu classait Grenade dans le top\u00a020 des petites villes de France les plus populaires en 2025<\/a> (en confusion, s\u00fbrement, avec la ville espagnole, mais c\u2019est un d\u00e9tail), la commune situ\u00e9e au nord de <a href=\"http:\/\/www.actu.fr\/toulouse\" rel=\"nofollow noopener\" target=\"_blank\">Toulouse<\/a> sort le grand jeu. Ces derniers jours, sa halle m\u00e9di\u00e9vale s\u2019est m\u00e9tamorphos\u00e9e au gr\u00e9 d\u2019une nouvelle oeuvre artistique\u2026 qui fait jaser dans la commune. Les explications.<\/p>\n<p>    <a href=\"https:\/\/www.google.com\/maps\/embed?pb=!1m18!1m12!1m3!1d60743.74691875254!2d1.2377751301039788!3d43.77023626971785!2m3!1f0!2f0!3f0!3m2!1i1024!2i768!4f13.1!3m3!1m2!1s0x12aea9f0a7562e05%3A0xd245bc2fad147362!2s31330%20Grenade!5e1!3m2!1sfr!2sfr!4v1748610524043!5m2!1sfr!2sfr\" title=\"Ouvrie le lien\" rel=\"nofollow noopener\" target=\"_blank\">Cliquez ici pour visualiser le contenu<\/a><\/p>\n<p>La Halle de Grenade m\u00e9tamorphos\u00e9e<\/p>\n<p class=\" wall-content\">Sur le volet artistique, la halle de Grenade re\u00e7oit, jusqu\u2019au 1er septembre, l\u2019intervention d\u2019un plasticien local sur son plus beau tr\u00e9sor\u2009: <strong>la plus grande halle m\u00e9di\u00e9vale de France.<\/strong> Une premi\u00e8re. Pendant trois jours, du 26 et 28\u00a0mai, l\u2019artiste <strong>Williams Raynaud, <\/strong>qui habite juste en face de la halle, a fait de ce monument \u00ab\u2009sa cour de r\u00e9cr\u00e9ation\u2009\u00bb. Il a investi le site, point central de la commune, pour lui refaire une beaut\u00e9 estivale.<\/p>\n<blockquote class=\"ac-article-quote wall-content\">\n<p>On avait environ 35 minutes par poteau pour les recouvrir. J&rsquo;\u00e9tais accompagn\u00e9 des services municipaux. J&rsquo;avais besoin d&rsquo;aide parce qu&rsquo;il fallait monter \u00e0 5,5 m\u00e8tres de haut !<\/p>\n<p>    <strong>Williams Raynaud<\/strong><br \/>\n        plasticien de Grenade    <\/p><\/blockquote>\n<p>    <img   decoding=\"async\" loading=\"lazy\" src=\"https:\/\/www.europesays.com\/fr\/wp-content\/uploads\/2025\/05\/halle-grenade2-960x640.jpg\" alt=\"L'artiste de Grenade, Williams Raynaud, est intervenu pendant trois jours pour r\u00e9aliser son oeuvre.\" width=\"960\" height=\"640\"\/><br \/>\n    L\u2019artiste de Grenade, Williams Raynaud, est intervenu pendant trois jours pour r\u00e9aliser son \u0153uvre. (\u00a9 Williams Raynaud)<\/p>\n<p class=\" wall-content\">De quoi interpeller les habitants et touristes qui s\u2019y prom\u00e8neront \u00e0 l\u2019occasion du traditionnel <strong>march\u00e9 de Grenade<\/strong> du samedi matin, qui s\u2019\u00e9tait d\u2019ailleurs <a href=\"https:\/\/actu.fr\/occitanie\/grenade_31232\/pres-de-toulouse-dans-un-cadre-incroyable-ce-marche-est-en-lice-pour-etre-le-plus-beau-de-france_58694076.html\" rel=\"nofollow noopener\" target=\"_blank\">qualifi\u00e9 pour le plus beau march\u00e9 de France. <\/a>Car les quelque<strong> 36 piliers de la halle historique<\/strong> ne sont plus recouverts des briques de la r\u00e9gion, mais plut\u00f4t d\u2019un bleu vif. Ciel. Et de touches de couleurs \u00e0 la bombe, pour \u00ab\u2009cr\u00e9er des anamorphoses\u2009\u00bb, explique l\u2019artiste.<\/p>\n<p>Un empaquetage, fa\u00e7on Cristo et Jeanne-Claude<\/p>\n<p class=\" wall-content\">Pour ce projet nomm\u00e9<strong> \u00ab\u2009Empaquetage anamorphique\u2009\u00bb<\/strong>, Williams Raynaud s\u2019est inspir\u00e9 des plus grands. <strong>Cristo et Jeanne-Claude,<\/strong> les sp\u00e9cialistes de l\u2019empaquetage de monuments, et de <strong>Varini<\/strong> pour les anamorphoses.<\/p>\n<p class=\" wall-content\">\u00c0 leur mani\u00e8re, l\u2019artiste a choisi d\u2019intervenir sans \u00ab\u2009impact\u2009\u00bb sur la Halle m\u00e9di\u00e9vale. Pas de fixation ni de per\u00e7age. Les piliers sont orn\u00e9s du plastique recycl\u00e9 servant \u00e0 l\u2019emballage de colis. Pas de per\u00e7age, pas de fixation, donc. Compromis parfait pour apporter un peu d\u2019<strong>art contemporain<\/strong> au c\u0153ur de Grenade. Et qui dit art contemporain, dit souvent\u2009: avis partag\u00e9s.<\/p>\n<p>Une \u0153uvre qui interpelle d\u00e9j\u00e0 dans la commune<\/p>\n<p class=\" wall-content\">Sur les r\u00e9seaux sociaux, les commentaires vont d\u00e9j\u00e0 bon train. Presque, une <strong>pol\u00e9mique<\/strong> enflerait <strong>\u00e0 propos du plastique<\/strong> \u00ab\u2009qu\u2019on retrouve pourtant partout dans notre consommation\u2009\u00bb, r\u00e9pond Williams Raynaud, qui insiste sur le caract\u00e8re recyclable du mat\u00e9riau et souhaite surtout \u00ab\u2009porter un autre regard, artistique\u2009\u00bb. Et faire parler, aussi, de Grenade.<\/p>\n<p class=\" wall-content\">Une opinion partag\u00e9e par un internaute sur le groupe Facebook \u00ab\u2009Tu sais que tu es de Grenade sur Garonne quand\u2009\u00bb\u2009:<\/p>\n<blockquote class=\"ac-article-quote wall-content\">\n<p>On aime, on n&rsquo;aime pas, on s\u2019en fout, c\u2019est \u00e9ph\u00e9m\u00e8re et cela n\u2019ab\u00eeme rien. L\u2019avantage, c\u2019est que certaines personnes en France qui n\u2019ont jamais entendu le nom de notre village, qui ne savent m\u00eame pas l\u2019existence de la halle vont l\u00e0 d\u00e9couvrir. C&rsquo;est \u00e7a l\u2019int\u00e9r\u00eat !<\/p>\n<p>    <strong\/>\n            <\/p><\/blockquote>\n<p>    <img   decoding=\"async\" loading=\"lazy\" src=\"https:\/\/www.europesays.com\/fr\/wp-content\/uploads\/2025\/05\/halle-grenade-2-960x640.jpeg\" alt=\"Voici \u00e0 quoi ressemble d\u00e9sormais la halle de Grenade.\" width=\"960\" height=\"640\"\/><br \/>\n    Voici \u00e0 quoi ressemble d\u00e9sormais la halle de Grenade. (\u00a9Williams Raynaud)Les dessins de Plantu expos\u00e9s<\/p>\n<p class=\" wall-content\">Succ\u00e8s en ce sens. La curiosit\u00e9 des uns s\u2019\u00e9veille d\u00e9j\u00e0 depuis la fin de l\u2019installation. Qui plus est, le projet artistique de la Halle m\u00e9di\u00e9vale s\u2019ajoute \u00e0 une autre belle exposition \u00e0 Grenade\u2009: celle des <strong>dessins de Plantu.<\/strong><\/p>\n<p class=\" wall-content\">Les meilleurs croquis du dessinateur de presse engag\u00e9 sont \u00e0 d\u00e9couvrir jusqu\u2019au 31\u00a0ao\u00fbt un peu partout dans la commune. Dans les jardins de la Mairie, \u00e0 l\u2019Espace Chiomento, au sein de l\u2019\u00e9glise, autour de la Halle, dans la salle des f\u00eates et \u00e0 la librairie Grand Selve. Grenade a vraiment plus d\u2019un tour dans son sac\u2009!<\/p>\n<p>Projet artistique sur la Halle m\u00e9di\u00e9vale de Grenade<br \/>\u00c0 voir jusqu\u2019au 1er\u00a0septembre 2025<br \/>Exposition des dessins de Plantu, jusqu\u2019au 31\u00a0ao\u00fbt 2025<\/p>\n<p class=\" wall-content\">Suivez toute l\u2019actualit\u00e9 de vos villes et m\u00e9dias favoris en vous inscrivant \u00e0 <a href=\"https:\/\/moncompte.actu.fr\" title=\"D\u00e9couvez Mon Actu\" rel=\"nofollow noopener\" data-trk=\"{&quot;cta&quot;:{&quot;action&quot;:&quot;https:\\\/\\\/moncompte.actu.fr&quot;,&quot;category&quot;:&quot;mon compte&quot;,&quot;from&quot;:&quot;article footer&quot;,&quot;name&quot;:&quot;Mon actu&quot;,&quot;type&quot;:&quot;cta&quot;}}\" target=\"_blank\">Mon Actu<\/a>.<\/p>\n","protected":false},"excerpt":{"rendered":"Par Mar\u00e9va Laville Publi\u00e9 le 31 mai 2025 \u00e0 11h46 Grenade jouirait-elle de sa popularit\u00e9 qui monte en&hellip;\n","protected":false},"author":2,"featured_media":141434,"comment_status":"","ping_status":"","sticky":false,"template":"","format":"standard","meta":{"footnotes":""},"categories":[2816],"tags":[1111,11,1777,674,1011,27,1652,12,2680,25,2312,602],"class_list":{"0":"post-141433","1":"post","2":"type-post","3":"status-publish","4":"format-standard","5":"has-post-thumbnail","7":"category-toulouse","8":"tag-actu","9":"tag-actualites","10":"tag-eu","11":"tag-europe","12":"tag-fr","13":"tag-france","14":"tag-loisirs-culture","15":"tag-news","16":"tag-occitanie","17":"tag-republique-francaise","18":"tag-toulouse","19":"tag-tourisme"},"share_on_mastodon":{"url":"https:\/\/pubeurope.com\/@fr\/114601934580028534","error":""},"_links":{"self":[{"href":"https:\/\/www.europesays.com\/fr\/wp-json\/wp\/v2\/posts\/141433","targetHints":{"allow":["GET"]}}],"collection":[{"href":"https:\/\/www.europesays.com\/fr\/wp-json\/wp\/v2\/posts"}],"about":[{"href":"https:\/\/www.europesays.com\/fr\/wp-json\/wp\/v2\/types\/post"}],"author":[{"embeddable":true,"href":"https:\/\/www.europesays.com\/fr\/wp-json\/wp\/v2\/users\/2"}],"replies":[{"embeddable":true,"href":"https:\/\/www.europesays.com\/fr\/wp-json\/wp\/v2\/comments?post=141433"}],"version-history":[{"count":0,"href":"https:\/\/www.europesays.com\/fr\/wp-json\/wp\/v2\/posts\/141433\/revisions"}],"wp:featuredmedia":[{"embeddable":true,"href":"https:\/\/www.europesays.com\/fr\/wp-json\/wp\/v2\/media\/141434"}],"wp:attachment":[{"href":"https:\/\/www.europesays.com\/fr\/wp-json\/wp\/v2\/media?parent=141433"}],"wp:term":[{"taxonomy":"category","embeddable":true,"href":"https:\/\/www.europesays.com\/fr\/wp-json\/wp\/v2\/categories?post=141433"},{"taxonomy":"post_tag","embeddable":true,"href":"https:\/\/www.europesays.com\/fr\/wp-json\/wp\/v2\/tags?post=141433"}],"curies":[{"name":"wp","href":"https:\/\/api.w.org\/{rel}","templated":true}]}}