{"id":141439,"date":"2025-05-31T10:21:09","date_gmt":"2025-05-31T10:21:09","guid":{"rendered":"https:\/\/www.europesays.com\/fr\/141439\/"},"modified":"2025-05-31T10:21:09","modified_gmt":"2025-05-31T10:21:09","slug":"mylene-farmer-mythe-au-zenith-de-la-criee","status":"publish","type":"post","link":"https:\/\/www.europesays.com\/fr\/141439\/","title":{"rendered":"Myl\u00e8ne Farmer, mythe au z\u00e9nith de La Cri\u00e9e"},"content":{"rendered":"<p>Les plus grands tubes de Myl\u00e8ne Farmer, Libertine, Ainsi soit je, D\u00e9senchant\u00e9e, c\u2019est un peu, voire beaucoup, et m\u00eame passionn\u00e9ment, la bande originale de nos vies. Alors pour se pr\u00e9parer mentalement \u00e0 la soir\u00e9e La nuit Myl\u00e8ne. Tout est chaos\u00a0? \u00e0 La Cri\u00e9e \u00e0 Marseille jeudi 29\u00a0mai, il a fallu se replonger en amont dans quelques-uns de ses plus gros succ\u00e8s et relire sa biographie cons\u00e9quente.<\/p>\n<p>Comment oublier \u00e9galement les clips r\u00e9alis\u00e9s par son ancien compagnon et complice artistique, le r\u00e9alisateur Laurent Boutonnat\u00a0? On pense sans nul doute tout conna\u00eetre sur la chanteuse franco-canadienne. Et pourtant\u2026 L\u2019artiste de 63\u00a0ans, vocation chevill\u00e9e au corps, capacit\u00e9s techniques immenses et sens remarquable de l\u2019interpr\u00e9tation, \u00ab\u00a0ne donne quasiment jamais d\u2019interviews et se fait de plus en plus rare\u00a0\u00bb, rappelle-t-on en pr\u00e9ambule sur sc\u00e8ne. Entre ombre et lumi\u00e8re, celle qui aime cultiver \u00ab\u00a0une part de myst\u00e8re\u00a0\u00bb \u00e9tait \u00e0 l\u2019honneur dans le cadre du <a href=\"https:\/\/www.laprovence.com\/article\/culture-loisirs\/1371969143391814\/au-festival-oh-les-beaux-jours-des-mots-et-des-notes-bercent-le-public-au-conservatoire-de-marseille\" target=\"_blank\" rel=\"nofollow noopener\">festival Oh Les beaux jours\u00a0!.<\/a><\/p>\n<p>Carte blanche \u00e0 six intervenants<\/p>\n<p>Pour cette cr\u00e9ation originale et in\u00e9dite, une carte blanche \u00e9tait offerte \u00e0 cinq \u00e9crivains et \u00e0 un photographe. Que se cache-t-il derri\u00e8re la fascination pour l\u2019artiste\u00a0? C\u2019est la question en fil rouge qui est pos\u00e9e. Certains entretiennent avec la chanteuse un lien passionnel, charnel, d\u2019autres ont accept\u00e9 bien malgr\u00e9 eux, de se pencher sur le ph\u00e9nom\u00e8ne. L\u2019occasion en tout cas, de v\u00e9rifier si l\u2019ic\u00f4ne pop rassemble encore les foules.<\/p>\n","protected":false},"excerpt":{"rendered":"Les plus grands tubes de Myl\u00e8ne Farmer, Libertine, Ainsi soit je, D\u00e9senchant\u00e9e, c\u2019est un peu, voire beaucoup, et&hellip;\n","protected":false},"author":2,"featured_media":141440,"comment_status":"","ping_status":"","sticky":false,"template":"","format":"standard","meta":{"footnotes":""},"categories":[2814],"tags":[17,1111,11,7284,251,1777,674,13746,849,1011,27,7285,151,884,13745,19435,12,882,25],"class_list":{"0":"post-141439","1":"post","2":"type-post","3":"status-publish","4":"format-standard","5":"has-post-thumbnail","7":"category-marseille","8":"tag-17","9":"tag-actu","10":"tag-actualites","11":"tag-beaux","12":"tag-culture","13":"tag-eu","14":"tag-europe","15":"tag-farmer","16":"tag-festival","17":"tag-fr","18":"tag-france","19":"tag-jours","20":"tag-les","21":"tag-marseille","22":"tag-mylene","23":"tag-mythe","24":"tag-news","25":"tag-provence-alpes-cote-dazur","26":"tag-republique-francaise"},"share_on_mastodon":{"url":"https:\/\/pubeurope.com\/@fr\/114601950219778960","error":""},"_links":{"self":[{"href":"https:\/\/www.europesays.com\/fr\/wp-json\/wp\/v2\/posts\/141439","targetHints":{"allow":["GET"]}}],"collection":[{"href":"https:\/\/www.europesays.com\/fr\/wp-json\/wp\/v2\/posts"}],"about":[{"href":"https:\/\/www.europesays.com\/fr\/wp-json\/wp\/v2\/types\/post"}],"author":[{"embeddable":true,"href":"https:\/\/www.europesays.com\/fr\/wp-json\/wp\/v2\/users\/2"}],"replies":[{"embeddable":true,"href":"https:\/\/www.europesays.com\/fr\/wp-json\/wp\/v2\/comments?post=141439"}],"version-history":[{"count":0,"href":"https:\/\/www.europesays.com\/fr\/wp-json\/wp\/v2\/posts\/141439\/revisions"}],"wp:featuredmedia":[{"embeddable":true,"href":"https:\/\/www.europesays.com\/fr\/wp-json\/wp\/v2\/media\/141440"}],"wp:attachment":[{"href":"https:\/\/www.europesays.com\/fr\/wp-json\/wp\/v2\/media?parent=141439"}],"wp:term":[{"taxonomy":"category","embeddable":true,"href":"https:\/\/www.europesays.com\/fr\/wp-json\/wp\/v2\/categories?post=141439"},{"taxonomy":"post_tag","embeddable":true,"href":"https:\/\/www.europesays.com\/fr\/wp-json\/wp\/v2\/tags?post=141439"}],"curies":[{"name":"wp","href":"https:\/\/api.w.org\/{rel}","templated":true}]}}